{"id":10729,"date":"2024-02-16T19:16:08","date_gmt":"2024-02-16T19:16:08","guid":{"rendered":"https:\/\/www.radiolimari.cl\/?p=10729"},"modified":"2024-02-16T19:16:09","modified_gmt":"2024-02-16T19:16:09","slug":"vecinos-de-la-poblacion-media-hacienda-trabajan-por-la-seguridad-a-pocos-dias-de-la-remodelacion-de-la-plaza-del-sector","status":"publish","type":"post","link":"https:\/\/www.radiolimari.cl\/?p=10729","title":{"rendered":"Vecinos de la Poblaci\u00f3n Media Hacienda trabajan por la seguridad a pocos d\u00edas de la remodelaci\u00f3n de la plaza del sector"},"content":{"rendered":"\n<figure class=\"wp-block-image size-large\"><a href=\"https:\/\/www.radiolimari.cl\/wp-content\/uploads\/2024\/02\/IMG-20240207-WA0038.jpg\"><img fetchpriority=\"high\" decoding=\"async\" width=\"1024\" height=\"703\" src=\"https:\/\/www.radiolimari.cl\/wp-content\/uploads\/2024\/02\/IMG-20240207-WA0038-1024x703.jpg\" alt=\"\" class=\"wp-image-10730\" srcset=\"https:\/\/www.radiolimari.cl\/wp-content\/uploads\/2024\/02\/IMG-20240207-WA0038-1024x703.jpg 1024w, https:\/\/www.radiolimari.cl\/wp-content\/uploads\/2024\/02\/IMG-20240207-WA0038-300x206.jpg 300w, https:\/\/www.radiolimari.cl\/wp-content\/uploads\/2024\/02\/IMG-20240207-WA0038-768x527.jpg 768w, https:\/\/www.radiolimari.cl\/wp-content\/uploads\/2024\/02\/IMG-20240207-WA0038.jpg 1200w\" sizes=\"(max-width: 1024px) 100vw, 1024px\" \/><\/a><\/figure>\n\n\n\n<p><strong><em>El proyecto fue postulado por el municipio de Ovalle y es aprobado y financiado gracias al Plan Calles sin Violencia.<\/em><\/strong><\/p>\n\n\n\n<p>La poblaci\u00f3n Media Hacienda de Ovalle se ha convertido en un ejemplo de trabajo comunitario y colaborativo en pro de la seguridad y el mejoramiento de sus espacios p\u00fablicos. Desde el pasado 5 de febrero, los vecinos han iniciado un proceso participativo para elaborar el Plan de Trabajo \u00abHaciendo Camino al Andar\u00bb, enmarcado en la implementaci\u00f3n del Plan Calles Sin Violencia, que desarrolla la Ilustre Municipalidad de Ovalle y que es financiado por el Gobierno de Chile a trav\u00e9s de la Subsecretar\u00eda de Desarrollo Regional, SUBDERE.<\/p>\n\n\n\n<p>Este plan tiene como principal objetivo crear mecanismos y condiciones que favorezcan un ambiente seguro y una convivencia armoniosa para todos los habitantes, involucrando tanto a instituciones p\u00fablicas como privadas en el proceso de recuperar distintos espacios p\u00fablicos de la comuna.<\/p>\n\n\n\n<p>El alcalde de Ovalle se\u00f1al\u00f3 que \u201cnuestro municipio postul\u00f3 el proyecto \u00abMejoramiento Plaza Media Hacienda, comuna de Ovalle\u00bb, el cual est\u00e1 aprobado y financiado e inicia obras pr\u00f3ximamente. Mientras tanto, se est\u00e1n llevando a cabo diversas actividades de Participaci\u00f3n Ciudadana con la comunidad para desarrollar un Plan de Trabajo que permita ejecutar acciones con las diferentes instituciones p\u00fablicas y privadas, orientadas a mejorar la seguridad p\u00fablica y promover el desarrollo integral del territorio, atendiendo a las necesidades planteadas por los propios vecinos\u201d.<\/p>\n\n\n\n<p>El jefe comunal remarc\u00f3 que \u201cel primer taller participativo, que cont\u00f3 con la presencia de m\u00e1s de 30 vecinos, se logr\u00f3 fomentar y apoyar actividades de promoci\u00f3n social que respondan a iniciativas integrales de seguridad ciudadana, con el objetivo de prevenir y disminuir el delito, as\u00ed como la percepci\u00f3n de inseguridad en la poblaci\u00f3n\u201d<\/p>\n\n\n\n<p>Cabe se\u00f1alar que los vecinos acordaron elaborar un proyecto comunitario que ser\u00e1 postulado en el Fondo Semillero 2024 de la Fundaci\u00f3n Olivo, as\u00ed como desarrollar un taller de postulaci\u00f3n a proyectos productivos para emprendedores y emprendedoras, entre otras actividades como Plazas ciudadanas y actividades deportivas y recreativas.<\/p>\n\n\n\n<p>La Fundaci\u00f3n Olivo es una organizaci\u00f3n que trabaja en colaboraci\u00f3n con organizaciones de la sociedad civil para implementar proyectos que mejoren la calidad de vida de personas y comunidades. Busca acompa\u00f1ar y fortalecer a estas organizaciones, contribuyendo a su labor en \u00e1reas como Educaci\u00f3n, Cultura y Espacios P\u00fablicos.<\/p>\n\n\n\n<p>Para la gesti\u00f3n municipal, liderada por el Alcalde Jonathan Acu\u00f1as Rojas, el compromiso y objetivo &nbsp;se relaciona no solo con recuperar los espacios p\u00fablicos abandonados o deteriorados, sino tambi\u00e9n involucrar a toda la comunidad en su uso y cuidado, promoviendo la convivencia y la cohesi\u00f3n social.<\/p>\n","protected":false},"excerpt":{"rendered":"<p>El proyecto fue postulado por el municipio de Ovalle y es aprobado y financiado gracias al Plan Calles sin Violencia. La poblaci\u00f3n Media Hacienda de Ovalle se ha convertido en un ejemplo de trabajo comunitario y colaborativo en pro de la seguridad y el mejoramiento de sus espacios p\u00fablicos. Desde el pasado 5 de febrero, &#8230;<\/p>\n","protected":false},"author":2,"featured_media":10730,"comment_status":"open","ping_status":"open","sticky":false,"template":"","format":"standard","meta":{"footnotes":""},"categories":[5],"tags":[],"class_list":["post-10729","post","type-post","status-publish","format-standard","has-post-thumbnail","hentry","category-actualidad-limarina"],"_links":{"self":[{"href":"https:\/\/www.radiolimari.cl\/index.php?rest_route=\/wp\/v2\/posts\/10729","targetHints":{"allow":["GET"]}}],"collection":[{"href":"https:\/\/www.radiolimari.cl\/index.php?rest_route=\/wp\/v2\/posts"}],"about":[{"href":"https:\/\/www.radiolimari.cl\/index.php?rest_route=\/wp\/v2\/types\/post"}],"author":[{"embeddable":true,"href":"https:\/\/www.radiolimari.cl\/index.php?rest_route=\/wp\/v2\/users\/2"}],"replies":[{"embeddable":true,"href":"https:\/\/www.radiolimari.cl\/index.php?rest_route=%2Fwp%2Fv2%2Fcomments&post=10729"}],"version-history":[{"count":1,"href":"https:\/\/www.radiolimari.cl\/index.php?rest_route=\/wp\/v2\/posts\/10729\/revisions"}],"predecessor-version":[{"id":10731,"href":"https:\/\/www.radiolimari.cl\/index.php?rest_route=\/wp\/v2\/posts\/10729\/revisions\/10731"}],"wp:featuredmedia":[{"embeddable":true,"href":"https:\/\/www.radiolimari.cl\/index.php?rest_route=\/wp\/v2\/media\/10730"}],"wp:attachment":[{"href":"https:\/\/www.radiolimari.cl\/index.php?rest_route=%2Fwp%2Fv2%2Fmedia&parent=10729"}],"wp:term":[{"taxonomy":"category","embeddable":true,"href":"https:\/\/www.radiolimari.cl\/index.php?rest_route=%2Fwp%2Fv2%2Fcategories&post=10729"},{"taxonomy":"post_tag","embeddable":true,"href":"https:\/\/www.radiolimari.cl\/index.php?rest_route=%2Fwp%2Fv2%2Ftags&post=10729"}],"curies":[{"name":"wp","href":"https:\/\/api.w.org\/{rel}","templated":true}]}}