{"id":10726,"date":"2024-02-16T00:48:10","date_gmt":"2024-02-16T00:48:10","guid":{"rendered":"https:\/\/www.radiolimari.cl\/?p=10726"},"modified":"2024-02-16T00:48:11","modified_gmt":"2024-02-16T00:48:11","slug":"decepcion-e-indignacion-decision-de-la-anfa-provoca-la-molestia-de-hinchas-y-dirigentes-de-deportes-ovalle","status":"publish","type":"post","link":"https:\/\/www.radiolimari.cl\/?p=10726","title":{"rendered":"\u201cDecepci\u00f3n e indignaci\u00f3n\u201d: decisi\u00f3n de la ANFA provoca la molestia de hinchas y dirigentes de Deportes Ovalle."},"content":{"rendered":"\n<figure class=\"wp-block-image size-large\"><a href=\"https:\/\/www.radiolimari.cl\/wp-content\/uploads\/2024\/02\/CDO-1.jpg\"><img fetchpriority=\"high\" decoding=\"async\" width=\"1024\" height=\"927\" src=\"https:\/\/www.radiolimari.cl\/wp-content\/uploads\/2024\/02\/CDO-1-1024x927.jpg\" alt=\"\" class=\"wp-image-10727\" srcset=\"https:\/\/www.radiolimari.cl\/wp-content\/uploads\/2024\/02\/CDO-1-1024x927.jpg 1024w, https:\/\/www.radiolimari.cl\/wp-content\/uploads\/2024\/02\/CDO-1-300x272.jpg 300w, https:\/\/www.radiolimari.cl\/wp-content\/uploads\/2024\/02\/CDO-1-768x696.jpg 768w, https:\/\/www.radiolimari.cl\/wp-content\/uploads\/2024\/02\/CDO-1-1536x1391.jpg 1536w, https:\/\/www.radiolimari.cl\/wp-content\/uploads\/2024\/02\/CDO-1.jpg 1600w\" sizes=\"(max-width: 1024px) 100vw, 1024px\" \/><\/a><\/figure>\n\n\n\n<p><strong>El ente rector del f\u00fatbol amateur decidi\u00f3 no aceptar la postulaci\u00f3n del hist\u00f3rico club limarino a Tercera Divisi\u00f3n B, luego de siete a\u00f1os de inactividad. Jos\u00e9 Miguel N\u00fa\u00f1ez, presidente del CDO, adelant\u00f3 que apelar\u00e1n a la resoluci\u00f3n.<\/strong><\/p>\n\n\n\n<p>Un balde de agua fr\u00eda recibieron durante las \u00faltimas horas los fan\u00e1ticos de Club Deportes Ovalle, luego que desde la Asociaci\u00f3n Nacional de F\u00fatbol Amateur (ANFA) decidieran no permitir su participaci\u00f3n en el Torneo de Tercera Divisi\u00f3n B, al que la instituci\u00f3n postul\u00f3 hace algunas semanas en Santiago.<\/p>\n\n\n\n<p>\u201cVistos y analizados los antecedentes que acompa\u00f1an su postulaci\u00f3n, y los cupos disponibles en la zona, se resolvi\u00f3 NO aceptar la postulaci\u00f3n de vuestra instituci\u00f3n para participar de la competencia de Tercera Divisi\u00f3n B, para el presente a\u00f1o 2024&#8243;, se\u00f1ala la declaraci\u00f3n firmada por el presidente de ANFA, El\u00edas Vistoso, y por el secretario Jos\u00e9 Miguel Gonz\u00e1lez.<\/p>\n\n\n\n<p>Una vez oficializada la decisi\u00f3n, el presidente del club limarino, Jos\u00e9 Miguel N\u00fa\u00f1ez, se\u00f1al\u00f3 enf\u00e1tico: \u201cexiste un sentimiento de decepci\u00f3n e indignaci\u00f3n por no entender las razones por las cuales se deja afuera a una instituci\u00f3n con historia como es Deportes Ovalle, que ya ten\u00eda un derecho asignado por haber descendido del f\u00fatbol profesional (2016). Le pedimos disculpas a los hinchas, hemos hecho todo lo posible para tener una instituci\u00f3n s\u00f3lida, tanto deportiva como dirigencialmente. Ten\u00edamos todo organizado para participar sin sobresalto en la competencia\u201d. De todas maneras, desde la dirigencia avisaron que apelar\u00e1n y agotar\u00e1n todas las instancias ante este fallo.<\/p>\n\n\n\n<p>En las bases de postulaci\u00f3n al certamen se indica que \u201cen aquellas comunas que tengan menos de 500.000 habitantes solo se podr\u00e1 postular una (1) instituci\u00f3n (por comuna)\u201d, ante lo cual, y entendiendo que ya existe un representante de la comuna en Tercera Divisi\u00f3n B (Club Social y Deportivo Ovalle), el hist\u00f3rico CDO postul\u00f3 con local\u00eda en la comuna de R\u00edo hurtado. Meses atr\u00e1s la propia alcaldesa, Carmen Olivares, brind\u00f3 su apoyo al club mediante firma de un convenio de cooperaci\u00f3n entre ambas instituciones. Al respecto, la declaraci\u00f3n de la ANFA no entrega m\u00e1s detalles.<\/p>\n\n\n\n<p>La \u00faltima vez que Club Deportes Ovalle particip\u00f3 en una competencia oficial fue en 2016, en Segunda Divisi\u00f3n, cuando errores dirigenciales por parte de la Sociedad An\u00f3nima liderada por la familia Nasur lo condenaron al descenso por secretar\u00eda. De ah\u00ed a la fecha, el CDO ha sido mero espectador en el balompi\u00e9 criollo.<\/p>\n\n\n\n<p>Eduardo \u201cMocho\u201d G\u00f3mez, uno de los emblemas en la historia del deporte ovallino, sac\u00f3 la voz ante el fallo de la ANFA y coment\u00f3 que \u201cesperamos que se revoque la decisi\u00f3n de no participar en la Tercera Divisi\u00f3n. Esperamos que se cambie esta decisi\u00f3n, porque creemos que merecemos estar en tercera, y que se revise bien la situaci\u00f3n de Deportes Ovalle, un equipo con prestigio en el f\u00fatbol nacional\u201d.<\/p>\n\n\n\n<p>\u201cHay gente con mucha fuerza, que quiere recuperar a Deportes Ovalle para la ciudad. Han estado trabajando, haciendo bien las cosas, hay mucho entusiasmo y ganas. Hay una categor\u00eda Sub-18 que disput\u00f3 un t\u00edtulo y que tiene buenos jugadores con la ilusi\u00f3n de llegar al profesionalismo\u201d, a\u00f1adi\u00f3 el exseleccionado nacional.<\/p>\n\n\n\n<p>Durante el a\u00f1o pasado, la instituci\u00f3n ovallina desarroll\u00f3 una escuela de f\u00fatbol y un equipo de proyecci\u00f3n, compuesto por jugadores de la provincia, con la ilusi\u00f3n de este 2024 haber sido parte del tan anhelado regreso al f\u00fatbol competitivo. El remozado Estadio Diaguita le abri\u00f3 las puertas al joven equipo y la comunidad ha seguido expectante las novedades ante el posible regreso a la actividad.<\/p>\n\n\n\n<p>\u201cComo instituci\u00f3n tenemos historia de sobra y merecemos s\u00ed o s\u00ed estar este a\u00f1o en Tercera Divisi\u00f3n. Esperemos que se pueda apelar a esta situaci\u00f3n y en abril ojal\u00e1 tener jugando al club. Si bien se ve dif\u00edcil, creemos que todo se puede\u201d, enfatiza Maximiliano Ram\u00edrez, hincha de Deportes Ovalle y miembro de la barra \u201cLa Ultraverde\u201d.<\/p>\n\n\n\n<p>En sus 61 a\u00f1os de historia, Deportes Ovalle registra dos temporadas en Primera Divisi\u00f3n (1976 y 1977) y un \u00fanico t\u00edtulo: el de Tercera Divisi\u00f3n de 1993.<\/p>\n","protected":false},"excerpt":{"rendered":"<p>El ente rector del f\u00fatbol amateur decidi\u00f3 no aceptar la postulaci\u00f3n del hist\u00f3rico club limarino a Tercera Divisi\u00f3n B, luego de siete a\u00f1os de inactividad. Jos\u00e9 Miguel N\u00fa\u00f1ez, presidente del CDO, adelant\u00f3 que apelar\u00e1n a la resoluci\u00f3n. Un balde de agua fr\u00eda recibieron durante las \u00faltimas horas los fan\u00e1ticos de Club Deportes Ovalle, luego que &#8230;<\/p>\n","protected":false},"author":2,"featured_media":10727,"comment_status":"open","ping_status":"open","sticky":false,"template":"","format":"standard","meta":{"footnotes":""},"categories":[5],"tags":[],"class_list":["post-10726","post","type-post","status-publish","format-standard","has-post-thumbnail","hentry","category-actualidad-limarina"],"_links":{"self":[{"href":"https:\/\/www.radiolimari.cl\/index.php?rest_route=\/wp\/v2\/posts\/10726","targetHints":{"allow":["GET"]}}],"collection":[{"href":"https:\/\/www.radiolimari.cl\/index.php?rest_route=\/wp\/v2\/posts"}],"about":[{"href":"https:\/\/www.radiolimari.cl\/index.php?rest_route=\/wp\/v2\/types\/post"}],"author":[{"embeddable":true,"href":"https:\/\/www.radiolimari.cl\/index.php?rest_route=\/wp\/v2\/users\/2"}],"replies":[{"embeddable":true,"href":"https:\/\/www.radiolimari.cl\/index.php?rest_route=%2Fwp%2Fv2%2Fcomments&post=10726"}],"version-history":[{"count":1,"href":"https:\/\/www.radiolimari.cl\/index.php?rest_route=\/wp\/v2\/posts\/10726\/revisions"}],"predecessor-version":[{"id":10728,"href":"https:\/\/www.radiolimari.cl\/index.php?rest_route=\/wp\/v2\/posts\/10726\/revisions\/10728"}],"wp:featuredmedia":[{"embeddable":true,"href":"https:\/\/www.radiolimari.cl\/index.php?rest_route=\/wp\/v2\/media\/10727"}],"wp:attachment":[{"href":"https:\/\/www.radiolimari.cl\/index.php?rest_route=%2Fwp%2Fv2%2Fmedia&parent=10726"}],"wp:term":[{"taxonomy":"category","embeddable":true,"href":"https:\/\/www.radiolimari.cl\/index.php?rest_route=%2Fwp%2Fv2%2Fcategories&post=10726"},{"taxonomy":"post_tag","embeddable":true,"href":"https:\/\/www.radiolimari.cl\/index.php?rest_route=%2Fwp%2Fv2%2Ftags&post=10726"}],"curies":[{"name":"wp","href":"https:\/\/api.w.org\/{rel}","templated":true}]}}