{"id":10705,"date":"2024-02-13T21:38:27","date_gmt":"2024-02-13T21:38:27","guid":{"rendered":"https:\/\/www.radiolimari.cl\/?p=10705"},"modified":"2024-02-13T21:44:02","modified_gmt":"2024-02-13T21:44:02","slug":"la-exposicion-ceramica-diaguita-pasado-presente-y-futuro-ya-se-encuentra-disponible-para-ser-visitada-en-el-museo-del-limari-en-ovalle","status":"publish","type":"post","link":"https:\/\/www.radiolimari.cl\/?p=10705","title":{"rendered":"La exposici\u00f3n Cer\u00e1mica Diaguita: pasado, presente y futuro ya se encuentra disponible para ser visitada en el Museo del Limar\u00ed en Ovalle."},"content":{"rendered":"\n<figure class=\"wp-block-image size-large\"><a href=\"https:\/\/www.radiolimari.cl\/wp-content\/uploads\/2024\/02\/FB_IMG_1707859707555.jpg\"><img fetchpriority=\"high\" decoding=\"async\" width=\"1024\" height=\"768\" src=\"https:\/\/www.radiolimari.cl\/wp-content\/uploads\/2024\/02\/FB_IMG_1707859707555-1024x768.jpg\" alt=\"\" class=\"wp-image-10706\" srcset=\"https:\/\/www.radiolimari.cl\/wp-content\/uploads\/2024\/02\/FB_IMG_1707859707555-1024x768.jpg 1024w, https:\/\/www.radiolimari.cl\/wp-content\/uploads\/2024\/02\/FB_IMG_1707859707555-300x225.jpg 300w, https:\/\/www.radiolimari.cl\/wp-content\/uploads\/2024\/02\/FB_IMG_1707859707555-768x576.jpg 768w, https:\/\/www.radiolimari.cl\/wp-content\/uploads\/2024\/02\/FB_IMG_1707859707555.jpg 1080w\" sizes=\"(max-width: 1024px) 100vw, 1024px\" \/><\/a><\/figure>\n\n\n\n<p>La muestra re\u00fane 38 r\u00e9plicas de cer\u00e1micas con la mirada de los artesanos y educadores tradicionales, Walter Rivera y Luz Silva.<\/p>\n\n\n\n<figure class=\"wp-block-image size-large is-resized\"><a href=\"https:\/\/www.radiolimari.cl\/wp-content\/uploads\/2024\/02\/FB_IMG_1707859730690.jpg\"><img decoding=\"async\" width=\"1024\" height=\"1024\" src=\"https:\/\/www.radiolimari.cl\/wp-content\/uploads\/2024\/02\/FB_IMG_1707859730690-1024x1024.jpg\" alt=\"\" class=\"wp-image-10707\" style=\"width:377px;height:auto\" srcset=\"https:\/\/www.radiolimari.cl\/wp-content\/uploads\/2024\/02\/FB_IMG_1707859730690-1024x1024.jpg 1024w, https:\/\/www.radiolimari.cl\/wp-content\/uploads\/2024\/02\/FB_IMG_1707859730690-300x300.jpg 300w, https:\/\/www.radiolimari.cl\/wp-content\/uploads\/2024\/02\/FB_IMG_1707859730690-150x150.jpg 150w, https:\/\/www.radiolimari.cl\/wp-content\/uploads\/2024\/02\/FB_IMG_1707859730690-768x768.jpg 768w, https:\/\/www.radiolimari.cl\/wp-content\/uploads\/2024\/02\/FB_IMG_1707859730690-70x70.jpg 70w, https:\/\/www.radiolimari.cl\/wp-content\/uploads\/2024\/02\/FB_IMG_1707859730690.jpg 1080w\" sizes=\"(max-width: 1024px) 100vw, 1024px\" \/><\/a><\/figure>\n\n\n\n<p>Visitas de martes a viernes de 10 a 18 horas y s\u00e1bado y domingo de 10 a 14 horas. Acceso gratuito.<\/p>\n\n\n\n<figure class=\"wp-block-image size-large is-resized\"><a href=\"https:\/\/www.radiolimari.cl\/wp-content\/uploads\/2024\/02\/FB_IMG_1707859733884.jpg\"><img decoding=\"async\" width=\"1024\" height=\"1024\" src=\"https:\/\/www.radiolimari.cl\/wp-content\/uploads\/2024\/02\/FB_IMG_1707859733884-1024x1024.jpg\" alt=\"\" class=\"wp-image-10708\" style=\"width:368px;height:auto\" srcset=\"https:\/\/www.radiolimari.cl\/wp-content\/uploads\/2024\/02\/FB_IMG_1707859733884-1024x1024.jpg 1024w, https:\/\/www.radiolimari.cl\/wp-content\/uploads\/2024\/02\/FB_IMG_1707859733884-300x300.jpg 300w, https:\/\/www.radiolimari.cl\/wp-content\/uploads\/2024\/02\/FB_IMG_1707859733884-150x150.jpg 150w, https:\/\/www.radiolimari.cl\/wp-content\/uploads\/2024\/02\/FB_IMG_1707859733884-768x768.jpg 768w, https:\/\/www.radiolimari.cl\/wp-content\/uploads\/2024\/02\/FB_IMG_1707859733884-70x70.jpg 70w, https:\/\/www.radiolimari.cl\/wp-content\/uploads\/2024\/02\/FB_IMG_1707859733884.jpg 1080w\" sizes=\"(max-width: 1024px) 100vw, 1024px\" \/><\/a><\/figure>\n\n\n\n<p>La ceremonia inaugural realizada este lunes 12 de febrero, cont\u00f3 con la presencia de Enrique Gutierrez, director regional del Servicio Nacional del Patrimonio y Carmen Juana Olivares, alcaldesa de R\u00edo Hurtado, Marco Sandoval Ormaz\u00e1bal, Director del Museo del Limar\u00ed, entre otros invitados.<\/p>\n","protected":false},"excerpt":{"rendered":"<p>La muestra re\u00fane 38 r\u00e9plicas de cer\u00e1micas con la mirada de los artesanos y educadores tradicionales, Walter Rivera y Luz Silva. Visitas de martes a viernes de 10 a 18 horas y s\u00e1bado y domingo de 10 a 14 horas. Acceso gratuito. La ceremonia inaugural realizada este lunes 12 de febrero, cont\u00f3 con la presencia &#8230;<\/p>\n","protected":false},"author":2,"featured_media":10706,"comment_status":"open","ping_status":"open","sticky":false,"template":"","format":"standard","meta":{"footnotes":""},"categories":[5],"tags":[],"class_list":["post-10705","post","type-post","status-publish","format-standard","has-post-thumbnail","hentry","category-actualidad-limarina"],"_links":{"self":[{"href":"https:\/\/www.radiolimari.cl\/index.php?rest_route=\/wp\/v2\/posts\/10705","targetHints":{"allow":["GET"]}}],"collection":[{"href":"https:\/\/www.radiolimari.cl\/index.php?rest_route=\/wp\/v2\/posts"}],"about":[{"href":"https:\/\/www.radiolimari.cl\/index.php?rest_route=\/wp\/v2\/types\/post"}],"author":[{"embeddable":true,"href":"https:\/\/www.radiolimari.cl\/index.php?rest_route=\/wp\/v2\/users\/2"}],"replies":[{"embeddable":true,"href":"https:\/\/www.radiolimari.cl\/index.php?rest_route=%2Fwp%2Fv2%2Fcomments&post=10705"}],"version-history":[{"count":2,"href":"https:\/\/www.radiolimari.cl\/index.php?rest_route=\/wp\/v2\/posts\/10705\/revisions"}],"predecessor-version":[{"id":10710,"href":"https:\/\/www.radiolimari.cl\/index.php?rest_route=\/wp\/v2\/posts\/10705\/revisions\/10710"}],"wp:featuredmedia":[{"embeddable":true,"href":"https:\/\/www.radiolimari.cl\/index.php?rest_route=\/wp\/v2\/media\/10706"}],"wp:attachment":[{"href":"https:\/\/www.radiolimari.cl\/index.php?rest_route=%2Fwp%2Fv2%2Fmedia&parent=10705"}],"wp:term":[{"taxonomy":"category","embeddable":true,"href":"https:\/\/www.radiolimari.cl\/index.php?rest_route=%2Fwp%2Fv2%2Fcategories&post=10705"},{"taxonomy":"post_tag","embeddable":true,"href":"https:\/\/www.radiolimari.cl\/index.php?rest_route=%2Fwp%2Fv2%2Ftags&post=10705"}],"curies":[{"name":"wp","href":"https:\/\/api.w.org\/{rel}","templated":true}]}}