{"id":10699,"date":"2024-02-13T20:11:38","date_gmt":"2024-02-13T20:11:38","guid":{"rendered":"https:\/\/www.radiolimari.cl\/?p=10699"},"modified":"2024-02-13T20:11:39","modified_gmt":"2024-02-13T20:11:39","slug":"55-colegios-de-la-region-podran-desarrollar-proyectos-de-innovacion-con-protagonistas-del-cambio-2024","status":"publish","type":"post","link":"https:\/\/www.radiolimari.cl\/?p=10699","title":{"rendered":"55 colegios de la regi\u00f3n podr\u00e1n desarrollar proyectos de innovaci\u00f3n con \u00abProtagonistas del cambio 2024\u00bb"},"content":{"rendered":"\n<figure class=\"wp-block-image size-large\"><a href=\"https:\/\/www.radiolimari.cl\/wp-content\/uploads\/2024\/02\/4.-Foto-archivo-Feria-Estudiantes-Liceo-Tecnico-Profesional.jpg\"><img fetchpriority=\"high\" decoding=\"async\" width=\"1024\" height=\"768\" src=\"https:\/\/www.radiolimari.cl\/wp-content\/uploads\/2024\/02\/4.-Foto-archivo-Feria-Estudiantes-Liceo-Tecnico-Profesional-1024x768.jpg\" alt=\"\" class=\"wp-image-10700\" srcset=\"https:\/\/www.radiolimari.cl\/wp-content\/uploads\/2024\/02\/4.-Foto-archivo-Feria-Estudiantes-Liceo-Tecnico-Profesional-1024x768.jpg 1024w, https:\/\/www.radiolimari.cl\/wp-content\/uploads\/2024\/02\/4.-Foto-archivo-Feria-Estudiantes-Liceo-Tecnico-Profesional-300x225.jpg 300w, https:\/\/www.radiolimari.cl\/wp-content\/uploads\/2024\/02\/4.-Foto-archivo-Feria-Estudiantes-Liceo-Tecnico-Profesional-768x576.jpg 768w, https:\/\/www.radiolimari.cl\/wp-content\/uploads\/2024\/02\/4.-Foto-archivo-Feria-Estudiantes-Liceo-Tecnico-Profesional.jpg 1280w\" sizes=\"(max-width: 1024px) 100vw, 1024px\" \/><\/a><\/figure>\n\n\n\n<p><strong>La iniciativa promovida por el Centro de Innovaci\u00f3n y la Divisi\u00f3n de Educaci\u00f3n General (DEG) del Ministerio de Educaci\u00f3n busca fomentar la participaci\u00f3n activa de las y los estudiantes, y empoderarlos como agentes de cambio de los desaf\u00edos del entorno.\u00a0<\/strong><\/p>\n\n\n\n<p>Fortalecer la capacidad de desarrollar proyectos de innovaci\u00f3n en equipos pedag\u00f3gicos, a trav\u00e9s de formaci\u00f3n, acompa\u00f1amiento y entrega de equipamiento, potenciando el protagonismo de las y los estudiantes en sus experiencias de aprendizaje, con el fin de contribuir a la reactivaci\u00f3n educativa, es el objetivo de la convocatoria \u201cProtagonistas del Cambio: Formaci\u00f3n y Tecnolog\u00eda para la Reactivaci\u00f3n Educativa\u201ddel Centro de Innovaci\u00f3n y la Divisi\u00f3n de Educaci\u00f3n General (DEG) del Ministerio de Educaci\u00f3n.<\/p>\n\n\n\n<p>Son 55 los establecimientos educacionales p\u00fablicos, municipales, particulares subvencionados y de educaci\u00f3n para personas j\u00f3venes y adultas de la Regi\u00f3n de Coquimbo los seleccionados en la convocatoria \u201cProtagonistas del Cambio 2024\u201d. Del total son 45 los establecimientos que implementar\u00e1n \u201cFormaci\u00f3n, acompa\u00f1amiento y tecnolog\u00eda digital para la reactivaci\u00f3n de 5\u00b0 b\u00e1sico a 4\u00b0 medio\u201d y 10 \u201cFormaci\u00f3n, acompa\u00f1amiento y tecnolog\u00eda digital para la reactivaci\u00f3n en Establecimientos Educacionales de Personas J\u00f3venes y Adultas (EPJA).<\/p>\n\n\n\n<p>La subsecretaria de Educaci\u00f3n, Alejandra Arratia, se\u00f1al\u00f3 que \u00abpara enfrentar el impacto que provoc\u00f3 la pandemia en los aprendizajes y en el sistema educativo, debemos promover y fomentar la innovaci\u00f3n, porque la magnitud del desaf\u00edo nos interpela a buscar nuevas formas y estrategias para implementar la reactivaci\u00f3n educativa. Queremos que las y los estudiantes sean protagonistas de su propio aprendizaje y que esto les ayude a relacionarse de mejor manera con el mundo que les rodea. As\u00ed transformamos lo que estamos viviendo en una oportunidad para avanzar en una educaci\u00f3n m\u00e1s significativa y pertinente para todos y todas\u00bb, sostuvo la autoridad.<\/p>\n\n\n\n<p>El director del Centro de Innovaci\u00f3n del Mineduc, Mart\u00edn C\u00e1ceres, destac\u00f3 que \u00abse promueva el protagonismo de los y las estudiantes, ya que en este proceso se integran aprendizajes, se participa m\u00e1s all\u00e1 del aula, a trav\u00e9s de un trabajo en equipo con instancias que les van a servir para aprender a desenvolverse a lo largo de la vida\u00bb.<\/p>\n\n\n\n<p>El Jefe del Departamento de Educaci\u00f3n de la Secretar\u00eda Regional Ministerial de Educaci\u00f3n de Coquimbo, Rodrigo Caro Ma\u00f1ao manifest\u00f3 que \u201cestamos muy satisfechos con la postulaci\u00f3n a \u201dProtagonistas del Cambio: Formaci\u00f3n y Tecnolog\u00eda para la Reactivaci\u00f3n Educativa\u201d. Los 55 establecimientos educacionales de la Regi\u00f3n de Coquimbo seleccionados recibir\u00e1n kits tecnol\u00f3gicos para el desarrollo de proyectos de innovaci\u00f3n pedag\u00f3gica, adem\u00e1s de acciones formativas de acompa\u00f1amiento para cada escuela, con el objetivo de favorecer el uso pedag\u00f3gico de los recursos entregados, a trav\u00e9s de la metodolog\u00eda Aprendizaje Basado en Proyectos (ABP)\u201d, en el contexto del Plan de Reactivaci\u00f3n Educativa\u201d.<\/p>\n\n\n\n<p>En el sitio innovacion.mineduc.cl, se encuentra el listado de los recintos educativos que fueron seleccionados para participar en \u201cFormaci\u00f3n, acompa\u00f1amiento y tecnolog\u00eda digital para la reactivaci\u00f3n\u201d, con una n\u00f3mina a nivel nacional de 640 establecimientos de 5\u00b0 b\u00e1sico a 4\u00b0 medio, adem\u00e1s de 200 establecimientos de Educaci\u00f3n de Personas J\u00f3venes y Adultas (EPJA).<\/p>\n\n\n\n<p>El proyecto en 2023 incluy\u00f3 a nivel nacional a 429 establecimientos educativos. Este a\u00f1o 2024 la iniciativa se ampliar\u00e1 a casi al doble, llegando a 840 comunidades educacionales, con m\u00e1s de 2.800 participantes de equipos motores de establecimientos rurales y urbanos de todas las regiones del pa\u00eds.<\/p>\n\n\n\n<p>Se enfocar\u00e1 en fortalecer las capacidades para desarrollar proyectos de innovaci\u00f3n, a trav\u00e9s de la formaci\u00f3n, entregando equipamiento tecnol\u00f3gico para enriquecer las experiencias de aprendizaje de las y los estudiantes.<\/p>\n","protected":false},"excerpt":{"rendered":"<p>La iniciativa promovida por el Centro de Innovaci\u00f3n y la Divisi\u00f3n de Educaci\u00f3n General (DEG) del Ministerio de Educaci\u00f3n busca fomentar la participaci\u00f3n activa de las y los estudiantes, y empoderarlos como agentes de cambio de los desaf\u00edos del entorno.\u00a0 Fortalecer la capacidad de desarrollar proyectos de innovaci\u00f3n en equipos pedag\u00f3gicos, a trav\u00e9s de formaci\u00f3n, &#8230;<\/p>\n","protected":false},"author":2,"featured_media":10700,"comment_status":"open","ping_status":"open","sticky":false,"template":"","format":"standard","meta":{"footnotes":""},"categories":[3],"tags":[],"class_list":["post-10699","post","type-post","status-publish","format-standard","has-post-thumbnail","hentry","category-actualidad"],"_links":{"self":[{"href":"https:\/\/www.radiolimari.cl\/index.php?rest_route=\/wp\/v2\/posts\/10699","targetHints":{"allow":["GET"]}}],"collection":[{"href":"https:\/\/www.radiolimari.cl\/index.php?rest_route=\/wp\/v2\/posts"}],"about":[{"href":"https:\/\/www.radiolimari.cl\/index.php?rest_route=\/wp\/v2\/types\/post"}],"author":[{"embeddable":true,"href":"https:\/\/www.radiolimari.cl\/index.php?rest_route=\/wp\/v2\/users\/2"}],"replies":[{"embeddable":true,"href":"https:\/\/www.radiolimari.cl\/index.php?rest_route=%2Fwp%2Fv2%2Fcomments&post=10699"}],"version-history":[{"count":1,"href":"https:\/\/www.radiolimari.cl\/index.php?rest_route=\/wp\/v2\/posts\/10699\/revisions"}],"predecessor-version":[{"id":10701,"href":"https:\/\/www.radiolimari.cl\/index.php?rest_route=\/wp\/v2\/posts\/10699\/revisions\/10701"}],"wp:featuredmedia":[{"embeddable":true,"href":"https:\/\/www.radiolimari.cl\/index.php?rest_route=\/wp\/v2\/media\/10700"}],"wp:attachment":[{"href":"https:\/\/www.radiolimari.cl\/index.php?rest_route=%2Fwp%2Fv2%2Fmedia&parent=10699"}],"wp:term":[{"taxonomy":"category","embeddable":true,"href":"https:\/\/www.radiolimari.cl\/index.php?rest_route=%2Fwp%2Fv2%2Fcategories&post=10699"},{"taxonomy":"post_tag","embeddable":true,"href":"https:\/\/www.radiolimari.cl\/index.php?rest_route=%2Fwp%2Fv2%2Ftags&post=10699"}],"curies":[{"name":"wp","href":"https:\/\/api.w.org\/{rel}","templated":true}]}}