{"id":10696,"date":"2024-02-13T14:24:28","date_gmt":"2024-02-13T14:24:28","guid":{"rendered":"https:\/\/www.radiolimari.cl\/?p=10696"},"modified":"2024-02-13T14:24:28","modified_gmt":"2024-02-13T14:24:28","slug":"agricultor-de-ovalle-afectado-por-heladas-durante-el-2023-recibe-indemnizacion-para-su-reactivacion-productiva","status":"publish","type":"post","link":"https:\/\/www.radiolimari.cl\/?p=10696","title":{"rendered":"Agricultor de Ovalle afectado por heladas durante el 2023 recibe indemnizaci\u00f3n para su reactivaci\u00f3n productiva"},"content":{"rendered":"\n<figure class=\"wp-block-image size-large\"><a href=\"https:\/\/www.radiolimari.cl\/wp-content\/uploads\/2024\/02\/AGROSEGUROS-2.jpeg\"><img fetchpriority=\"high\" decoding=\"async\" width=\"1024\" height=\"683\" src=\"https:\/\/www.radiolimari.cl\/wp-content\/uploads\/2024\/02\/AGROSEGUROS-2-1024x683.jpeg\" alt=\"\" class=\"wp-image-10697\" srcset=\"https:\/\/www.radiolimari.cl\/wp-content\/uploads\/2024\/02\/AGROSEGUROS-2-1024x683.jpeg 1024w, https:\/\/www.radiolimari.cl\/wp-content\/uploads\/2024\/02\/AGROSEGUROS-2-300x200.jpeg 300w, https:\/\/www.radiolimari.cl\/wp-content\/uploads\/2024\/02\/AGROSEGUROS-2-768x512.jpeg 768w, https:\/\/www.radiolimari.cl\/wp-content\/uploads\/2024\/02\/AGROSEGUROS-2.jpeg 1200w\" sizes=\"(max-width: 1024px) 100vw, 1024px\" \/><\/a><\/figure>\n\n\n\n<p>La presencia de fen\u00f3menos adversos a consecuencia del Cambio Clim\u00e1tico han afectado el desarrollo de la actividad silvoagropecuaria. Es el caso del agricultor Orlando Mundaca, de la localidad La Torre, ubicada en la comuna de Ovalle, quien a ra\u00edz de las heladas matinales que se presentaron en la zona en el mes de junio del 2023, perdi\u00f3 su producci\u00f3n de 1 hect\u00e1rea de alcachofas argentinas.<\/p>\n\n\n\n<p>A ra\u00edz de esta situaci\u00f3n y gracias a que el productor ten\u00eda contratado un Seguro Agr\u00edcola con subsidio estatal, en la \u00faltima visita que realiz\u00f3 el Ministro de Agricultura, Esteban Valenzuela a la regi\u00f3n, recibi\u00f3 una indemnizaci\u00f3n superior a los $9 millones. Recursos que le permitir\u00e1n contar con un nuevo capital de trabajo para retomar su actividad productiva.<\/p>\n\n\n\n<p>\u201cEstamos muy contentos, porque avanzamos en una seguridad integral de Chile, Agroseguros y su trabajo coordinado con INDAP ha roto todos los r\u00e9cords el a\u00f1o 2023, con m\u00e1s de 18 mil agricultores asegurados en Chile. Don Orlando Mundaca gracias a este convenio entre ambas instituciones pago $250 mil y hoy acaba de recibir un cheque de indemnizaci\u00f3n por m\u00e1s de $9 millones. Con esto puede seguir adelante en su producci\u00f3n\u201d, se\u00f1al\u00f3 el Ministro de Agricultura, Esteban Valenzuela.<\/p>\n\n\n\n<p>El Seguro Agr\u00edcola es un instrumento que permite a los usuarios\/as contratar un seguro subsidiado por el Estado (AGROSEGURO-INDAP) para enfrentar el riesgo clim\u00e1tico a que est\u00e1n expuestos sus cultivos, traspasando dicho riesgo a una compa\u00f1\u00eda de seguro.<\/p>\n\n\n\n<p>De esta manera, la compa\u00f1\u00eda de seguros ante un cultivo asegurado y da\u00f1ado por riesgo cubierto paga una indemnizaci\u00f3n, que permite recuperar parte de los costos de producci\u00f3n incurridos y de esa forma se pueden enfrentar los compromisos financieros, continuando con la actividad productiva.<\/p>\n\n\n\n<p>\u201cAgradecido de recibir este aporte, me permite seguir adelante con mi actividad porque ahora estamos en una etapa de limpieza del cultivo y de otras labores que necesitan de la contrataci\u00f3n de mano de obra. Dar las gracias a las autoridades que han venido a dejarme este cheque\u201d, coment\u00f3 el agricultor, Orlando Mundaca.<\/p>\n\n\n\n<p>Por su parte la Delegada Presidencial Provincial de Limar\u00ed, Marily Escobar, destac\u00f3 que \u201ces importante que, como gobierno, estemos en una constante colaboraci\u00f3n ante temas tan urgentes como la crisis h\u00eddrica y el cambio clim\u00e1tico. Es por ello que es esencial para los productores locales tener este tipo de apoyo, como la entrega del cheque dentro del marco de Agroseguros. De la misma manera, nos alegra que se tome esta responsabilidad de subsanar una situaci\u00f3n tan grave como la sequ\u00eda y los da\u00f1os que se provocan\u201d, destac\u00f3<\/p>\n","protected":false},"excerpt":{"rendered":"<p>La presencia de fen\u00f3menos adversos a consecuencia del Cambio Clim\u00e1tico han afectado el desarrollo de la actividad silvoagropecuaria. Es el caso del agricultor Orlando Mundaca, de la localidad La Torre, ubicada en la comuna de Ovalle, quien a ra\u00edz de las heladas matinales que se presentaron en la zona en el mes de junio del &#8230;<\/p>\n","protected":false},"author":2,"featured_media":10697,"comment_status":"open","ping_status":"open","sticky":false,"template":"","format":"standard","meta":{"footnotes":""},"categories":[5],"tags":[],"class_list":["post-10696","post","type-post","status-publish","format-standard","has-post-thumbnail","hentry","category-actualidad-limarina"],"_links":{"self":[{"href":"https:\/\/www.radiolimari.cl\/index.php?rest_route=\/wp\/v2\/posts\/10696","targetHints":{"allow":["GET"]}}],"collection":[{"href":"https:\/\/www.radiolimari.cl\/index.php?rest_route=\/wp\/v2\/posts"}],"about":[{"href":"https:\/\/www.radiolimari.cl\/index.php?rest_route=\/wp\/v2\/types\/post"}],"author":[{"embeddable":true,"href":"https:\/\/www.radiolimari.cl\/index.php?rest_route=\/wp\/v2\/users\/2"}],"replies":[{"embeddable":true,"href":"https:\/\/www.radiolimari.cl\/index.php?rest_route=%2Fwp%2Fv2%2Fcomments&post=10696"}],"version-history":[{"count":1,"href":"https:\/\/www.radiolimari.cl\/index.php?rest_route=\/wp\/v2\/posts\/10696\/revisions"}],"predecessor-version":[{"id":10698,"href":"https:\/\/www.radiolimari.cl\/index.php?rest_route=\/wp\/v2\/posts\/10696\/revisions\/10698"}],"wp:featuredmedia":[{"embeddable":true,"href":"https:\/\/www.radiolimari.cl\/index.php?rest_route=\/wp\/v2\/media\/10697"}],"wp:attachment":[{"href":"https:\/\/www.radiolimari.cl\/index.php?rest_route=%2Fwp%2Fv2%2Fmedia&parent=10696"}],"wp:term":[{"taxonomy":"category","embeddable":true,"href":"https:\/\/www.radiolimari.cl\/index.php?rest_route=%2Fwp%2Fv2%2Fcategories&post=10696"},{"taxonomy":"post_tag","embeddable":true,"href":"https:\/\/www.radiolimari.cl\/index.php?rest_route=%2Fwp%2Fv2%2Ftags&post=10696"}],"curies":[{"name":"wp","href":"https:\/\/api.w.org\/{rel}","templated":true}]}}