{"id":10687,"date":"2024-02-13T13:57:05","date_gmt":"2024-02-13T13:57:05","guid":{"rendered":"https:\/\/www.radiolimari.cl\/?p=10687"},"modified":"2024-02-13T13:57:05","modified_gmt":"2024-02-13T13:57:05","slug":"importante-este-miercoles-14-de-febrero-vence-el-plazo-para-regularizar-motocicletas-sin-patente-ni-certificado-de-homologacion","status":"publish","type":"post","link":"https:\/\/www.radiolimari.cl\/?p=10687","title":{"rendered":"IMPORTANTE: Este mi\u00e9rcoles 14 de febrero vence el plazo para regularizar motocicletas sin patente ni certificado de homologaci\u00f3n."},"content":{"rendered":"\n<figure class=\"wp-block-image size-large\"><a href=\"https:\/\/www.radiolimari.cl\/wp-content\/uploads\/2024\/02\/Fotos-motocicletas-2.jpg\"><img fetchpriority=\"high\" decoding=\"async\" width=\"1024\" height=\"768\" src=\"https:\/\/www.radiolimari.cl\/wp-content\/uploads\/2024\/02\/Fotos-motocicletas-2-1024x768.jpg\" alt=\"\" class=\"wp-image-10688\" srcset=\"https:\/\/www.radiolimari.cl\/wp-content\/uploads\/2024\/02\/Fotos-motocicletas-2-1024x768.jpg 1024w, https:\/\/www.radiolimari.cl\/wp-content\/uploads\/2024\/02\/Fotos-motocicletas-2-300x225.jpg 300w, https:\/\/www.radiolimari.cl\/wp-content\/uploads\/2024\/02\/Fotos-motocicletas-2-768x576.jpg 768w, https:\/\/www.radiolimari.cl\/wp-content\/uploads\/2024\/02\/Fotos-motocicletas-2-1536x1152.jpg 1536w, https:\/\/www.radiolimari.cl\/wp-content\/uploads\/2024\/02\/Fotos-motocicletas-2.jpg 2048w\" sizes=\"(max-width: 1024px) 100vw, 1024px\" \/><\/a><\/figure>\n\n\n\n<p><strong><em>Estos veh\u00edculos motorizados de dos, tres o cuatro ruedas que no cumplan con lo establecido en el art\u00edculo segundo transitorio de la Ley N\u00b0 21.539 (Ley Patente Cero), se exponen a sanciones y al retiro de circulaci\u00f3n por parte de la autoridad.<\/em><\/strong><\/p>\n\n\n\n<p>Desde que entr\u00f3 en vigencia la Ley 21.539, conocida como \u201cPatente Cero\u201d, el 13 de febrero de 2023, tambi\u00e9n comenz\u00f3 a regir el plazo de 12 meses para que las y los conductores de motos obtuvieran la documentaci\u00f3n requerida para circular de manera regular por las calles del pa\u00eds.<\/p>\n\n\n\n<p>La nueva normativa, que modific\u00f3 la Ley N\u00b018.290, de Tr\u00e1nsito, exige a las y los usuarios que las motocicletas deben ser inscritas en el Registro de Veh\u00edculos Motorizados del Servicio de Registro Civil e Identificaci\u00f3n, para obtener su respectiva placa patente \u00fanica y el certificado de revisi\u00f3n t\u00e9cnica. Por tanto, desde el pr\u00f3ximo mi\u00e9rcoles 14 de febrero de 2024, toda motocicleta de dos, tres o cuatro ruedas, definida en la letra a) del art\u00edculo 2\u00b0, del Decreto Supremo N\u00b0 104, del 2000, del Ministerio de Transportes y Telecomunicaciones, que no cuente la documentaci\u00f3n referida, arriesga sanciones y el retiro de circulaci\u00f3n del veh\u00edculo.<\/p>\n\n\n\n<p>\u201cLa ley dio un plazo especial de un a\u00f1o para realizar el tr\u00e1mite, y desde el 14 de febrero las instituciones fiscalizadoras tendr\u00e1n la facultad de retirar motocicletas con revisi\u00f3n t\u00e9cnica vencida o sin su homologaci\u00f3n correspondiente. En este periodo, en todo el pa\u00eds, se han reforzado los controles con la detecci\u00f3n de motocicletas no regularizadas a trav\u00e9s del Plan Calles Protegidas del MTT, inspectores de fiscalizaci\u00f3n, de municipalidades, en conjunto con personal de Carabineros, realizan operativos en terreno para sancionar y retirar los veh\u00edculos que no cuentan con su documentaci\u00f3n al d\u00eda, en caso que corresponda, lo que tiene por objetivo aumentar la seguridad vial a trav\u00e9s de la prevenci\u00f3n de siniestros, pero tambi\u00e9n la detecci\u00f3n de alg\u00fan tipo de delito\u201d, se\u00f1al\u00f3 la seremi de Transportes y Telecomunicaciones, Alejandra Maureira.<\/p>\n\n\n\n<p>Se recuerda a las y los conductores que el plazo para efectuar los tr\u00e1mites que exige la Ley \u201cPatente Cero\u201d vence el <strong>13 de febrero de 2024 <\/strong>(las sanciones se aplican desde el d\u00eda 14 de febrero de 2024). Por tanto, si a\u00fan no han regularizado la situaci\u00f3n de su motocicleta, deben dirigirse al Servicio de Registro Civil e Identificaci\u00f3n para inscribir su veh\u00edculo motorizado y as\u00ed obtener la patente provisoria. El siguiente paso es dirigirse a la respectiva Secretar\u00eda Regional Ministerial de Transportes y Telecomunicaciones para que le asignen una Planta de Revisi\u00f3n T\u00e9cnica donde realizar la inspecci\u00f3n. Adicionalmente, deben obtener el permiso de circulaci\u00f3n en la municipalidad correspondiente, esto \u00faltimo seg\u00fan lo establecido por la Ley de Tr\u00e1nsito.<\/p>\n","protected":false},"excerpt":{"rendered":"<p>Estos veh\u00edculos motorizados de dos, tres o cuatro ruedas que no cumplan con lo establecido en el art\u00edculo segundo transitorio de la Ley N\u00b0 21.539 (Ley Patente Cero), se exponen a sanciones y al retiro de circulaci\u00f3n por parte de la autoridad. Desde que entr\u00f3 en vigencia la Ley 21.539, conocida como \u201cPatente Cero\u201d, el &#8230;<\/p>\n","protected":false},"author":2,"featured_media":10688,"comment_status":"open","ping_status":"open","sticky":false,"template":"","format":"standard","meta":{"footnotes":""},"categories":[3],"tags":[],"class_list":["post-10687","post","type-post","status-publish","format-standard","has-post-thumbnail","hentry","category-actualidad"],"_links":{"self":[{"href":"https:\/\/www.radiolimari.cl\/index.php?rest_route=\/wp\/v2\/posts\/10687","targetHints":{"allow":["GET"]}}],"collection":[{"href":"https:\/\/www.radiolimari.cl\/index.php?rest_route=\/wp\/v2\/posts"}],"about":[{"href":"https:\/\/www.radiolimari.cl\/index.php?rest_route=\/wp\/v2\/types\/post"}],"author":[{"embeddable":true,"href":"https:\/\/www.radiolimari.cl\/index.php?rest_route=\/wp\/v2\/users\/2"}],"replies":[{"embeddable":true,"href":"https:\/\/www.radiolimari.cl\/index.php?rest_route=%2Fwp%2Fv2%2Fcomments&post=10687"}],"version-history":[{"count":1,"href":"https:\/\/www.radiolimari.cl\/index.php?rest_route=\/wp\/v2\/posts\/10687\/revisions"}],"predecessor-version":[{"id":10689,"href":"https:\/\/www.radiolimari.cl\/index.php?rest_route=\/wp\/v2\/posts\/10687\/revisions\/10689"}],"wp:featuredmedia":[{"embeddable":true,"href":"https:\/\/www.radiolimari.cl\/index.php?rest_route=\/wp\/v2\/media\/10688"}],"wp:attachment":[{"href":"https:\/\/www.radiolimari.cl\/index.php?rest_route=%2Fwp%2Fv2%2Fmedia&parent=10687"}],"wp:term":[{"taxonomy":"category","embeddable":true,"href":"https:\/\/www.radiolimari.cl\/index.php?rest_route=%2Fwp%2Fv2%2Fcategories&post=10687"},{"taxonomy":"post_tag","embeddable":true,"href":"https:\/\/www.radiolimari.cl\/index.php?rest_route=%2Fwp%2Fv2%2Ftags&post=10687"}],"curies":[{"name":"wp","href":"https:\/\/api.w.org\/{rel}","templated":true}]}}