{"id":10684,"date":"2024-02-12T22:04:01","date_gmt":"2024-02-12T22:04:01","guid":{"rendered":"https:\/\/www.radiolimari.cl\/?p=10684"},"modified":"2024-02-12T22:04:02","modified_gmt":"2024-02-12T22:04:02","slug":"evaluan-desarrollo-de-incendios-en-la-provincia-de-limari-tras-desastres-nacionales","status":"publish","type":"post","link":"https:\/\/www.radiolimari.cl\/?p=10684","title":{"rendered":"Eval\u00faan desarrollo de incendios en la provincia de Limar\u00ed tras desastres nacionales"},"content":{"rendered":"\n<figure class=\"wp-block-image size-full is-resized\"><a href=\"https:\/\/www.radiolimari.cl\/wp-content\/uploads\/2024\/02\/CONAF-1.jpg\"><img fetchpriority=\"high\" decoding=\"async\" width=\"600\" height=\"480\" src=\"https:\/\/www.radiolimari.cl\/wp-content\/uploads\/2024\/02\/CONAF-1.jpg\" alt=\"\" class=\"wp-image-10685\" style=\"width:439px;height:auto\" srcset=\"https:\/\/www.radiolimari.cl\/wp-content\/uploads\/2024\/02\/CONAF-1.jpg 600w, https:\/\/www.radiolimari.cl\/wp-content\/uploads\/2024\/02\/CONAF-1-300x240.jpg 300w\" sizes=\"(max-width: 600px) 100vw, 600px\" \/><\/a><\/figure>\n\n\n\n<p>Dada la situaci\u00f3n de regiones como Valpara\u00edso, se calcula un incremento de incendios forestales en la provincia del Limar\u00ed con una disminuci\u00f3n de las hect\u00e1reas afectadas.<\/p>\n\n\n\n<p>La provincia de Limar\u00ed, desde julio de 2023 hasta febrero de 2024 calcula 28 incendios y en comparaci\u00f3n al per\u00edodo 2022-2023 se tiene un aumento del 100%. Sin embargo, en cuanto a superficie afectada, se estiman 46,34 hect\u00e1reas distribuidas, que en comparaci\u00f3n con el per\u00edodo 2022-2023 (misma fecha) se tiene una disminuci\u00f3n del 60%.<\/p>\n\n\n\n<p>La Corporaci\u00f3n Nacional Forestal cuenta con un total de 4 brigadas terrestres en la zona, contando con camiones aljibe. En cuanto al recurso a\u00e9reo, en la Regi\u00f3n de Coquimbo se cuenta con una aeronave del tipo liviano apostado en el aer\u00f3dromo Tuqui, Ovalle.<\/p>\n\n\n\n<p>Al respecto, el Jefe Provincial de CONAF, Ernesto Flores Gonz\u00e1lez, explic\u00f3 el procedimiento de la instituci\u00f3n ante cualquier emergencia de este tipo:<\/p>\n\n\n\n<p>\u201cCuando se recibe informaci\u00f3n de un incendio forestal se realiza el despacho inmediato de los recursos disponibles en el momento, adem\u00e1s dependiendo del lugar donde ocurra, se procede a alertar recursos de otras provincias, ante la eventualidad de requerir de ellos. Lo habitual es que en el trabajo de control y liquidaci\u00f3n del incendio se trabaje de manera mancomunada con bomberos, adem\u00e1s del apoyo de municipal y, en algunas ocasiones, de privados, principalmente maquinaria para la construcci\u00f3n de cortafuegos\u201d, expuso.<\/p>\n\n\n\n<p>Posterior a la extinci\u00f3n del incendio, CONAF env\u00eda la Unidad de An\u00e1lisis y Diagn\u00f3stico (UAD) para determinar la causa el incendio, esto permite orientar las tareas de prevenci\u00f3n. El trabajo de extinci\u00f3n de incendios forestales es un esfuerzo colaborativo, donde participa el organismo especializado (CONAF), Bomberos de Chile, las entidades p\u00fablicas y en muchos casos entes privados. En el esfuerzo de prevenci\u00f3n se unen, adem\u00e1s, todo el aparato p\u00fablico, los gobiernos locales y la ciudadan\u00eda.<\/p>\n\n\n\n<p>\u201cPor otra parte, a trav\u00e9s del convenio entre los Ministerios de la Defensa Nacional y Agricultura, existen las Brigadas de Incendios Forestales del Ej\u00e9rcito (BRIFE), estas son un refuerzo para el combate de incendios forestales que act\u00faa reforzando cortafuegos, resguardando l\u00edneas de control, haciendo vigilancia entre otras actividades asociadas a incendios de magnitud. La participaci\u00f3n de SENAPRED es importante en la coordinaci\u00f3n de la emergencia, quien es el organismo aglutinador de los distintos recursos que puedan ser necesarios para la emergencia\u201d agreg\u00f3 Flores.<\/p>\n\n\n\n<p>En la misma l\u00ednea, la delegada presidencial Provincial de Limar\u00ed, Marily Escobar Oviedo, destac\u00f3 la labor de las entidades y enfatiz\u00f3 su colaboraci\u00f3n: \u201cDentro de este contexto delicado, la provincia ha tenido un aumento de incendios forestales en el \u00faltimo per\u00edodo, lo que nos lleva a trabajar en convenio con servicios como Conaf para prevenir y actuar r\u00e1pidamente ante cualquier cat\u00e1strofe. En la misma l\u00ednea, desde la Delegaci\u00f3n Presidencial Provincial de Limar\u00ed hemos realizado una campa\u00f1a de concientizaci\u00f3n con una salida de Gobierno en Terreno para entregar informaci\u00f3n al respecto. Asimismo, se proyectan despliegues a mediano plazo a La Chimba y Santa Catalina por ser puntos de posibles siniestros\u201d.<\/p>\n\n\n\n<p>Asimismo, el seremi de Agricultura, Christian \u00c1lvarez Alarc\u00f3n, se refiri\u00f3 a esta importante gesti\u00f3n, \u201cse debe destacar el trabajo de coordinaci\u00f3n que se ha realizado en nuestra regi\u00f3n con el objetivo de prevenir la ocurrencia de incendios forestales y mitigar su impacto. El presupuesto hist\u00f3rico que design\u00f3 el gobierno de nuestro presidente Gabriel Boric en la actual temporada, ha permitido contar con un mayor recurso humano destinado a la prevenci\u00f3n y combate de incendios, adem\u00e1s de una aeronave para tener una mayor capacidad de respuesta. No debemos olvidar tal como lo ha se\u00f1alado nuestro ministro, la prevenci\u00f3n de este tipo de siniestro no es s\u00f3lo responsabilidad de CONAF, Bomberos y SENAPRED entre otras&nbsp; instituciones, porque la comunidad y las personas que visitan nuestra regi\u00f3n tambi\u00e9n juegan un rol muy importante a la hora de evitar este tipo de incendios\u201d.<\/p>\n\n\n\n<p>Finalmente, es importante recordar que el 99,7% de los incendios en Chile son a causa del ser humano, ya sea por negligencia o intencionalidad. Es por esto que el llamado a la ciudadan\u00eda es a tomar las precauciones adecuadas, entendiendo que las condiciones clim\u00e1ticas y territoriales son complejas, y que frente al m\u00ednimo descuido podemos lamentar grandes cat\u00e1strofes.<\/p>\n","protected":false},"excerpt":{"rendered":"<p>Dada la situaci\u00f3n de regiones como Valpara\u00edso, se calcula un incremento de incendios forestales en la provincia del Limar\u00ed con una disminuci\u00f3n de las hect\u00e1reas afectadas. La provincia de Limar\u00ed, desde julio de 2023 hasta febrero de 2024 calcula 28 incendios y en comparaci\u00f3n al per\u00edodo 2022-2023 se tiene un aumento del 100%. Sin embargo, &#8230;<\/p>\n","protected":false},"author":2,"featured_media":10685,"comment_status":"open","ping_status":"open","sticky":false,"template":"","format":"standard","meta":{"footnotes":""},"categories":[5],"tags":[],"class_list":["post-10684","post","type-post","status-publish","format-standard","has-post-thumbnail","hentry","category-actualidad-limarina"],"_links":{"self":[{"href":"https:\/\/www.radiolimari.cl\/index.php?rest_route=\/wp\/v2\/posts\/10684","targetHints":{"allow":["GET"]}}],"collection":[{"href":"https:\/\/www.radiolimari.cl\/index.php?rest_route=\/wp\/v2\/posts"}],"about":[{"href":"https:\/\/www.radiolimari.cl\/index.php?rest_route=\/wp\/v2\/types\/post"}],"author":[{"embeddable":true,"href":"https:\/\/www.radiolimari.cl\/index.php?rest_route=\/wp\/v2\/users\/2"}],"replies":[{"embeddable":true,"href":"https:\/\/www.radiolimari.cl\/index.php?rest_route=%2Fwp%2Fv2%2Fcomments&post=10684"}],"version-history":[{"count":1,"href":"https:\/\/www.radiolimari.cl\/index.php?rest_route=\/wp\/v2\/posts\/10684\/revisions"}],"predecessor-version":[{"id":10686,"href":"https:\/\/www.radiolimari.cl\/index.php?rest_route=\/wp\/v2\/posts\/10684\/revisions\/10686"}],"wp:featuredmedia":[{"embeddable":true,"href":"https:\/\/www.radiolimari.cl\/index.php?rest_route=\/wp\/v2\/media\/10685"}],"wp:attachment":[{"href":"https:\/\/www.radiolimari.cl\/index.php?rest_route=%2Fwp%2Fv2%2Fmedia&parent=10684"}],"wp:term":[{"taxonomy":"category","embeddable":true,"href":"https:\/\/www.radiolimari.cl\/index.php?rest_route=%2Fwp%2Fv2%2Fcategories&post=10684"},{"taxonomy":"post_tag","embeddable":true,"href":"https:\/\/www.radiolimari.cl\/index.php?rest_route=%2Fwp%2Fv2%2Ftags&post=10684"}],"curies":[{"name":"wp","href":"https:\/\/api.w.org\/{rel}","templated":true}]}}