{"id":10667,"date":"2024-02-05T22:32:15","date_gmt":"2024-02-05T22:32:15","guid":{"rendered":"https:\/\/www.radiolimari.cl\/?p=10667"},"modified":"2024-02-05T22:32:16","modified_gmt":"2024-02-05T22:32:16","slug":"valoran-instancia-de-mesa-de-seguridad-para-la-provincia-del-limari","status":"publish","type":"post","link":"https:\/\/www.radiolimari.cl\/?p=10667","title":{"rendered":"VALORAN INSTANCIA DE MESA DE SEGURIDAD PARA LA PROVINCIA DEL LIMAR\u00cd"},"content":{"rendered":"\n<figure class=\"wp-block-image size-full\"><a href=\"https:\/\/www.radiolimari.cl\/wp-content\/uploads\/2024\/02\/2.jpeg\"><img fetchpriority=\"high\" decoding=\"async\" width=\"660\" height=\"424\" src=\"https:\/\/www.radiolimari.cl\/wp-content\/uploads\/2024\/02\/2.jpeg\" alt=\"\" class=\"wp-image-10668\" srcset=\"https:\/\/www.radiolimari.cl\/wp-content\/uploads\/2024\/02\/2.jpeg 660w, https:\/\/www.radiolimari.cl\/wp-content\/uploads\/2024\/02\/2-300x193.jpeg 300w\" sizes=\"(max-width: 660px) 100vw, 660px\" \/><\/a><\/figure>\n\n\n\n<p>Dentro de las principales tem\u00e1ticas abordadas en el encuentro, se destacaron el narco tr\u00e1fico y la sequ\u00eda como unas de las principales preocupaciones entre la poblaci\u00f3n.<\/p>\n\n\n\n<p><strong>Febrero, 2024.-<\/strong> Con el fin de llegar a acuerdos y retroalimentar la realidad de cada comuna, los representantes municipales de la provincia se reunieron con la Delegada Presidencial Provincial de Limar\u00ed, Marily Escobar Oviedo, donde discutieron elementos claves para la comunidad.<\/p>\n\n\n\n<p>En el marco de la mesa de seguridad, se plantearon distintas visiones sobre la situaci\u00f3n de la entrega de agua, las contingencias por cada zona y el apoyo que se brindar\u00e1 a las v\u00edctimas de la cat\u00e1strofe de la Regi\u00f3n de Valpara\u00edso.<\/p>\n\n\n\n<p>Asimismo, se destac\u00f3 que se deb\u00eda intervenir en el reparto de agua potable para los sectores con m\u00e1s dificultades a partir de la crisis h\u00eddrica. En esa misma l\u00ednea, la alcaldesa de R\u00edo Hurtado, Carmen Juana Olivares, expuso que \u201cfue muy importante tener esta reuni\u00f3n con la delegada, conversamos temas que realmente afectan mucho a la comuna y tambi\u00e9n con el formato de esta reuni\u00f3n se sacaron conclusiones r\u00e1pidamente. Se nos ha pedido generar un convenio provincial para poder tener estaciones de cargu\u00edo en otras comunas, hecho que vamos a estar monitoreando y estando a disposici\u00f3n porque se nos vienen tiempos muy dif\u00edciles donde el agua comienza a escasear y por supuesto, es una tarea de todos y tenemos que realizarla en conjunto\u201d.<\/p>\n\n\n\n<p>De la misma manera, la delegada presidencial provincial de Limar\u00ed, Marily Escobar Oviedo, puntualiz\u00f3 que \u201clo que es fundamental para tener una gesti\u00f3n representativa es considerar como primera fuente a los l\u00edderes de cada comuna y en este caso, el poder coordinar y entregar informaci\u00f3n para las medidas que necesitamos el 2024. Es muy favorable la disposici\u00f3n de cada uno de los alcaldes, la relevancia de esta reuni\u00f3n de trabajo debe ser constante y va a perdurar en el tiempo en coordinaci\u00f3n con cada uno de ellos\u201d.<\/p>\n\n\n\n<p>Finalmente, el alcalde de Monte Patria, Cristian Herrera, agradeci\u00f3 la convocatoria y durante el encuentro se enfoc\u00f3 en la protecci\u00f3n a la ciudadan\u00eda: \u201cEstamos esperanzados del actuar del OS7 en nuestra comuna y que se pueda revertir una situaci\u00f3n que sucede a nivel pa\u00eds, que puedan intervenir las poblaciones donde hay antecedentes entregados a las polic\u00edas con respecto micro traficantes que est\u00e1n alterando el orden en algunos sectores. Queremos que en coordinaci\u00f3n con la delegada podamos generar acciones prontas y concretas\u201d.<\/p>\n\n\n\n<p>\u201cDebemos valorar la iniciativa que ha generado la delegada, principalmente porque cuando estamos coordinados en un \u00e1mbito tan complejo como la seguridad p\u00fablica, podemos tener operaciones mucho m\u00e1s r\u00e1pidas\u201d, concluy\u00f3.<\/p>\n\n\n\n<p>Por \u00faltimo, se destac\u00f3 el apoyo en conjunto que se realizar\u00e1 para las v\u00edctimas de los incendios en la Regi\u00f3n de Valpara\u00edso, poniendo \u00e9nfasis en las actividades propias de cada comuna, lo que se estar\u00e1 informando a trav\u00e9s de redes sociales y canales formales de los municipios.<\/p>\n","protected":false},"excerpt":{"rendered":"<p>Dentro de las principales tem\u00e1ticas abordadas en el encuentro, se destacaron el narco tr\u00e1fico y la sequ\u00eda como unas de las principales preocupaciones entre la poblaci\u00f3n. Febrero, 2024.- Con el fin de llegar a acuerdos y retroalimentar la realidad de cada comuna, los representantes municipales de la provincia se reunieron con la Delegada Presidencial Provincial &#8230;<\/p>\n","protected":false},"author":2,"featured_media":10668,"comment_status":"open","ping_status":"open","sticky":false,"template":"","format":"standard","meta":{"footnotes":""},"categories":[5],"tags":[],"class_list":["post-10667","post","type-post","status-publish","format-standard","has-post-thumbnail","hentry","category-actualidad-limarina"],"_links":{"self":[{"href":"https:\/\/www.radiolimari.cl\/index.php?rest_route=\/wp\/v2\/posts\/10667","targetHints":{"allow":["GET"]}}],"collection":[{"href":"https:\/\/www.radiolimari.cl\/index.php?rest_route=\/wp\/v2\/posts"}],"about":[{"href":"https:\/\/www.radiolimari.cl\/index.php?rest_route=\/wp\/v2\/types\/post"}],"author":[{"embeddable":true,"href":"https:\/\/www.radiolimari.cl\/index.php?rest_route=\/wp\/v2\/users\/2"}],"replies":[{"embeddable":true,"href":"https:\/\/www.radiolimari.cl\/index.php?rest_route=%2Fwp%2Fv2%2Fcomments&post=10667"}],"version-history":[{"count":1,"href":"https:\/\/www.radiolimari.cl\/index.php?rest_route=\/wp\/v2\/posts\/10667\/revisions"}],"predecessor-version":[{"id":10669,"href":"https:\/\/www.radiolimari.cl\/index.php?rest_route=\/wp\/v2\/posts\/10667\/revisions\/10669"}],"wp:featuredmedia":[{"embeddable":true,"href":"https:\/\/www.radiolimari.cl\/index.php?rest_route=\/wp\/v2\/media\/10668"}],"wp:attachment":[{"href":"https:\/\/www.radiolimari.cl\/index.php?rest_route=%2Fwp%2Fv2%2Fmedia&parent=10667"}],"wp:term":[{"taxonomy":"category","embeddable":true,"href":"https:\/\/www.radiolimari.cl\/index.php?rest_route=%2Fwp%2Fv2%2Fcategories&post=10667"},{"taxonomy":"post_tag","embeddable":true,"href":"https:\/\/www.radiolimari.cl\/index.php?rest_route=%2Fwp%2Fv2%2Ftags&post=10667"}],"curies":[{"name":"wp","href":"https:\/\/api.w.org\/{rel}","templated":true}]}}