{"id":10662,"date":"2024-02-05T21:49:50","date_gmt":"2024-02-05T21:49:50","guid":{"rendered":"https:\/\/www.radiolimari.cl\/?p=10662"},"modified":"2024-02-05T21:49:50","modified_gmt":"2024-02-05T21:49:50","slug":"exito-total-en-la-expo-cerveza-2024-de-ovallela-banda-nacional-glup-fue-la-encargada-de-poner-el-broche-de-oro-a-dos-jornadas-que-terminaron-con-balances-positivos-de-las-autoridades-expositores-y-pu","status":"publish","type":"post","link":"https:\/\/www.radiolimari.cl\/?p=10662","title":{"rendered":"\u00c9xito total en la Expo Cerveza 2024 de OvalleLa banda nacional Glup fue la encargada de poner el broche de oro a dos jornadas que terminaron con balances positivos de las autoridades, expositores y p\u00fablico en general."},"content":{"rendered":"\n<figure class=\"wp-block-image size-large\"><a href=\"https:\/\/www.radiolimari.cl\/wp-content\/uploads\/2024\/02\/WhatsApp-Image-2024-02-05-at-18.37.27-1.jpeg\"><img fetchpriority=\"high\" decoding=\"async\" width=\"576\" height=\"1024\" src=\"https:\/\/www.radiolimari.cl\/wp-content\/uploads\/2024\/02\/WhatsApp-Image-2024-02-05-at-18.37.27-1-576x1024.jpeg\" alt=\"\" class=\"wp-image-10663\" srcset=\"https:\/\/www.radiolimari.cl\/wp-content\/uploads\/2024\/02\/WhatsApp-Image-2024-02-05-at-18.37.27-1-576x1024.jpeg 576w, https:\/\/www.radiolimari.cl\/wp-content\/uploads\/2024\/02\/WhatsApp-Image-2024-02-05-at-18.37.27-1-169x300.jpeg 169w, https:\/\/www.radiolimari.cl\/wp-content\/uploads\/2024\/02\/WhatsApp-Image-2024-02-05-at-18.37.27-1.jpeg 720w\" sizes=\"(max-width: 576px) 100vw, 576px\" \/><\/a><\/figure>\n\n\n\n<p>Con una participaci\u00f3n masiva y un ambiente festivo, la Expo Cerveza 2024 culmin\u00f3 con rotundo \u00e9xito los d\u00edas 03 y 04 de febrero en Ovalle, convirti\u00e9ndose en un destacado evento que congreg\u00f3 a la comunidad en torno a la cultura cervecera y al disfrute de la m\u00fasica en vivo.<\/p>\n\n\n\n<p>El evento cont\u00f3 con una diversidad de expositores, 10 cervecer\u00edas locales que exhibieron la variedad y calidad de las cervezas artesanales e incluy\u00f3 a comerciantes, artesanos, food trucks, entre otros atractivos. Con alrededor de 10.000 asistentes, la Expo Cerveza se erigi\u00f3 como un espacio inclusivo y diverso que atrajo a un p\u00fablico familiar.<\/p>\n\n\n\n<figure class=\"wp-block-image size-large\"><a href=\"https:\/\/www.radiolimari.cl\/wp-content\/uploads\/2024\/02\/WhatsApp-Image-2024-02-05-at-18.37.27.jpeg\"><img decoding=\"async\" width=\"1024\" height=\"576\" src=\"https:\/\/www.radiolimari.cl\/wp-content\/uploads\/2024\/02\/WhatsApp-Image-2024-02-05-at-18.37.27-1024x576.jpeg\" alt=\"\" class=\"wp-image-10664\" srcset=\"https:\/\/www.radiolimari.cl\/wp-content\/uploads\/2024\/02\/WhatsApp-Image-2024-02-05-at-18.37.27-1024x576.jpeg 1024w, https:\/\/www.radiolimari.cl\/wp-content\/uploads\/2024\/02\/WhatsApp-Image-2024-02-05-at-18.37.27-300x169.jpeg 300w, https:\/\/www.radiolimari.cl\/wp-content\/uploads\/2024\/02\/WhatsApp-Image-2024-02-05-at-18.37.27-768x432.jpeg 768w, https:\/\/www.radiolimari.cl\/wp-content\/uploads\/2024\/02\/WhatsApp-Image-2024-02-05-at-18.37.27.jpeg 1280w\" sizes=\"(max-width: 1024px) 100vw, 1024px\" \/><\/a><\/figure>\n\n\n\n<p>Los asistentes tuvieron la oportunidad de disfrutar de presentaciones art\u00edsticas locales y regionales, culminando el domingo con la actuaci\u00f3n de la banda nacional Glup, lo que gener\u00f3 una gran expectaci\u00f3n y entusiasmo entre los fan\u00e1ticos.<\/p>\n\n\n\n<p>El alcalde de Ovalle, Jonathan Acu\u00f1a Rojas, comparti\u00f3 su satisfacci\u00f3n al finalizar las dos jornadas, resaltando el \u00e9xito total del evento y se manifest\u00f3 \u201ccontento al culminar dos jornadas de la Expo Cerveza, con un \u00e9xito total, con una cantidad de personas impresionante que nos visitaron. Terminamos con un grupo emblem\u00e1tico como es Glup\u201d y realiz\u00f3 un positivo balance pues \u201cla seguridad se ha mantenido muy en orden, la gente se ha portado muy bien\u201d. Adem\u00e1s, subray\u00f3 el positivo impacto comercial, con altos niveles de ventas tanto para los comerciantes como para las cervecer\u00edas.<\/p>\n\n\n\n<figure class=\"wp-block-image size-large\"><a href=\"https:\/\/www.radiolimari.cl\/wp-content\/uploads\/2024\/02\/WhatsApp-Image-2024-02-05-at-18.39.24.jpeg\"><img decoding=\"async\" width=\"1024\" height=\"576\" src=\"https:\/\/www.radiolimari.cl\/wp-content\/uploads\/2024\/02\/WhatsApp-Image-2024-02-05-at-18.39.24-1024x576.jpeg\" alt=\"\" class=\"wp-image-10665\" srcset=\"https:\/\/www.radiolimari.cl\/wp-content\/uploads\/2024\/02\/WhatsApp-Image-2024-02-05-at-18.39.24-1024x576.jpeg 1024w, https:\/\/www.radiolimari.cl\/wp-content\/uploads\/2024\/02\/WhatsApp-Image-2024-02-05-at-18.39.24-300x169.jpeg 300w, https:\/\/www.radiolimari.cl\/wp-content\/uploads\/2024\/02\/WhatsApp-Image-2024-02-05-at-18.39.24-768x432.jpeg 768w, https:\/\/www.radiolimari.cl\/wp-content\/uploads\/2024\/02\/WhatsApp-Image-2024-02-05-at-18.39.24.jpeg 1280w\" sizes=\"(max-width: 1024px) 100vw, 1024px\" \/><\/a><\/figure>\n\n\n\n<p>Por su parte, Marily, expositora de la cervecer\u00eda&nbsp;Lisambarth&nbsp;se\u00f1al\u00f3 que \u201cla recepci\u00f3n del p\u00fablico ha estado super buena. Ha venido harta gente, obviamente con el tema del calor temprano no hab\u00eda mucho movimiento, pero despu\u00e9s, como de las cuatro o cinco en adelante, ya empez\u00f3 a moverse harto\u201d y destac\u00f3 que \u201cac\u00e1 es el lugar perfecto para una actividad como \u00e9sta\u201d.<\/p>\n\n\n\n<p>Tatiana Arancibia, seguidora de la banda desde su infancia, expres\u00f3 su emoci\u00f3n por la presentaci\u00f3n de Glup en Ovalle, destacando que ser\u00eda un momento inolvidable. \u201cLos sigo desde los 10 a\u00f1os que soy fan de ellos y me parece maravilloso que se presenten en Ovalle. Siempre los voy a ver\u201d y asegur\u00f3 que el show \u201cla va a romper, toda la gente va a vibrar y a disfrutar de sus canciones. Quiero sacarme una fotograf\u00eda, poder verlos y conocerlos, porque los sigo desde hace mucho tiempo\u201d.<\/p>\n\n\n\n<p>La Expo Cerveza 2024 no solo contribuy\u00f3 al impulso econ\u00f3mico de los participantes, sino que tambi\u00e9n fortaleci\u00f3 la identidad cultural y la convivencia comunitaria en Ovalle<\/p>\n","protected":false},"excerpt":{"rendered":"<p>Con una participaci\u00f3n masiva y un ambiente festivo, la Expo Cerveza 2024 culmin\u00f3 con rotundo \u00e9xito los d\u00edas 03 y 04 de febrero en Ovalle, convirti\u00e9ndose en un destacado evento que congreg\u00f3 a la comunidad en torno a la cultura cervecera y al disfrute de la m\u00fasica en vivo. El evento cont\u00f3 con una diversidad &#8230;<\/p>\n","protected":false},"author":2,"featured_media":10664,"comment_status":"open","ping_status":"open","sticky":false,"template":"","format":"standard","meta":{"footnotes":""},"categories":[3],"tags":[],"class_list":["post-10662","post","type-post","status-publish","format-standard","has-post-thumbnail","hentry","category-actualidad"],"_links":{"self":[{"href":"https:\/\/www.radiolimari.cl\/index.php?rest_route=\/wp\/v2\/posts\/10662","targetHints":{"allow":["GET"]}}],"collection":[{"href":"https:\/\/www.radiolimari.cl\/index.php?rest_route=\/wp\/v2\/posts"}],"about":[{"href":"https:\/\/www.radiolimari.cl\/index.php?rest_route=\/wp\/v2\/types\/post"}],"author":[{"embeddable":true,"href":"https:\/\/www.radiolimari.cl\/index.php?rest_route=\/wp\/v2\/users\/2"}],"replies":[{"embeddable":true,"href":"https:\/\/www.radiolimari.cl\/index.php?rest_route=%2Fwp%2Fv2%2Fcomments&post=10662"}],"version-history":[{"count":1,"href":"https:\/\/www.radiolimari.cl\/index.php?rest_route=\/wp\/v2\/posts\/10662\/revisions"}],"predecessor-version":[{"id":10666,"href":"https:\/\/www.radiolimari.cl\/index.php?rest_route=\/wp\/v2\/posts\/10662\/revisions\/10666"}],"wp:featuredmedia":[{"embeddable":true,"href":"https:\/\/www.radiolimari.cl\/index.php?rest_route=\/wp\/v2\/media\/10664"}],"wp:attachment":[{"href":"https:\/\/www.radiolimari.cl\/index.php?rest_route=%2Fwp%2Fv2%2Fmedia&parent=10662"}],"wp:term":[{"taxonomy":"category","embeddable":true,"href":"https:\/\/www.radiolimari.cl\/index.php?rest_route=%2Fwp%2Fv2%2Fcategories&post=10662"},{"taxonomy":"post_tag","embeddable":true,"href":"https:\/\/www.radiolimari.cl\/index.php?rest_route=%2Fwp%2Fv2%2Ftags&post=10662"}],"curies":[{"name":"wp","href":"https:\/\/api.w.org\/{rel}","templated":true}]}}