{"id":10659,"date":"2024-02-05T21:43:50","date_gmt":"2024-02-05T21:43:50","guid":{"rendered":"https:\/\/www.radiolimari.cl\/?p=10659"},"modified":"2024-02-05T21:43:51","modified_gmt":"2024-02-05T21:43:51","slug":"programa-escuelas-abiertas-destinado-a-ninos-y-ninas-afectados-por-los-incendios-funcionara-en-el-palacio-de-cerro-castillo-y-en-establecimientos-educacionales","status":"publish","type":"post","link":"https:\/\/www.radiolimari.cl\/?p=10659","title":{"rendered":"Programa \u201cEscuelas Abiertas\u201d destinado a ni\u00f1os y ni\u00f1as afectados por los incendios funcionar\u00e1 en el Palacio de Cerro Castillo y en establecimientos educacionales"},"content":{"rendered":"\n<figure class=\"wp-block-image size-large\"><a href=\"https:\/\/www.radiolimari.cl\/wp-content\/uploads\/2024\/02\/IMG-20240205-WA0023.jpg\"><img fetchpriority=\"high\" decoding=\"async\" width=\"1024\" height=\"575\" src=\"https:\/\/www.radiolimari.cl\/wp-content\/uploads\/2024\/02\/IMG-20240205-WA0023-1024x575.jpg\" alt=\"\" class=\"wp-image-10660\" srcset=\"https:\/\/www.radiolimari.cl\/wp-content\/uploads\/2024\/02\/IMG-20240205-WA0023-1024x575.jpg 1024w, https:\/\/www.radiolimari.cl\/wp-content\/uploads\/2024\/02\/IMG-20240205-WA0023-300x169.jpg 300w, https:\/\/www.radiolimari.cl\/wp-content\/uploads\/2024\/02\/IMG-20240205-WA0023-768x431.jpg 768w, https:\/\/www.radiolimari.cl\/wp-content\/uploads\/2024\/02\/IMG-20240205-WA0023.jpg 1280w\" sizes=\"(max-width: 1024px) 100vw, 1024px\" \/><\/a><\/figure>\n\n\n\n<p><strong>\u2022 Se les entregar\u00e1 contenci\u00f3n y atenci\u00f3n integral a trav\u00e9s de esta iniciativa de la Junaeb. En coordinaci\u00f3n con otras carteras como Ministerio de Desarrollo Social y Familia, Cultura y Deportes, y servicios como Integra y Junji, se realizar\u00e1n actividades recreativas para mejorar su bienestar.<\/strong><\/p>\n\n\n\n<p><strong>\u2022 El ministro de Educaci\u00f3n contin\u00faa supervisando la ayuda en los albergues y pide que las donaciones se concentren en art\u00edculos de aseo personal.<\/strong><\/p>\n\n\n\n<p>Vi\u00f1a del Mar, 5 de febrero de 2024.- Este lunes comenz\u00f3 a funcionar el programa \u201cEscuelas Abiertas\u201d en el Palacio Presidencial de Cerro Castillo, en Vi\u00f1a del Mar, con el prop\u00f3sito de atender a ni\u00f1os y ni\u00f1as afectados por los incendios de la Regi\u00f3n de Valpara\u00edso, entreg\u00e1ndoles contenci\u00f3n y atenci\u00f3n integral.<\/p>\n\n\n\n<p>\u201cEscuelas Abiertas\u201d es parte de la oferta program\u00e1tica de la Junaeb, que consiste en la apertura de espacios, normalmente en establecimientos educacionales, para realizar actividades recreativas a ni\u00f1os y ni\u00f1as para mejorar su bienestar.<\/p>\n\n\n\n<p>En su visita a la regi\u00f3n, el Presidente Gabriel Boric Font mandat\u00f3 al ministro Nicol\u00e1s Cataldo a habilitar el palacio presidencial para atender a ni\u00f1os y ni\u00f1as de las comunas de Vi\u00f1a del Mar, Quilpu\u00e9, Villa Alemana, Limache y Conc\u00f3n, que ser\u00e1n coordinados por sus propias municipalidades.<\/p>\n\n\n\n<p>El ministro de Educaci\u00f3n, Nicol\u00e1s Cataldo explic\u00f3 que adem\u00e1s se habilitar\u00e1 el programa en establecimientos de Vi\u00f1a del Mar, Quilpu\u00e9 y Villa Alemana. \u201cLos municipios nos tienen que indicar cu\u00e1l va a ser el o los lugares, y una vez que est\u00e9n definidos, nosotros tenemos la posibilidad de montar \u00b4Escuelas Abiertas\u00b4 de un d\u00eda para otro, porque es un programa que la Junaeb tiene hace varios a\u00f1os\u201d, dijo.<\/p>\n\n\n\n<p>El programa funcionar\u00e1 gracias al apoyo de monitores y actividades que dispondr\u00e1 la Junaeb, la Fundaci\u00f3n Integra, Junji, el Instituto Nacional de Deportes y las municipalidades involucradas. Adem\u00e1s, el Ministerio de Desarrollo Social y Familia coordinar\u00e1 a un equipo de la Unicef.<\/p>\n\n\n\n<p>Desde el domingo, el ministro Cataldo ha estado desplegado en la regi\u00f3n, coordinando la ayuda y supervisando los albergues, que est\u00e1n en establecimientos educacionales.&nbsp;<\/p>\n\n\n\n<p>\u201cAyer establecimos el servicio de alimentaci\u00f3n all\u00ed donde no hab\u00eda y vimos qu\u00e9 es lo m\u00e1s urgente que les falta a las personas, que son art\u00edculos de aseo personal. Entonces, hago un llamado a que la gente que est\u00e1 yendo a los albergues a donar, se concentre en ese tipo de cosas: desodorantes, toallas higi\u00e9nicas y ropa interior, que es lo que m\u00e1s se est\u00e1 necesitando\u201d, detall\u00f3 el ministro.<\/p>\n","protected":false},"excerpt":{"rendered":"<p>\u2022 Se les entregar\u00e1 contenci\u00f3n y atenci\u00f3n integral a trav\u00e9s de esta iniciativa de la Junaeb. En coordinaci\u00f3n con otras carteras como Ministerio de Desarrollo Social y Familia, Cultura y Deportes, y servicios como Integra y Junji, se realizar\u00e1n actividades recreativas para mejorar su bienestar. \u2022 El ministro de Educaci\u00f3n contin\u00faa supervisando la ayuda en &#8230;<\/p>\n","protected":false},"author":2,"featured_media":10660,"comment_status":"open","ping_status":"open","sticky":false,"template":"","format":"standard","meta":{"footnotes":""},"categories":[6],"tags":[],"class_list":["post-10659","post","type-post","status-publish","format-standard","has-post-thumbnail","hentry","category-regionales"],"_links":{"self":[{"href":"https:\/\/www.radiolimari.cl\/index.php?rest_route=\/wp\/v2\/posts\/10659","targetHints":{"allow":["GET"]}}],"collection":[{"href":"https:\/\/www.radiolimari.cl\/index.php?rest_route=\/wp\/v2\/posts"}],"about":[{"href":"https:\/\/www.radiolimari.cl\/index.php?rest_route=\/wp\/v2\/types\/post"}],"author":[{"embeddable":true,"href":"https:\/\/www.radiolimari.cl\/index.php?rest_route=\/wp\/v2\/users\/2"}],"replies":[{"embeddable":true,"href":"https:\/\/www.radiolimari.cl\/index.php?rest_route=%2Fwp%2Fv2%2Fcomments&post=10659"}],"version-history":[{"count":1,"href":"https:\/\/www.radiolimari.cl\/index.php?rest_route=\/wp\/v2\/posts\/10659\/revisions"}],"predecessor-version":[{"id":10661,"href":"https:\/\/www.radiolimari.cl\/index.php?rest_route=\/wp\/v2\/posts\/10659\/revisions\/10661"}],"wp:featuredmedia":[{"embeddable":true,"href":"https:\/\/www.radiolimari.cl\/index.php?rest_route=\/wp\/v2\/media\/10660"}],"wp:attachment":[{"href":"https:\/\/www.radiolimari.cl\/index.php?rest_route=%2Fwp%2Fv2%2Fmedia&parent=10659"}],"wp:term":[{"taxonomy":"category","embeddable":true,"href":"https:\/\/www.radiolimari.cl\/index.php?rest_route=%2Fwp%2Fv2%2Fcategories&post=10659"},{"taxonomy":"post_tag","embeddable":true,"href":"https:\/\/www.radiolimari.cl\/index.php?rest_route=%2Fwp%2Fv2%2Ftags&post=10659"}],"curies":[{"name":"wp","href":"https:\/\/api.w.org\/{rel}","templated":true}]}}