{"id":10656,"date":"2024-02-05T21:34:37","date_gmt":"2024-02-05T21:34:37","guid":{"rendered":"https:\/\/www.radiolimari.cl\/?p=10656"},"modified":"2024-02-05T21:34:38","modified_gmt":"2024-02-05T21:34:38","slug":"municipalidad-de-ovalle-comienza-recoleccion-de-insumos-para-ir-en-ayuda-de-victimas-de-incendios-en-quinta-region","status":"publish","type":"post","link":"https:\/\/www.radiolimari.cl\/?p=10656","title":{"rendered":"MUNICIPALIDAD DE OVALLE COMIENZA RECOLECCI\u00d3N DE INSUMOS PARA IR EN AYUDA DE V\u00cdCTIMAS DE INCENDIOS EN QUINTA REGI\u00d3N"},"content":{"rendered":"\n<figure class=\"wp-block-image size-full\"><a href=\"https:\/\/www.radiolimari.cl\/wp-content\/uploads\/2024\/02\/WhatsApp-Image-2024-02-05-at-18.19.26.jpeg\"><img fetchpriority=\"high\" decoding=\"async\" width=\"960\" height=\"686\" src=\"https:\/\/www.radiolimari.cl\/wp-content\/uploads\/2024\/02\/WhatsApp-Image-2024-02-05-at-18.19.26.jpeg\" alt=\"\" class=\"wp-image-10657\" srcset=\"https:\/\/www.radiolimari.cl\/wp-content\/uploads\/2024\/02\/WhatsApp-Image-2024-02-05-at-18.19.26.jpeg 960w, https:\/\/www.radiolimari.cl\/wp-content\/uploads\/2024\/02\/WhatsApp-Image-2024-02-05-at-18.19.26-300x214.jpeg 300w, https:\/\/www.radiolimari.cl\/wp-content\/uploads\/2024\/02\/WhatsApp-Image-2024-02-05-at-18.19.26-768x549.jpeg 768w\" sizes=\"(max-width: 960px) 100vw, 960px\" \/><\/a><\/figure>\n\n\n\n<p><strong><em>La campa\u00f1a se extender\u00e1 hasta el domingo 11 y ya se realizan gestiones para coordinar con el territorio a apoyar. El objetivo es poder entregar las ayudas durante la pr\u00f3xima semana.<\/em><\/strong><\/p>\n\n\n\n<p>Tras las lamentables consecuencias por los incendios en la regi\u00f3n de Valpara\u00edso, el alcalde de Ovalle, Jonathan Acu\u00f1a Rojas, decidi\u00f3 constituir un Comit\u00e9 de Emergencia con diversos departamentos del municipio para elaborar un plan de ayuda que permita recolectar distintos tipos de suministros que vayan en beneficio de las familias afectadas.<\/p>\n\n\n\n<p>Seg\u00fan se\u00f1al\u00f3 la m\u00e1xima autoridad de la comuna, servir\u00e1n como lugar de acopio; el liceo Alejandro \u00c1lvarez Jofr\u00e9 por calle Socos, en horario de 09:00 a 14:00 horas por la ma\u00f1ana y, por la tarde, de 15:00 a 17:30 horas. Adem\u00e1s, en cada junta de vecinos y centro de salud, se organizar\u00e1n puntos de acopio y, lo recolectado, ser\u00e1 retirado por el municipio.<\/p>\n\n\n\n<p>El alcalde de Ovalle, Jonathan Acu\u00f1a se\u00f1al\u00f3 que hemos estado trabajando con los distintos departamentos durante el reciente fin de semana para disponer un lugar que sirva como centro de acopio e ir en ayuda de nuestros compatriotas afectados por a emergencia\u201d.<\/p>\n\n\n\n<p>El jefe comunal detall\u00f3 que se ha dispuesto el Liceo Alejandro \u00c1lvarez Jofr\u00e9 desde las 09:00 de la ma\u00f1ana hasta las 14:00 y luego desde las 15:00 a 17:30 horas, para que todos los interesados en apoyar a los afectados puedan ir de manera masiva. Esperamos recolectar una gran cantidad de insumos para apadrinar alguna de las localidades afectadas\u201d.<\/p>\n\n\n\n<p>El Comit\u00e9 de Emergencia del municipio estar\u00e1 encabezado por la Oficina de Emergencias, Direcci\u00f3n de Desarrollo Comunitario y Departamento de Operaciones. Los \u00fatiles que se recibir\u00e1n son; botellas de agua, alimentos no perecibles, pa\u00f1ales, toallas h\u00famedas, guantes de trabajo, alcohol desinfectante, alimento para mascotas, escobillones, palas, carpas, bloqueadores y sacos de escombros.<\/p>\n\n\n\n<p>La campa\u00f1a municipal se extender\u00e1 hasta el pr\u00f3ximo domingo 11 de febrero y, adem\u00e1s, durante este fin de semana, se instalar\u00e1 un centro de acopio en la Fiesta Costumbrista de Barraza.<\/p>\n","protected":false},"excerpt":{"rendered":"<p>La campa\u00f1a se extender\u00e1 hasta el domingo 11 y ya se realizan gestiones para coordinar con el territorio a apoyar. El objetivo es poder entregar las ayudas durante la pr\u00f3xima semana. Tras las lamentables consecuencias por los incendios en la regi\u00f3n de Valpara\u00edso, el alcalde de Ovalle, Jonathan Acu\u00f1a Rojas, decidi\u00f3 constituir un Comit\u00e9 de &#8230;<\/p>\n","protected":false},"author":2,"featured_media":10657,"comment_status":"open","ping_status":"open","sticky":false,"template":"","format":"standard","meta":{"footnotes":""},"categories":[5],"tags":[],"class_list":["post-10656","post","type-post","status-publish","format-standard","has-post-thumbnail","hentry","category-actualidad-limarina"],"_links":{"self":[{"href":"https:\/\/www.radiolimari.cl\/index.php?rest_route=\/wp\/v2\/posts\/10656","targetHints":{"allow":["GET"]}}],"collection":[{"href":"https:\/\/www.radiolimari.cl\/index.php?rest_route=\/wp\/v2\/posts"}],"about":[{"href":"https:\/\/www.radiolimari.cl\/index.php?rest_route=\/wp\/v2\/types\/post"}],"author":[{"embeddable":true,"href":"https:\/\/www.radiolimari.cl\/index.php?rest_route=\/wp\/v2\/users\/2"}],"replies":[{"embeddable":true,"href":"https:\/\/www.radiolimari.cl\/index.php?rest_route=%2Fwp%2Fv2%2Fcomments&post=10656"}],"version-history":[{"count":1,"href":"https:\/\/www.radiolimari.cl\/index.php?rest_route=\/wp\/v2\/posts\/10656\/revisions"}],"predecessor-version":[{"id":10658,"href":"https:\/\/www.radiolimari.cl\/index.php?rest_route=\/wp\/v2\/posts\/10656\/revisions\/10658"}],"wp:featuredmedia":[{"embeddable":true,"href":"https:\/\/www.radiolimari.cl\/index.php?rest_route=\/wp\/v2\/media\/10657"}],"wp:attachment":[{"href":"https:\/\/www.radiolimari.cl\/index.php?rest_route=%2Fwp%2Fv2%2Fmedia&parent=10656"}],"wp:term":[{"taxonomy":"category","embeddable":true,"href":"https:\/\/www.radiolimari.cl\/index.php?rest_route=%2Fwp%2Fv2%2Fcategories&post=10656"},{"taxonomy":"post_tag","embeddable":true,"href":"https:\/\/www.radiolimari.cl\/index.php?rest_route=%2Fwp%2Fv2%2Ftags&post=10656"}],"curies":[{"name":"wp","href":"https:\/\/api.w.org\/{rel}","templated":true}]}}