{"id":10653,"date":"2024-02-05T21:31:13","date_gmt":"2024-02-05T21:31:13","guid":{"rendered":"https:\/\/www.radiolimari.cl\/?p=10653"},"modified":"2024-02-05T21:31:13","modified_gmt":"2024-02-05T21:31:13","slug":"vecinos-de-canelilla-alta-buscan-aumentar-la-seguridad-en-su-sector-con-nuevas-luminarias","status":"publish","type":"post","link":"https:\/\/www.radiolimari.cl\/?p=10653","title":{"rendered":"Vecinos de Canelilla Alta buscan aumentar la seguridad en su sector con nuevas luminarias"},"content":{"rendered":"\n<figure class=\"wp-block-image size-large is-resized\"><a href=\"https:\/\/www.radiolimari.cl\/wp-content\/uploads\/2024\/02\/Luminarias-1.jpeg\"><img fetchpriority=\"high\" decoding=\"async\" width=\"1024\" height=\"1024\" src=\"https:\/\/www.radiolimari.cl\/wp-content\/uploads\/2024\/02\/Luminarias-1-1024x1024.jpeg\" alt=\"\" class=\"wp-image-10654\" style=\"width:auto;height:0px\" srcset=\"https:\/\/www.radiolimari.cl\/wp-content\/uploads\/2024\/02\/Luminarias-1-1024x1024.jpeg 1024w, https:\/\/www.radiolimari.cl\/wp-content\/uploads\/2024\/02\/Luminarias-1-300x300.jpeg 300w, https:\/\/www.radiolimari.cl\/wp-content\/uploads\/2024\/02\/Luminarias-1-150x150.jpeg 150w, https:\/\/www.radiolimari.cl\/wp-content\/uploads\/2024\/02\/Luminarias-1-768x768.jpeg 768w, https:\/\/www.radiolimari.cl\/wp-content\/uploads\/2024\/02\/Luminarias-1-70x70.jpeg 70w, https:\/\/www.radiolimari.cl\/wp-content\/uploads\/2024\/02\/Luminarias-1.jpeg 1280w\" sizes=\"(max-width: 1024px) 100vw, 1024px\" \/><\/a><\/figure>\n\n\n\n<p><strong><em>Gracias a un proyecto postulado a los Fondos de Libre Disponibilidad y ejecutado por la Junta de Vecinos, beneficiando a m\u00e1s de 100 personas del sector.<\/em><\/strong><\/p>\n\n\n\n<p>M\u00e1s de cien personas del sector de Canelilla Alta se ver\u00e1n beneficiadas por un nuevo sistema de luminarias que permitir\u00e1n dar mayor seguridad en el sector gracias a cuatro postes de acero galvanizado con focos solares, ubicados en distintos sectores de la localidad, los que son alimentados por paneles fotovoltaicos, proyecto ejecutado por la Junta de Vecinos, gracias al financiamiento de los Fondos de Libre Disponibilidad del a\u00f1o 2023 por un monto de casi seis millones de pesos.<\/p>\n\n\n\n<p>La ceremonia se realiz\u00f3 en la tarde de ayer jueves, con un acto en que participaron el alcalde de Ovalle, Jonathan Acu\u00f1a Rojas, el concejal Cristian Rojas Molina, la presidenta de la Junta de Vecinos Nelly Fern\u00e1ndez, junto a numerosos vecinos que llegaron para cortar la cinta de inauguraci\u00f3n .<\/p>\n\n\n\n<p>El alcalde Jonathan Acu\u00f1a se\u00f1al\u00f3 que \u201cuna de las premisas que ha tenido nuestra Administraci\u00f3n se ha focalizado principalmente en la Seguridad P\u00fablica, que no haga distinci\u00f3n entre lo urbano y lo rural, sino m\u00e1s bien, &nbsp;ir llegando con recursos y proyectos a cada uno de nuestros sectores\u201d.<\/p>\n\n\n\n<p>El jefe comunal agreg\u00f3 que \u201cCanelilla ha tenido una lucha de m\u00e1s de 25 a\u00f1os para poder concretar, en primera instancia los primeros proyectos de iluminaci\u00f3n de la mano de la subdere en ese entonces. Y la pavimentaci\u00f3n de un camino que por muchos a\u00f1os luch\u00f3 la la propia comunidad. Hoy d\u00eda, mejorando las condiciones de iluminaci\u00f3n, adem\u00e1s prevenimos que gente inescrupulosa venga a llevar a cabo delitos o robos, que es lo que a la comunidad le preocupa a los vecinos y vecinas\u201d.<\/p>\n\n\n\n<p>Por su parte, Nelly Fern\u00e1ndez, hist\u00f3rica dirigente del sector, destac\u00f3 el apoyo de las autoridades para realizar este tipo de iniciativas que tanto ayudan a recuperar espacios p\u00fablicos para los residentes de este sector de la comuna. \u201cPara los vecinos es muy importante, ya que ten\u00edan problemas con las luminarias y debido a eso se registr\u00f3 un robo. As\u00ed que ahora, para los vecinos m\u00e1s que nada, es muy importante, estamos muy contentos y para ellos va a ser muy beneficioso este proyecto\u201d.<\/p>\n","protected":false},"excerpt":{"rendered":"<p>Gracias a un proyecto postulado a los Fondos de Libre Disponibilidad y ejecutado por la Junta de Vecinos, beneficiando a m\u00e1s de 100 personas del sector. M\u00e1s de cien personas del sector de Canelilla Alta se ver\u00e1n beneficiadas por un nuevo sistema de luminarias que permitir\u00e1n dar mayor seguridad en el sector gracias a cuatro &#8230;<\/p>\n","protected":false},"author":2,"featured_media":10654,"comment_status":"open","ping_status":"open","sticky":false,"template":"","format":"standard","meta":{"footnotes":""},"categories":[5],"tags":[],"class_list":["post-10653","post","type-post","status-publish","format-standard","has-post-thumbnail","hentry","category-actualidad-limarina"],"_links":{"self":[{"href":"https:\/\/www.radiolimari.cl\/index.php?rest_route=\/wp\/v2\/posts\/10653","targetHints":{"allow":["GET"]}}],"collection":[{"href":"https:\/\/www.radiolimari.cl\/index.php?rest_route=\/wp\/v2\/posts"}],"about":[{"href":"https:\/\/www.radiolimari.cl\/index.php?rest_route=\/wp\/v2\/types\/post"}],"author":[{"embeddable":true,"href":"https:\/\/www.radiolimari.cl\/index.php?rest_route=\/wp\/v2\/users\/2"}],"replies":[{"embeddable":true,"href":"https:\/\/www.radiolimari.cl\/index.php?rest_route=%2Fwp%2Fv2%2Fcomments&post=10653"}],"version-history":[{"count":1,"href":"https:\/\/www.radiolimari.cl\/index.php?rest_route=\/wp\/v2\/posts\/10653\/revisions"}],"predecessor-version":[{"id":10655,"href":"https:\/\/www.radiolimari.cl\/index.php?rest_route=\/wp\/v2\/posts\/10653\/revisions\/10655"}],"wp:featuredmedia":[{"embeddable":true,"href":"https:\/\/www.radiolimari.cl\/index.php?rest_route=\/wp\/v2\/media\/10654"}],"wp:attachment":[{"href":"https:\/\/www.radiolimari.cl\/index.php?rest_route=%2Fwp%2Fv2%2Fmedia&parent=10653"}],"wp:term":[{"taxonomy":"category","embeddable":true,"href":"https:\/\/www.radiolimari.cl\/index.php?rest_route=%2Fwp%2Fv2%2Fcategories&post=10653"},{"taxonomy":"post_tag","embeddable":true,"href":"https:\/\/www.radiolimari.cl\/index.php?rest_route=%2Fwp%2Fv2%2Ftags&post=10653"}],"curies":[{"name":"wp","href":"https:\/\/api.w.org\/{rel}","templated":true}]}}