{"id":10650,"date":"2024-02-05T21:19:43","date_gmt":"2024-02-05T21:19:43","guid":{"rendered":"https:\/\/www.radiolimari.cl\/?p=10650"},"modified":"2024-02-05T21:19:44","modified_gmt":"2024-02-05T21:19:44","slug":"escuelas-de-verano-un-programa-que-beneficia-a-cerca-de-150-familias-en-monte-patria","status":"publish","type":"post","link":"https:\/\/www.radiolimari.cl\/?p=10650","title":{"rendered":"Escuelas de Verano: Un programa que beneficia a cerca de 150 familias en Monte Patria"},"content":{"rendered":"\n<figure class=\"wp-block-image size-large is-resized\"><a href=\"https:\/\/www.radiolimari.cl\/wp-content\/uploads\/2024\/02\/CENTROS-DE-CUIDADO-MONTE-PATRIA-1.jpg\"><img fetchpriority=\"high\" decoding=\"async\" width=\"1024\" height=\"682\" src=\"https:\/\/www.radiolimari.cl\/wp-content\/uploads\/2024\/02\/CENTROS-DE-CUIDADO-MONTE-PATRIA-1-1024x682.jpg\" alt=\"\" class=\"wp-image-10651\" style=\"width:373px;height:auto\" srcset=\"https:\/\/www.radiolimari.cl\/wp-content\/uploads\/2024\/02\/CENTROS-DE-CUIDADO-MONTE-PATRIA-1-1024x682.jpg 1024w, https:\/\/www.radiolimari.cl\/wp-content\/uploads\/2024\/02\/CENTROS-DE-CUIDADO-MONTE-PATRIA-1-300x200.jpg 300w, https:\/\/www.radiolimari.cl\/wp-content\/uploads\/2024\/02\/CENTROS-DE-CUIDADO-MONTE-PATRIA-1-768x512.jpg 768w, https:\/\/www.radiolimari.cl\/wp-content\/uploads\/2024\/02\/CENTROS-DE-CUIDADO-MONTE-PATRIA-1-1536x1023.jpg 1536w, https:\/\/www.radiolimari.cl\/wp-content\/uploads\/2024\/02\/CENTROS-DE-CUIDADO-MONTE-PATRIA-1.jpg 1600w\" sizes=\"(max-width: 1024px) 100vw, 1024px\" \/><\/a><\/figure>\n\n\n\n<p><strong><em>El Seremi de Desarrollo Social y Familia, Eduardo Alcayaga Cort\u00e9s y el alcalde Cristian Herrera Pe\u00f1a realizaron una visita para compartir la experiencia con ni\u00f1os y ni\u00f1as de la comuna.<\/em><\/strong><\/p>\n\n\n\n<p>Un lugar donde ni\u00f1os y ni\u00f1as pueden jugar, realizar entretenidos talleres y pasar el verano mientras sus padres trabajan en temporada agr\u00edcola, esa es la misi\u00f3n de las escuelas de verano. El programa del Ministerio de Desarrollo y Familia,&nbsp; que es articulado por el Instituto Nacional del Deporte en coordinaci\u00f3n con la municipalidad de Monte Patria actualmente atiende a m\u00e1s de 150 beneficiarios y se ejecuta en cuatro establecimientos escolares (La Villa El Palqui, El Palqui, El Peralito y Pedregal).<\/p>\n\n\n\n<p>Con motivo de visitar y conversar sobre la experiencia de este a\u00f1o, el&nbsp; d\u00eda mi\u00e9rcoles 31 de enero el Seremi de Desarrollo Social y Familia, Eduardo Alcayaga Cort\u00e9s, junto al alcalde Cristian Herrera Pe\u00f1a, realizaron un recorrido por los establecimientos de la comuna. <strong>\u201cel objetivo de este programa es cuidarlos, entregarles entretenci\u00f3n y tambi<\/strong><strong>\u00e9n que tengan una alimentaci\u00f3n completa que incluye desayuno, almuerzo y colaci\u00f3n, donde los pap\u00e1s delegan en el municipio, donde hemos contado con el apoyo del alcalde Cristian Herrera\u201d.<\/strong><\/p>\n\n\n\n<p>La Escuela de Verano no s\u00f3lo se transforma en un lugar de protecci\u00f3n y seguridad, sino tambi\u00e9n en un punto de aprendizaje constante, donde los beneficiarios pueden desenvolverse, desarrollar habilidades blandas y recibir valores. <strong>\u201cEs bonito que todo el mundo sepa que las autoridades se interesan por el trabajo que realizamos nosotros con ni\u00f1os que en este tiempo quedan solitos, donde las mam\u00e1s depositan su confianza para que ellos puedan estar ac\u00e1. Para m\u00ed la base es impartir tambi\u00e9n valores a los ni\u00f1os y ni\u00f1as, ac\u00e1 todos los d\u00edas se le refuerzan los valores\u201d<\/strong>, destac\u00f3 Arinda \u00c1lvarez Jim\u00e9nez, coordinadora del programa de la Escuela El Palqui.<\/p>\n\n\n\n<p>Los ni\u00f1os y ni\u00f1as que asisten a la escuela de verano tambi\u00e9n tienen la oportunidad de ir a ver pel\u00edculas al Centro Cultural Huayquilonko o bien, disfrutar de tardes en la piscina, ubicada en el Camping Municipal. <strong>\u201cMe ha parecido muy buena la experiencia, porque hemos jugado, hemos andado patines, jugar a la escondida.al ludo o simplemente conversar. El viernes pasado con mis compa\u00f1eros hicimos una mini convivencia. Los t\u00edos nos aconsejan sobre muchos valores como la sabidur\u00eda, la alegr\u00eda y lealtad\u201d, <\/strong>destac\u00f3 &nbsp;&nbsp;&nbsp;&nbsp;&nbsp;&nbsp;&nbsp;&nbsp;&nbsp;&nbsp; Yuriel Cepeda Trigo, asistentente a la escuela de verano.<\/p>\n\n\n\n<p>Por su parte, la m\u00e1xima autoridad de la comuna de los valles generosos, Cristian Herrera Pe\u00f1a, indic\u00f3 <strong>\u201cestamos recorriendo para preguntarle a los ni\u00f1os c\u00f3mo lo han pasado y la verdad es que todos han dicho que pueden compartir, pueden jugar, hacer deporte, van a la piscina municipal, han visto pel\u00edculas. Entonces, este es un espacio seguro que les permite a las madres poder trabajar tranquilas\u201d.<\/strong><\/p>\n\n\n\n<p>Actualmente, el programa se ejecuta en los establecimientos de La Villa El Palqui, El Palqui, Monte Patria (El Peralito) y Pedregal, lo que se traduce en una ayuda que va dirigida a cerca de 150 familias de la comuna de los valles generosos.<\/p>\n\n\n\n<p>Jes\u00fas Manuel Herrera<\/p>\n\n\n\n<p>Periodista<br>Licenciado en Comunicaci\u00f3n Social<\/p>\n","protected":false},"excerpt":{"rendered":"<p>El Seremi de Desarrollo Social y Familia, Eduardo Alcayaga Cort\u00e9s y el alcalde Cristian Herrera Pe\u00f1a realizaron una visita para compartir la experiencia con ni\u00f1os y ni\u00f1as de la comuna. Un lugar donde ni\u00f1os y ni\u00f1as pueden jugar, realizar entretenidos talleres y pasar el verano mientras sus padres trabajan en temporada agr\u00edcola, esa es la &#8230;<\/p>\n","protected":false},"author":2,"featured_media":10651,"comment_status":"open","ping_status":"open","sticky":false,"template":"","format":"standard","meta":{"footnotes":""},"categories":[3],"tags":[],"class_list":["post-10650","post","type-post","status-publish","format-standard","has-post-thumbnail","hentry","category-actualidad"],"_links":{"self":[{"href":"https:\/\/www.radiolimari.cl\/index.php?rest_route=\/wp\/v2\/posts\/10650","targetHints":{"allow":["GET"]}}],"collection":[{"href":"https:\/\/www.radiolimari.cl\/index.php?rest_route=\/wp\/v2\/posts"}],"about":[{"href":"https:\/\/www.radiolimari.cl\/index.php?rest_route=\/wp\/v2\/types\/post"}],"author":[{"embeddable":true,"href":"https:\/\/www.radiolimari.cl\/index.php?rest_route=\/wp\/v2\/users\/2"}],"replies":[{"embeddable":true,"href":"https:\/\/www.radiolimari.cl\/index.php?rest_route=%2Fwp%2Fv2%2Fcomments&post=10650"}],"version-history":[{"count":1,"href":"https:\/\/www.radiolimari.cl\/index.php?rest_route=\/wp\/v2\/posts\/10650\/revisions"}],"predecessor-version":[{"id":10652,"href":"https:\/\/www.radiolimari.cl\/index.php?rest_route=\/wp\/v2\/posts\/10650\/revisions\/10652"}],"wp:featuredmedia":[{"embeddable":true,"href":"https:\/\/www.radiolimari.cl\/index.php?rest_route=\/wp\/v2\/media\/10651"}],"wp:attachment":[{"href":"https:\/\/www.radiolimari.cl\/index.php?rest_route=%2Fwp%2Fv2%2Fmedia&parent=10650"}],"wp:term":[{"taxonomy":"category","embeddable":true,"href":"https:\/\/www.radiolimari.cl\/index.php?rest_route=%2Fwp%2Fv2%2Fcategories&post=10650"},{"taxonomy":"post_tag","embeddable":true,"href":"https:\/\/www.radiolimari.cl\/index.php?rest_route=%2Fwp%2Fv2%2Ftags&post=10650"}],"curies":[{"name":"wp","href":"https:\/\/api.w.org\/{rel}","templated":true}]}}