{"id":10614,"date":"2024-01-29T18:30:49","date_gmt":"2024-01-29T18:30:49","guid":{"rendered":"https:\/\/www.radiolimari.cl\/?p=10614"},"modified":"2024-01-29T18:30:50","modified_gmt":"2024-01-29T18:30:50","slug":"expo-tuning-summer-2024-la-exitosa-propuesta-recreativa-en-torno-a-la-cultura-tuerca-en-monte-patria","status":"publish","type":"post","link":"https:\/\/www.radiolimari.cl\/?p=10614","title":{"rendered":"Expo Tuning Summer 2024: la exitosa propuesta recreativa en torno a la cultura tuerca en Monte Patria"},"content":{"rendered":"\n<figure class=\"wp-block-image size-large\"><a href=\"https:\/\/www.radiolimari.cl\/wp-content\/uploads\/2024\/01\/IMG_0190-scaled.jpg\"><img fetchpriority=\"high\" decoding=\"async\" width=\"1024\" height=\"683\" src=\"https:\/\/www.radiolimari.cl\/wp-content\/uploads\/2024\/01\/IMG_0190-1024x683.jpg\" alt=\"\" class=\"wp-image-10615\" srcset=\"https:\/\/www.radiolimari.cl\/wp-content\/uploads\/2024\/01\/IMG_0190-1024x683.jpg 1024w, https:\/\/www.radiolimari.cl\/wp-content\/uploads\/2024\/01\/IMG_0190-300x200.jpg 300w, https:\/\/www.radiolimari.cl\/wp-content\/uploads\/2024\/01\/IMG_0190-768x512.jpg 768w, https:\/\/www.radiolimari.cl\/wp-content\/uploads\/2024\/01\/IMG_0190-1536x1024.jpg 1536w, https:\/\/www.radiolimari.cl\/wp-content\/uploads\/2024\/01\/IMG_0190-2048x1365.jpg 2048w\" sizes=\"(max-width: 1024px) 100vw, 1024px\" \/><\/a><\/figure>\n\n\n\n<p><strong><em>La actividad se realiz\u00f3 con el apoyo de las subvenciones de verano que el municipio entreg\u00f3 para realizar actividades en esta temporada estival.<\/em><\/strong><\/p>\n\n\n\n<p>Monte Patria vibr\u00f3 al sonar de los motores y estilos \u00fanicos en la Expo Tuning 2024 realizada este domingo 28 de enero, donde el encuentro reuni\u00f3 a la comunidad en torno a la cultura tuerca. El evento, realizado con el apoyo de una subvenci\u00f3n de verano otorgada por el Municipio de Monte Patria, reuni\u00f3 a cerca de 700 personas y 150 autos, y fue organizado en colaboraci\u00f3n con la oficina de Juventudes, bajo el objetivo de promover actividades inclusivas y atractivas para los distintos intereses en el territorio.<\/p>\n\n\n\n<p>Durante la jornada, se expusieron veh\u00edculos provenientes del interior y exterior de la comuna, donde mostraron las estilizadas modificaciones que han trabajado en sus autos. En la expo se dividi\u00f3 por categor\u00edas las particularidades de cada uno, algunas de ellas eran el auto m\u00e1s bajo, medido a trav\u00e9s de un limbo, el tubo de escape m\u00e1s ruidoso, entre otras.<\/p>\n\n\n\n<p>Sebasti\u00e1n Castro, presidente de la agrupaci\u00f3n organizadora Team Speed King, destac\u00f3 que el evento no solo fue pensado para los amantes del tuning sino que tambi\u00e9n para toda la familia. <strong>\u201cGracias a una subvenci\u00f3n que nos entreg\u00f3 el municipio pudimos realizar una nueva expo, incluyendo una fiesta de espuma para los m\u00e1s chicos. Llevamos varias versiones de esto, esta es la segunda en el centro cultural pero antes hicimos varias en la plaza. Quisimos hacer un evento para toda la familia, hoy los ni\u00f1os disfrutaron la espuma y evadieron un poco el calor. Vamos a seguir trabajando para continuar con esto\u201d.<\/strong><\/p>\n\n\n\n<p>En el desarrollo de la exposici\u00f3n tambi\u00e9n se interactu\u00f3 con el p\u00fablico, especialmente en la categor\u00eda \u201cAuto payaso\u201d donde se invit\u00f3 a los presentes a participar de la competencia, que consisti\u00f3 en premiar al auto que lograra albergar a m\u00e1s personas en su interior. Finalmente, el ganador obtuvo el triunfo con un total de 54 personas a bordo.<\/p>\n\n\n\n<p>La expo Tuning tambi\u00e9n brind\u00f3 una plataforma para emprendedores locales, quienes exhibieron y compartieron sus productos con el p\u00fablico. Desde negocios relacionados con el mundo automovil\u00edstico hasta opciones de bebidas y alimentos.<\/p>\n\n\n\n<p>Uno de ellos fue Kenny Alfaro, emprendedor que asisti\u00f3 al evento con sus productos para la mantenci\u00f3n y estilizaci\u00f3n de veh\u00edculos.<strong> \u201cNosotros vendemos luces y art\u00edculos de limpieza de autos, hoy nos ha ido super bien. He participado hartas veces en actividades de tuning as\u00ed que nos parece super bien la expo y creo que las deber\u00edan hacer m\u00e1s seguido. Bac\u00e1n que el municipio apoye la cultura tuerca y sus exposiciones\u201d.<\/strong><\/p>\n\n\n\n<p>Este domingo tambi\u00e9n se presentaron artistas locales que, ligados al estilo urbano, ofrecieron sus composiciones para acompa\u00f1ar la tarde. As\u00ed tambi\u00e9n la jornada cont\u00f3 con la presencia del alcalde de la comuna y su equipo municipal, subrayando el respaldo de la administraci\u00f3n a iniciativas que promueven la cultura y la recreaci\u00f3n del territorio.<\/p>\n\n\n\n<p>As\u00ed destac\u00f3 la primera autoridad comunal, Cristian Herrera Pe\u00f1a. <strong>\u201cFelicitamos a todos los que est\u00e1n ac\u00e1, estamos felices de abrir este espacio y generar actividades en verano para todos los sectores, j\u00f3venes, grandes y chicos. Destacamos tambi\u00e9n a los chicos TSK que postul\u00f3 a una subvenci\u00f3n que les entregamos y se pudo concretar el evento. Felices de que los j\u00f3venes tambi\u00e9n tengan su espacio, gracias a la coordinaci\u00f3n de la oficina de juventudes, reafirmamos que nuestros espacios municipales siempre estar\u00e1n abiertos para la recreaci\u00f3n\u201d.<\/strong><\/p>\n\n\n\n<p>La expo tuning, que se suma a la variedad de propuestas que el municipio y la comunidad han organizado para vivir un <em>#veranocontodo<\/em>, se consolid\u00f3 con \u00e9xito como un espacio de encuentro y celebraci\u00f3n para todos los amantes de la cultura tuerca en Monte Patria, y comienza la cuenta regresiva hasta su pr\u00f3xima versi\u00f3n.<\/p>\n\n\n\n<p><\/p>\n","protected":false},"excerpt":{"rendered":"<p>La actividad se realiz\u00f3 con el apoyo de las subvenciones de verano que el municipio entreg\u00f3 para realizar actividades en esta temporada estival. Monte Patria vibr\u00f3 al sonar de los motores y estilos \u00fanicos en la Expo Tuning 2024 realizada este domingo 28 de enero, donde el encuentro reuni\u00f3 a la comunidad en torno a &#8230;<\/p>\n","protected":false},"author":2,"featured_media":10615,"comment_status":"open","ping_status":"open","sticky":false,"template":"","format":"standard","meta":{"footnotes":""},"categories":[5],"tags":[],"class_list":["post-10614","post","type-post","status-publish","format-standard","has-post-thumbnail","hentry","category-actualidad-limarina"],"_links":{"self":[{"href":"https:\/\/www.radiolimari.cl\/index.php?rest_route=\/wp\/v2\/posts\/10614","targetHints":{"allow":["GET"]}}],"collection":[{"href":"https:\/\/www.radiolimari.cl\/index.php?rest_route=\/wp\/v2\/posts"}],"about":[{"href":"https:\/\/www.radiolimari.cl\/index.php?rest_route=\/wp\/v2\/types\/post"}],"author":[{"embeddable":true,"href":"https:\/\/www.radiolimari.cl\/index.php?rest_route=\/wp\/v2\/users\/2"}],"replies":[{"embeddable":true,"href":"https:\/\/www.radiolimari.cl\/index.php?rest_route=%2Fwp%2Fv2%2Fcomments&post=10614"}],"version-history":[{"count":1,"href":"https:\/\/www.radiolimari.cl\/index.php?rest_route=\/wp\/v2\/posts\/10614\/revisions"}],"predecessor-version":[{"id":10616,"href":"https:\/\/www.radiolimari.cl\/index.php?rest_route=\/wp\/v2\/posts\/10614\/revisions\/10616"}],"wp:featuredmedia":[{"embeddable":true,"href":"https:\/\/www.radiolimari.cl\/index.php?rest_route=\/wp\/v2\/media\/10615"}],"wp:attachment":[{"href":"https:\/\/www.radiolimari.cl\/index.php?rest_route=%2Fwp%2Fv2%2Fmedia&parent=10614"}],"wp:term":[{"taxonomy":"category","embeddable":true,"href":"https:\/\/www.radiolimari.cl\/index.php?rest_route=%2Fwp%2Fv2%2Fcategories&post=10614"},{"taxonomy":"post_tag","embeddable":true,"href":"https:\/\/www.radiolimari.cl\/index.php?rest_route=%2Fwp%2Fv2%2Ftags&post=10614"}],"curies":[{"name":"wp","href":"https:\/\/api.w.org\/{rel}","templated":true}]}}