{"id":10603,"date":"2024-01-26T21:20:30","date_gmt":"2024-01-26T21:20:30","guid":{"rendered":"https:\/\/www.radiolimari.cl\/?p=10603"},"modified":"2024-01-26T21:20:31","modified_gmt":"2024-01-26T21:20:31","slug":"proyecto-de-ley-busca-incentivar-la-inversion-de-extranjeros-no-residentes-para-la-adquisicion-de-inmuebles","status":"publish","type":"post","link":"https:\/\/www.radiolimari.cl\/?p=10603","title":{"rendered":"Proyecto de Ley busca incentivar la inversi\u00f3n de extranjeros no residentes para la adquisici\u00f3n de inmuebles"},"content":{"rendered":"\n<figure class=\"wp-block-image size-large\"><a href=\"https:\/\/www.radiolimari.cl\/wp-content\/uploads\/2024\/01\/IMG-20240126-WA0017.jpg\"><img fetchpriority=\"high\" decoding=\"async\" width=\"1024\" height=\"768\" src=\"https:\/\/www.radiolimari.cl\/wp-content\/uploads\/2024\/01\/IMG-20240126-WA0017-1024x768.jpg\" alt=\"\" class=\"wp-image-10604\" srcset=\"https:\/\/www.radiolimari.cl\/wp-content\/uploads\/2024\/01\/IMG-20240126-WA0017-1024x768.jpg 1024w, https:\/\/www.radiolimari.cl\/wp-content\/uploads\/2024\/01\/IMG-20240126-WA0017-300x225.jpg 300w, https:\/\/www.radiolimari.cl\/wp-content\/uploads\/2024\/01\/IMG-20240126-WA0017-768x576.jpg 768w, https:\/\/www.radiolimari.cl\/wp-content\/uploads\/2024\/01\/IMG-20240126-WA0017-1536x1152.jpg 1536w, https:\/\/www.radiolimari.cl\/wp-content\/uploads\/2024\/01\/IMG-20240126-WA0017.jpg 1600w\" sizes=\"(max-width: 1024px) 100vw, 1024px\" \/><\/a><\/figure>\n\n\n\n<p><strong><em>Se trata de una iniciativa levantada desde la Regi\u00f3n de Coquimbo, impulsada por el Diputado Juan Manuel Fuenzalida y apoyada por el Delegado Presidencial Regional, Galo Luna.<\/em><\/strong><\/p>\n\n\n\n<p>La Regi\u00f3n de Coquimbo y la Provincia de San Juan, en Argentina, se han caracterizado por mantener una fuerte y fecunda relaci\u00f3n de hermanamiento.<\/p>\n\n\n\n<p>Hist\u00f3ricamente, han sido cientos los visitantes que llegan a nuestro pa\u00eds a descansar y, en algunos casos, buscar alternativas para concretar negocios.<\/p>\n\n\n\n<p>Por ello es que, se ha reflotado el desarrollo de un proyecto de Ley que busca entregar herramientas a los extranjeros no residentes para aue puedan acceder a bienes inmuebles.<\/p>\n\n\n\n<p>Se trata de una iniciativa impulsada por el Diputado Juan Manuel Fuenzalida quien sostuvo que <strong>\u00abes un proyecto que reflotamos, que fue previo a la pandemia y que busca a que puedan optar, a trav\u00e9s de un cr\u00e9dito hipotecario, a adquirir inmuebles ac\u00e1 en Chile, pensado principalmente, en los habitantes de San Juan que ven en la conurbaci\u00f3n La Serena y Coquimbo un balneario importante. Al acceder a este tipo de cr\u00e9dito vamos a tener una fuerte reactivaci\u00f3n econ\u00f3mica que va a permitir dar m\u00e1s fuerza al \u00e1rea de la construcci\u00f3n y, al mismo tiempo, el desarrollo de otros servicios relacionados\u00bb.<\/strong><\/p>\n\n\n\n<p>Proyecto que adem\u00e1s es apoyado por la Delegaci\u00f3n Presidencial Regional, considerado como ben\u00e9fico para ambas regiones, en el contexto de la integraci\u00f3n que llevan adelante ambos territorios.<\/p>\n\n\n\n<p><strong>\u00abDada las buenas relaciones, y como parte de este trabajo, pudimos coversar este tema con el Gobernador Marcelo Orrego, quien asumi\u00f3 en San Juan, y pedimos reimpulsar el proyecto de Ley, porque es una demanda muy sentida de los sanjuaninos y sanjuaninas que tienen la posibilidad y el inter\u00e9s de desarrollar inversi\u00f3n inmobiliaria en nuestra regi\u00f3n\u00bb,<\/strong> destac\u00f3 el Delegado Presidencial Regional, Galo Luna.<\/p>\n\n\n\n<p>El proyecto ya fue presentado, acot\u00f3 el Diputado Fuenzalida, quedando radicado en la Comisi\u00f3n de Econom\u00eda de la C\u00e1mara de Diputados y Diputadas y se espera que en el mes de marzo se pueda comenzar a tramitar.<\/p>\n\n\n\n<p><strong>\u00abAc\u00e1 independiente se la vereda pol\u00edtica, la transversalidad es muy importante para sacar adelante estos proyectos, que bien son proyectos nacionales, est\u00e1n enfocados en la regi\u00f3n y nacen desde la regi\u00f3n\u00bb,<\/strong> remarc\u00f3 el Diputado por la Regi\u00f3n de Coquimbo.<\/p>\n\n\n\n<p>Mientras que el Delegado Luna puntualiz\u00f3 que <strong>\u00absabemos que la regi\u00f3n es un polo de atracci\u00f3n tur\u00edstica importante para ellos, y esperamos ir fortaleciendo los lazos con San Juan y que nos permita avanzar tambi\u00e9n en otras \u00e1reas como la agricultura, la industria, el desarrollo tecnol\u00f3gico y cient\u00edfico, entre otras potencialidades de intercambio que puedan surgir\u00bb.<\/strong><\/p>\n\n\n\n<p>Al respecto, el parlamentario y el Delegado Luna ya han sostenido reuniones de trabajo para difundir la iniciativa tanto con el Ministro de Econom\u00eda, Nicol\u00e1s Grau, como con el Presidente se la Asociaci\u00f3n de Bancos y la Presidenta de BancoEstado.<\/p>\n","protected":false},"excerpt":{"rendered":"<p>Se trata de una iniciativa levantada desde la Regi\u00f3n de Coquimbo, impulsada por el Diputado Juan Manuel Fuenzalida y apoyada por el Delegado Presidencial Regional, Galo Luna. La Regi\u00f3n de Coquimbo y la Provincia de San Juan, en Argentina, se han caracterizado por mantener una fuerte y fecunda relaci\u00f3n de hermanamiento. Hist\u00f3ricamente, han sido cientos &#8230;<\/p>\n","protected":false},"author":2,"featured_media":10604,"comment_status":"open","ping_status":"open","sticky":false,"template":"","format":"standard","meta":{"footnotes":""},"categories":[6],"tags":[],"class_list":["post-10603","post","type-post","status-publish","format-standard","has-post-thumbnail","hentry","category-regionales"],"_links":{"self":[{"href":"https:\/\/www.radiolimari.cl\/index.php?rest_route=\/wp\/v2\/posts\/10603","targetHints":{"allow":["GET"]}}],"collection":[{"href":"https:\/\/www.radiolimari.cl\/index.php?rest_route=\/wp\/v2\/posts"}],"about":[{"href":"https:\/\/www.radiolimari.cl\/index.php?rest_route=\/wp\/v2\/types\/post"}],"author":[{"embeddable":true,"href":"https:\/\/www.radiolimari.cl\/index.php?rest_route=\/wp\/v2\/users\/2"}],"replies":[{"embeddable":true,"href":"https:\/\/www.radiolimari.cl\/index.php?rest_route=%2Fwp%2Fv2%2Fcomments&post=10603"}],"version-history":[{"count":1,"href":"https:\/\/www.radiolimari.cl\/index.php?rest_route=\/wp\/v2\/posts\/10603\/revisions"}],"predecessor-version":[{"id":10605,"href":"https:\/\/www.radiolimari.cl\/index.php?rest_route=\/wp\/v2\/posts\/10603\/revisions\/10605"}],"wp:featuredmedia":[{"embeddable":true,"href":"https:\/\/www.radiolimari.cl\/index.php?rest_route=\/wp\/v2\/media\/10604"}],"wp:attachment":[{"href":"https:\/\/www.radiolimari.cl\/index.php?rest_route=%2Fwp%2Fv2%2Fmedia&parent=10603"}],"wp:term":[{"taxonomy":"category","embeddable":true,"href":"https:\/\/www.radiolimari.cl\/index.php?rest_route=%2Fwp%2Fv2%2Fcategories&post=10603"},{"taxonomy":"post_tag","embeddable":true,"href":"https:\/\/www.radiolimari.cl\/index.php?rest_route=%2Fwp%2Fv2%2Ftags&post=10603"}],"curies":[{"name":"wp","href":"https:\/\/api.w.org\/{rel}","templated":true}]}}