{"id":10600,"date":"2024-01-25T13:21:54","date_gmt":"2024-01-25T13:21:54","guid":{"rendered":"https:\/\/www.radiolimari.cl\/?p=10600"},"modified":"2024-01-25T13:21:55","modified_gmt":"2024-01-25T13:21:55","slug":"proyecto-que-rebaja-tarifa-electrica-de-invierno-para-los-servicios-sanitarios-rurales-ex-apr-es-aprobado-por-el-senado-y-sera-ley-de-la-republica","status":"publish","type":"post","link":"https:\/\/www.radiolimari.cl\/?p=10600","title":{"rendered":"Proyecto que rebaja tarifa el\u00e9ctrica de invierno para los servicios sanitarios rurales (ex APR) es aprobado por el Senado y ser\u00e1 ley de la Rep\u00fablica"},"content":{"rendered":"\n<figure class=\"wp-block-image size-large\"><a href=\"https:\/\/www.radiolimari.cl\/wp-content\/uploads\/2024\/01\/Punto-2.jpeg\"><img fetchpriority=\"high\" decoding=\"async\" width=\"1024\" height=\"682\" src=\"https:\/\/www.radiolimari.cl\/wp-content\/uploads\/2024\/01\/Punto-2-1024x682.jpeg\" alt=\"\" class=\"wp-image-10601\" srcset=\"https:\/\/www.radiolimari.cl\/wp-content\/uploads\/2024\/01\/Punto-2-1024x682.jpeg 1024w, https:\/\/www.radiolimari.cl\/wp-content\/uploads\/2024\/01\/Punto-2-300x200.jpeg 300w, https:\/\/www.radiolimari.cl\/wp-content\/uploads\/2024\/01\/Punto-2-768x512.jpeg 768w, https:\/\/www.radiolimari.cl\/wp-content\/uploads\/2024\/01\/Punto-2-1536x1023.jpeg 1536w, https:\/\/www.radiolimari.cl\/wp-content\/uploads\/2024\/01\/Punto-2.jpeg 1600w\" sizes=\"(max-width: 1024px) 100vw, 1024px\" \/><\/a><\/figure>\n\n\n\n<p><em>Un total de 2500 SSR tendr\u00e1n una disminuci\u00f3n en su tarifa mensual. Mientras que para el resto del pa\u00eds el promedio de rebaja ser\u00e1 de un 19%, para la regi\u00f3n de Coquimbo se proyecta que el descuento sea de un 21%.<\/em><\/p>\n\n\n\n<p>De forma un\u00e1nime, el proyecto de ley que rebaja la tarifa el\u00e9ctrica de invierno para los Servicios Sanitarios Rurales (SSR) o Agua Potable Rural recibi\u00f3 el respaldo de la Sala del Senado y a esperas de su promulgaci\u00f3n, la iniciativa presentada por la diputada Nathalie Castillo y patrocinada por el ministro de Energ\u00eda, Diego Pardow, ser\u00e1 ley de la rep\u00fablica.<\/p>\n\n\n\n<p>Un total de 36 votos favorables y ninguno en contra son los que recibi\u00f3 la moci\u00f3n presentada por la parlamentaria de la regi\u00f3n de Coquimbo y que lleg\u00f3 a su \u00faltimo tr\u00e1mite legislativo tras una r\u00e1pida votaci\u00f3n en la Comisi\u00f3n de Recursos H\u00eddricos de la C\u00e1mara de Diputadas y Diputados y en su instancia hom\u00f3nima de la C\u00e1mara Alta.<\/p>\n\n\n\n<p>Seg\u00fan palabras de la parlamentaria,\u201cesto habla y conversa con la justicia territorial tan necesaria en un escenario catastr\u00f3fico en materia h\u00eddrica. Agradecer al ministro de Energ\u00eda, Diego Pardow y al Senado por su apoyo en la tramitaci\u00f3n. <strong>Esto va a beneficiar&nbsp; a dos millones de personas<\/strong> que no solo generar\u00e1 oportunidades de ahorro para los operadores y operadoras de APR sino que tambi\u00e9n al destinatario final, que es el usuario y usuaria de agua potable rural\u201d.<\/p>\n\n\n\n<p>En tanto, el ministro Pardow destac\u00f3 la transversalidad de su aprobaci\u00f3n.<\/p>\n\n\n\n<p>\u201cEs una gran noticia. Empezamos hace seis meses a trabajar este proyecto de ley teniendo en cuenta que los Servicios Sanitarios Rurales cumplen una funci\u00f3n determinante en el acceso al agua de las comunidades m\u00e1s aisladas de nuestro pa\u00eds, por lo que necesitamos trabajar en medidas urgentes que permitan dar un alivio financiera a estas organizaciones que cumplen una finalidad tan importante\u201d, destac\u00f3.<\/p>\n\n\n\n<p><strong>CAMBIOS SER\u00c1N LEY<\/strong><\/p>\n\n\n\n<p>La moci\u00f3n modifica el art\u00edculo 155 de la Ley General de Servicios El\u00e9ctricos <strong>impidiendo que se aplique el recargo de la tarifa por horario punta<\/strong> y l\u00edmite de invierno para estas organizaciones sin fines de lucro, reforzando el rol social de estas, dado que al impedir esta alza, los saldos a favor de sus operaciones ser\u00e1n invertidas para mejorar un servicio tan esencial para la ruralidad, como es la provisi\u00f3n de agua y saneamiento.<\/p>\n\n\n\n<p>Cabe se\u00f1alar que seg\u00fan cifras oficiales los beneficiarios experimentar\u00e1n un descuento aproximado de un 19% en su cartola mensual durante la \u00e9poca de invierno (abril a septiembre). <strong>Para la regi\u00f3n de Coquimbo se calcula que un 21% ser\u00e1 la rebaja para los comit\u00e9s o cooperativas de Agua Potable Rural.&nbsp;<\/strong><\/p>\n\n\n\n<p>Quien aplicar\u00e1 el descuento ser\u00e1 la propia empresa concesionaria de distribuci\u00f3n de electricidad. Mientras que la Comisi\u00f3n Nacional de Energ\u00eda -quien informa al ministerio para que \u00e9ste fije la tarifa para todos los clientes regulados- contabilizar\u00e1 los descuentos en la primera fijaci\u00f3n de precios de nudo promedio de 2024, a fin de traspasar el descuento a las empresas.<\/p>\n\n\n\n<p>Esta propuesta surgi\u00f3 debido a que la eliminaci\u00f3n v\u00eda administrativa de la tarifa de invierno hecha por el presidente Gabriel Boric el a\u00f1o pasado excluy\u00f3 a un 45% de los usuarios regulados. Cubriendo ese vac\u00edo es que <strong>la parlamentaria ingres\u00f3 la propuesta de ley que beneficiar\u00e1 a m\u00e1s de 2500 APR de todo el pa\u00eds.<\/strong><\/p>\n\n\n\n<p>En esa l\u00ednea, hay que precisar que los clientes de SSR est\u00e1n sujetos a distintas tarifas (BT1A, BT1B, AT2, AT3, BT2, BT3, BT4.1, BT4.3, AT4.1, AT4.3, TRAT1) y el beneficio anunciado no los incluy\u00f3 a todos; no obstante, la iniciativa de Castillo ser\u00e1 para todos los clientes regulados, sin importar su tarifa.<\/p>\n\n\n\n<p>La actual legislaci\u00f3n, como una forma de racionalizar el consumo de energ\u00eda en la \u00e9poca de mayor demanda, aplica recargos en la tarifa mensual por concepto de \u201chorario punta\u201d (18 a 22 horas) y \u201cl\u00edmite de invierno\u201d(valor promedio de consumo de energ\u00eda durante los meses de octubre a marzo del a\u00f1o en curso, incrementado en 20% y 350 kWh). El aumento en la cartola mensual es para todos los clientes que superen lo fijado por la ley.<\/p>\n","protected":false},"excerpt":{"rendered":"<p>Un total de 2500 SSR tendr\u00e1n una disminuci\u00f3n en su tarifa mensual. Mientras que para el resto del pa\u00eds el promedio de rebaja ser\u00e1 de un 19%, para la regi\u00f3n de Coquimbo se proyecta que el descuento sea de un 21%. De forma un\u00e1nime, el proyecto de ley que rebaja la tarifa el\u00e9ctrica de invierno &#8230;<\/p>\n","protected":false},"author":2,"featured_media":10601,"comment_status":"open","ping_status":"open","sticky":false,"template":"","format":"standard","meta":{"footnotes":""},"categories":[3],"tags":[],"class_list":["post-10600","post","type-post","status-publish","format-standard","has-post-thumbnail","hentry","category-actualidad"],"_links":{"self":[{"href":"https:\/\/www.radiolimari.cl\/index.php?rest_route=\/wp\/v2\/posts\/10600","targetHints":{"allow":["GET"]}}],"collection":[{"href":"https:\/\/www.radiolimari.cl\/index.php?rest_route=\/wp\/v2\/posts"}],"about":[{"href":"https:\/\/www.radiolimari.cl\/index.php?rest_route=\/wp\/v2\/types\/post"}],"author":[{"embeddable":true,"href":"https:\/\/www.radiolimari.cl\/index.php?rest_route=\/wp\/v2\/users\/2"}],"replies":[{"embeddable":true,"href":"https:\/\/www.radiolimari.cl\/index.php?rest_route=%2Fwp%2Fv2%2Fcomments&post=10600"}],"version-history":[{"count":1,"href":"https:\/\/www.radiolimari.cl\/index.php?rest_route=\/wp\/v2\/posts\/10600\/revisions"}],"predecessor-version":[{"id":10602,"href":"https:\/\/www.radiolimari.cl\/index.php?rest_route=\/wp\/v2\/posts\/10600\/revisions\/10602"}],"wp:featuredmedia":[{"embeddable":true,"href":"https:\/\/www.radiolimari.cl\/index.php?rest_route=\/wp\/v2\/media\/10601"}],"wp:attachment":[{"href":"https:\/\/www.radiolimari.cl\/index.php?rest_route=%2Fwp%2Fv2%2Fmedia&parent=10600"}],"wp:term":[{"taxonomy":"category","embeddable":true,"href":"https:\/\/www.radiolimari.cl\/index.php?rest_route=%2Fwp%2Fv2%2Fcategories&post=10600"},{"taxonomy":"post_tag","embeddable":true,"href":"https:\/\/www.radiolimari.cl\/index.php?rest_route=%2Fwp%2Fv2%2Ftags&post=10600"}],"curies":[{"name":"wp","href":"https:\/\/api.w.org\/{rel}","templated":true}]}}