{"id":10591,"date":"2024-01-24T17:14:00","date_gmt":"2024-01-24T17:14:00","guid":{"rendered":"https:\/\/www.radiolimari.cl\/?p=10591"},"modified":"2024-01-24T17:14:00","modified_gmt":"2024-01-24T17:14:00","slug":"en-ovalle-este-fin-de-semana-se-realizara-la-xiv-version-de-la-fiesta-del-cabrito","status":"publish","type":"post","link":"https:\/\/www.radiolimari.cl\/?p=10591","title":{"rendered":"En Ovalle este fin de semana se realizar\u00e1 la XIV versi\u00f3n de la Fiesta del Cabrito"},"content":{"rendered":"\n<figure class=\"wp-block-image size-large\"><a href=\"https:\/\/www.radiolimari.cl\/wp-content\/uploads\/2024\/01\/Fiesta-del-Cabrito-2024-1-scaled.jpg\"><img fetchpriority=\"high\" decoding=\"async\" width=\"1024\" height=\"678\" src=\"https:\/\/www.radiolimari.cl\/wp-content\/uploads\/2024\/01\/Fiesta-del-Cabrito-2024-1-1024x678.jpg\" alt=\"\" class=\"wp-image-10592\" srcset=\"https:\/\/www.radiolimari.cl\/wp-content\/uploads\/2024\/01\/Fiesta-del-Cabrito-2024-1-1024x678.jpg 1024w, https:\/\/www.radiolimari.cl\/wp-content\/uploads\/2024\/01\/Fiesta-del-Cabrito-2024-1-300x199.jpg 300w, https:\/\/www.radiolimari.cl\/wp-content\/uploads\/2024\/01\/Fiesta-del-Cabrito-2024-1-768x509.jpg 768w, https:\/\/www.radiolimari.cl\/wp-content\/uploads\/2024\/01\/Fiesta-del-Cabrito-2024-1-1536x1017.jpg 1536w, https:\/\/www.radiolimari.cl\/wp-content\/uploads\/2024\/01\/Fiesta-del-Cabrito-2024-1-2048x1356.jpg 2048w\" sizes=\"(max-width: 1024px) 100vw, 1024px\" \/><\/a><\/figure>\n\n\n\n<p><strong><em>La tradicional festividad, impulsada por el municipio de Ovalle, se llevar\u00e1 a cabo el s\u00e1bado 27 y domingo 28 de enero en el Parque Recreacional Los Pe\u00f1ones<\/em><\/strong>.<\/p>\n\n\n\n<p>El Parque Recreacional Los Pe\u00f1ones se llenar\u00e1 de chilenidad, costumbres y tradiciones con la realizaci\u00f3n de la XIV versi\u00f3n de la Fiesta del Cabrito y del queso de cabra, el pr\u00f3ximo s\u00e1bado 27 y domingo 28 de enero.<\/p>\n\n\n\n<p>La festividad contar\u00e1 con espacios de gastronom\u00eda t\u00edpica, donde se entregar\u00e1 una amplia oferta con diversas preparaciones con carne de cabrito, adem\u00e1s de un sector de emprendedores, artesan\u00eda, comercio local, food truck, \u00e1rea de productores de queso y un sector para cervezas artesanales.<\/p>\n\n\n\n<p>En el plano art\u00edstico, durante la primera jornada se presentar\u00e1 en el escenario central, desde las 19.00 horas, Los Jaguares del Norte, en tanto el segundo d\u00eda ser\u00e1 el turno de toda la cumbia ranchera del grupo Los Pincheiras del Sur de Johnn Rosales, para finalizar con la presentaci\u00f3n de la Sonora Palacios JR. A esto, se sumar\u00e1 la participaci\u00f3n de agrupaciones folcl\u00f3ricas, bandas locales y solistas, quienes animar\u00e1n esta actividad que estar\u00e1 abierta a la comunidad, desde las 10.00 de la ma\u00f1ana y hasta las 00.00 horas. &nbsp;&nbsp;&nbsp;<\/p>\n\n\n\n<p>\u201cQueremos que la comunidad participe de esta festividad tan t\u00edpica de nuestra zona, en la que resaltamos nuestras tradiciones, costumbres y las bondades de la carne de cabrito. La idea es que las familias ovallinas y quienes nos visitan puedan participar y conocer los productos locales y a la vez disfrutar de diversas actividades durante el d\u00eda y de un espect\u00e1culo de primer nivel\u201d sostuvo el alcalde de Ovalle, Jonathan Acu\u00f1a Rojas.<\/p>\n\n\n\n<p>La Fiesta del Cabrito de Ovalle es uno de los atractivos tur\u00edsticos del verano en la capital limarina y con el paso del tiempo se ha instalado como una de las actividades m\u00e1s tradicionales de la regi\u00f3n de Coquimbo, puesto que busca potenciar la gastronom\u00eda en base a este tipo de carne, que es uno de los productos t\u00edpicos de nuestra zona, en conjunto con el queso de cabra.<\/p>\n","protected":false},"excerpt":{"rendered":"<p>La tradicional festividad, impulsada por el municipio de Ovalle, se llevar\u00e1 a cabo el s\u00e1bado 27 y domingo 28 de enero en el Parque Recreacional Los Pe\u00f1ones. El Parque Recreacional Los Pe\u00f1ones se llenar\u00e1 de chilenidad, costumbres y tradiciones con la realizaci\u00f3n de la XIV versi\u00f3n de la Fiesta del Cabrito y del queso de &#8230;<\/p>\n","protected":false},"author":2,"featured_media":10592,"comment_status":"open","ping_status":"open","sticky":false,"template":"","format":"standard","meta":{"footnotes":""},"categories":[5],"tags":[],"class_list":["post-10591","post","type-post","status-publish","format-standard","has-post-thumbnail","hentry","category-actualidad-limarina"],"_links":{"self":[{"href":"https:\/\/www.radiolimari.cl\/index.php?rest_route=\/wp\/v2\/posts\/10591","targetHints":{"allow":["GET"]}}],"collection":[{"href":"https:\/\/www.radiolimari.cl\/index.php?rest_route=\/wp\/v2\/posts"}],"about":[{"href":"https:\/\/www.radiolimari.cl\/index.php?rest_route=\/wp\/v2\/types\/post"}],"author":[{"embeddable":true,"href":"https:\/\/www.radiolimari.cl\/index.php?rest_route=\/wp\/v2\/users\/2"}],"replies":[{"embeddable":true,"href":"https:\/\/www.radiolimari.cl\/index.php?rest_route=%2Fwp%2Fv2%2Fcomments&post=10591"}],"version-history":[{"count":1,"href":"https:\/\/www.radiolimari.cl\/index.php?rest_route=\/wp\/v2\/posts\/10591\/revisions"}],"predecessor-version":[{"id":10593,"href":"https:\/\/www.radiolimari.cl\/index.php?rest_route=\/wp\/v2\/posts\/10591\/revisions\/10593"}],"wp:featuredmedia":[{"embeddable":true,"href":"https:\/\/www.radiolimari.cl\/index.php?rest_route=\/wp\/v2\/media\/10592"}],"wp:attachment":[{"href":"https:\/\/www.radiolimari.cl\/index.php?rest_route=%2Fwp%2Fv2%2Fmedia&parent=10591"}],"wp:term":[{"taxonomy":"category","embeddable":true,"href":"https:\/\/www.radiolimari.cl\/index.php?rest_route=%2Fwp%2Fv2%2Fcategories&post=10591"},{"taxonomy":"post_tag","embeddable":true,"href":"https:\/\/www.radiolimari.cl\/index.php?rest_route=%2Fwp%2Fv2%2Ftags&post=10591"}],"curies":[{"name":"wp","href":"https:\/\/api.w.org\/{rel}","templated":true}]}}