{"id":10577,"date":"2024-01-16T14:02:58","date_gmt":"2024-01-16T14:02:58","guid":{"rendered":"https:\/\/www.radiolimari.cl\/?p=10577"},"modified":"2024-01-16T14:02:59","modified_gmt":"2024-01-16T14:02:59","slug":"en-la-comuna-de-monte-patria-avanzan-los-preparativos-para-la-segunda-version-de-la-gran-fiesta-del-pisco-y-el-queso-de-cabra","status":"publish","type":"post","link":"https:\/\/www.radiolimari.cl\/?p=10577","title":{"rendered":"En la comuna de Monte Patria avanzan los preparativos para la segunda versi\u00f3n de la gran \u201cFiesta del Pisco y el Queso de Cabra\u201d"},"content":{"rendered":"\n<figure class=\"wp-block-image size-large\"><a href=\"https:\/\/www.radiolimari.cl\/wp-content\/uploads\/2024\/01\/Fiesta-del-Pisco-y-Queso-real-1-scaled.jpg\"><img fetchpriority=\"high\" decoding=\"async\" width=\"1024\" height=\"683\" src=\"https:\/\/www.radiolimari.cl\/wp-content\/uploads\/2024\/01\/Fiesta-del-Pisco-y-Queso-real-1-1024x683.jpg\" alt=\"\" class=\"wp-image-10578\" srcset=\"https:\/\/www.radiolimari.cl\/wp-content\/uploads\/2024\/01\/Fiesta-del-Pisco-y-Queso-real-1-1024x683.jpg 1024w, https:\/\/www.radiolimari.cl\/wp-content\/uploads\/2024\/01\/Fiesta-del-Pisco-y-Queso-real-1-300x200.jpg 300w, https:\/\/www.radiolimari.cl\/wp-content\/uploads\/2024\/01\/Fiesta-del-Pisco-y-Queso-real-1-768x512.jpg 768w, https:\/\/www.radiolimari.cl\/wp-content\/uploads\/2024\/01\/Fiesta-del-Pisco-y-Queso-real-1-1536x1024.jpg 1536w, https:\/\/www.radiolimari.cl\/wp-content\/uploads\/2024\/01\/Fiesta-del-Pisco-y-Queso-real-1-2048x1365.jpg 2048w\" sizes=\"(max-width: 1024px) 100vw, 1024px\" \/><\/a><\/figure>\n\n\n\n<p><strong><em>La jornada, programada para el s\u00e1bado 3 de febrero, pretende congregar a turistas de toda la regi\u00f3n, en torno a estos dos nombres productos t\u00edpicos de los valles interiores.<\/em><\/strong><\/p>\n\n\n\n<p>La temporada estival en la comuna de los valles generosos avanza con todo, uno de los grandes panoramas de este verano es la 2da versi\u00f3n de la \u201cFiesta del Pisco y el Queso de Cabra\u201d, una propuesta gastron\u00f3mica y patrimonial que se posiciona como un imperdible en la provincial del Limar\u00ed.<\/p>\n\n\n\n<p>La primera versi\u00f3n de este evento fue algo in\u00e9dito, cerca de 2.000 personas en el momento m\u00e1s \u00e1lgido de visitantes (16 horas), una puesta en escena de 35 stands, cociner\u00edas y activaciones en cocteler\u00eda y gastronom\u00eda. Si bien, este resultado dej\u00f3 la <em>vara alta<\/em> en materias de expectativas, la propuesta 2024 viene recargada con m\u00e1s, cerca de 80 stand, doble sector de cociner\u00edas y una presentaci\u00f3n simult\u00e1nea del concurso de el \u201cMejor Queso\u201d, adem\u00e1s de un sector explicativo de maridaje entre ambos elementos, busca llevar a el siguiente l\u00edmite la fiesta de estos dos nobles productos.<\/p>\n\n\n\n<p>La propuesta se desarrollar\u00e1 este pr\u00f3ximo s\u00e1bado 03 de febrero, en todas las locaciones del centro cultural Huayquilonko; el conocido centro de Monte Patria aloja a cientos de turistas y p\u00fablico montepatrino, todos interesados en el comercio local, el gusto por el pisco y el queso y las ganas de vivir un momento recreativo y patrimonial en el coraz\u00f3n de los valles generosos.<\/p>\n\n\n\n<p>Frente a la preparaci\u00f3n de este evento, el alcalde Cristian herrera Pe\u00f1a manifest\u00f3 su expectativa por lo que ser\u00e1 esta 2da versi\u00f3n de la \u201cFiesta del Pisco y el Queso de Cabra\u201d, <strong>\u201cel a\u00f1o pasado fue nuestra primera versi\u00f3n de la fiesta del Pisco y el Queso, para nosotros es poder resaltar dos grandes patrimonios. Este a\u00f1o vamos con la segunda versi\u00f3n, solo como dato, el a\u00f1o pasado hab\u00eda cerca de 30 stands, los que se hab\u00edan arriesgado, aunque ya a mitad de fiesta hab\u00edan vendido todo; hoy tenemos ya cerca de 80 stand, personas que quieren vender en esta gran fiesta. El d\u00eda 3 de febrero en nuestro centro cultural, para que agende y venga a disfrutar de los mejores quesos y piscos de la zona\u201d.<\/strong><\/p>\n\n\n\n<p>Desde el Departamento de Fomento Productivo, su encargado Rodrigo gutierrez, destac\u00f3 el sentido de esta feria, poner en valor estos dos productos que tanto car\u00e1cter le han dado a los valles interiores de toda la regi\u00f3n, pero en especial a la provincial del Limar\u00ed, <strong>\u201cel pr\u00f3ximo 3 de febrero, desde las 13.00 horas tendremos m\u00e1s de 70 stand de emprendedores locales, tendremos la presencia de productores de pisco y queso, tendremos tambi\u00e9n al Mercado Campesino, en fin ,una variedad de personas y comerciantes de la comuna, estar\u00e1n los ap\u00edcolas, los artesanos; vamosa tener una parrilla entretenida y variada\u201d.<\/strong><\/p>\n\n\n\n<p>La jornada contar\u00e1 con la presencia de un animador de renombre nacional, as\u00ed mismo se realizar\u00e1n presentaciones folcl\u00f3ricas durante la tarde, activaciones gastron\u00f3micas, y de cocteler\u00eda, pisquera principalmente; m\u00e1s detalles en el pr\u00f3ximo punto de prensa del evento.<\/p>\n","protected":false},"excerpt":{"rendered":"<p>La jornada, programada para el s\u00e1bado 3 de febrero, pretende congregar a turistas de toda la regi\u00f3n, en torno a estos dos nombres productos t\u00edpicos de los valles interiores. La temporada estival en la comuna de los valles generosos avanza con todo, uno de los grandes panoramas de este verano es la 2da versi\u00f3n de &#8230;<\/p>\n","protected":false},"author":2,"featured_media":10578,"comment_status":"open","ping_status":"open","sticky":false,"template":"","format":"standard","meta":{"footnotes":""},"categories":[5],"tags":[],"class_list":["post-10577","post","type-post","status-publish","format-standard","has-post-thumbnail","hentry","category-actualidad-limarina"],"_links":{"self":[{"href":"https:\/\/www.radiolimari.cl\/index.php?rest_route=\/wp\/v2\/posts\/10577","targetHints":{"allow":["GET"]}}],"collection":[{"href":"https:\/\/www.radiolimari.cl\/index.php?rest_route=\/wp\/v2\/posts"}],"about":[{"href":"https:\/\/www.radiolimari.cl\/index.php?rest_route=\/wp\/v2\/types\/post"}],"author":[{"embeddable":true,"href":"https:\/\/www.radiolimari.cl\/index.php?rest_route=\/wp\/v2\/users\/2"}],"replies":[{"embeddable":true,"href":"https:\/\/www.radiolimari.cl\/index.php?rest_route=%2Fwp%2Fv2%2Fcomments&post=10577"}],"version-history":[{"count":1,"href":"https:\/\/www.radiolimari.cl\/index.php?rest_route=\/wp\/v2\/posts\/10577\/revisions"}],"predecessor-version":[{"id":10579,"href":"https:\/\/www.radiolimari.cl\/index.php?rest_route=\/wp\/v2\/posts\/10577\/revisions\/10579"}],"wp:featuredmedia":[{"embeddable":true,"href":"https:\/\/www.radiolimari.cl\/index.php?rest_route=\/wp\/v2\/media\/10578"}],"wp:attachment":[{"href":"https:\/\/www.radiolimari.cl\/index.php?rest_route=%2Fwp%2Fv2%2Fmedia&parent=10577"}],"wp:term":[{"taxonomy":"category","embeddable":true,"href":"https:\/\/www.radiolimari.cl\/index.php?rest_route=%2Fwp%2Fv2%2Fcategories&post=10577"},{"taxonomy":"post_tag","embeddable":true,"href":"https:\/\/www.radiolimari.cl\/index.php?rest_route=%2Fwp%2Fv2%2Ftags&post=10577"}],"curies":[{"name":"wp","href":"https:\/\/api.w.org\/{rel}","templated":true}]}}