{"id":10572,"date":"2024-01-16T13:24:37","date_gmt":"2024-01-16T13:24:37","guid":{"rendered":"https:\/\/www.radiolimari.cl\/?p=10572"},"modified":"2024-01-16T13:24:38","modified_gmt":"2024-01-16T13:24:38","slug":"en-la-comuna-de-monte-patria-comunidad-de-chilecito-elige-nuevo-nombre-a-jardin-infantil-de-la-junji","status":"publish","type":"post","link":"https:\/\/www.radiolimari.cl\/?p=10572","title":{"rendered":"En la comuna de Monte Patria, comunidad de Chilecito elige nuevo nombre a jard\u00edn infantil de la Junji"},"content":{"rendered":"\n<figure class=\"wp-block-image size-large\"><a href=\"https:\/\/www.radiolimari.cl\/wp-content\/uploads\/2024\/01\/2-1-scaled.jpg\"><img fetchpriority=\"high\" decoding=\"async\" width=\"1024\" height=\"768\" src=\"https:\/\/www.radiolimari.cl\/wp-content\/uploads\/2024\/01\/2-1-1024x768.jpg\" alt=\"\" class=\"wp-image-10573\" srcset=\"https:\/\/www.radiolimari.cl\/wp-content\/uploads\/2024\/01\/2-1-1024x768.jpg 1024w, https:\/\/www.radiolimari.cl\/wp-content\/uploads\/2024\/01\/2-1-300x225.jpg 300w, https:\/\/www.radiolimari.cl\/wp-content\/uploads\/2024\/01\/2-1-768x576.jpg 768w, https:\/\/www.radiolimari.cl\/wp-content\/uploads\/2024\/01\/2-1-1536x1152.jpg 1536w, https:\/\/www.radiolimari.cl\/wp-content\/uploads\/2024\/01\/2-1-2048x1536.jpg 2048w\" sizes=\"(max-width: 1024px) 100vw, 1024px\" \/><\/a><\/figure>\n\n\n\n<p><em>Luego de un proceso de consulta ciudadana y votaci\u00f3n, el nombre \u201cMis Primeras Huellitas\u201d, se impuso como ganador.<\/em><\/p>\n\n\n\n<p>Con una amplia participaci\u00f3n de las familias y redes comunitarias de Monte Patria, se llev\u00f3 a cabo la consulta ciudadana Ponle Nombre a Tu Jard\u00edn, en la unidad educativa \u201cChilecito\u201d, cuyo nombre respond\u00eda a la localidad donde se encuentra ubicado.<\/p>\n\n\n\n<p>La actividad organizada por la Junji comenz\u00f3 con la entrega de 16 propuestas de parte de la comunidad educativa a una comisi\u00f3n constituida por representantes de las familias, redes comunitarias y equipo del jard\u00edn, quienes seleccionaron tres, las cuales fueron: \u201cMandarino\u201d, \u201cSonrisas Traviesas\u201d y \u201cMis Primeras Huellitas\u201d.<\/p>\n\n\n\n<figure class=\"wp-block-image size-large\"><a href=\"https:\/\/www.radiolimari.cl\/wp-content\/uploads\/2024\/01\/3-scaled.jpg\"><img decoding=\"async\" width=\"1024\" height=\"768\" src=\"https:\/\/www.radiolimari.cl\/wp-content\/uploads\/2024\/01\/3-1024x768.jpg\" alt=\"\" class=\"wp-image-10574\" srcset=\"https:\/\/www.radiolimari.cl\/wp-content\/uploads\/2024\/01\/3-1024x768.jpg 1024w, https:\/\/www.radiolimari.cl\/wp-content\/uploads\/2024\/01\/3-300x225.jpg 300w, https:\/\/www.radiolimari.cl\/wp-content\/uploads\/2024\/01\/3-768x576.jpg 768w, https:\/\/www.radiolimari.cl\/wp-content\/uploads\/2024\/01\/3-1536x1152.jpg 1536w, https:\/\/www.radiolimari.cl\/wp-content\/uploads\/2024\/01\/3-2048x1536.jpg 2048w\" sizes=\"(max-width: 1024px) 100vw, 1024px\" \/><\/a><\/figure>\n\n\n\n<p>Luego, se llev\u00f3 a cabo un proceso de votaci\u00f3n ciudadana, donde result\u00f3 como ganador el nombre \u201cMis Primeras Huellitas\u201d, el cual fue creado por la apoderada del establecimiento Yanitza Cort\u00e9s.<\/p>\n\n\n\n<p>\u201cEl jard\u00edn es donde comienza la etapa del conocimiento, la formaci\u00f3n para cada uno y es all\u00ed donde los ni\u00f1os y ni\u00f1as dejan sus primeras huellas\u201d, destac\u00f3 Cort\u00e9s.<\/p>\n\n\n\n<p>Por su parte, Thamara Rom\u00e1n, encargada del jard\u00edn, se\u00f1al\u00f3 \u201cestamos muy contentas de por fin darle un nombre al jard\u00edn infantil, particip\u00f3 toda la comunidad de la localidad de Chilecito y el nombre ganador fue propuesto por una apoderada, por lo que estamos muy felices\u201d.<\/p>\n\n\n\n<p>En esa l\u00ednea, el subdirector de calidad educativa de Junji, Jos\u00e9 Miguel Barahona manifest\u00f3 que \u201cestamos muy felices como instituci\u00f3n de una participaci\u00f3n democr\u00e1tica, donde las familias y la comunidad educativa se hacen presente para elegir un nombre al jard\u00edn, el cual tiene una pertinencia, reconociendo la importancia del territorio, lo cual nos permite avanzar en esta unidad educativa en fortalecer sus aprendizajes. Actualmente estamos con una pol\u00edtica de reactivaci\u00f3n educativa promoviendo una revinculaci\u00f3n y asistencia de los ni\u00f1os y ni\u00f1as, por lo tanto, este primer hito marca una identidad de la comunidad haci\u00e9ndola cada vez m\u00e1s parte de los procesos educativos\u201d.<\/p>\n\n\n\n<p>A su vez, el alcalde de Monte Patria, Cristian Herrera, valor\u00f3 la puesta en marcha del jard\u00edn y la instancia de participaci\u00f3n para la elecci\u00f3n del nombre.<\/p>\n\n\n\n<p>\u201cCuando asum\u00ed la alcald\u00eda, mi compromiso fue apoyar la reactivaci\u00f3n de una obra que llevaba mucho tiempo sin poder ser terminada y hoy poder entrar y ver que est\u00e1n los ni\u00f1os y ni\u00f1as me pone muy contento. Este proceso que realiz\u00f3 la Junji y la comunidad educativa es para imitar tambi\u00e9n en otras instancias, donde la comunidad misma propone los nombres y despu\u00e9s de distintas etapas se vota, es una instancia que sin duda marca un hito que genera pertenencia y cercan\u00eda con el territorio\u201d.<\/p>\n\n\n\n<figure class=\"wp-block-image size-large\"><a href=\"https:\/\/www.radiolimari.cl\/wp-content\/uploads\/2024\/01\/1.jpg\"><img decoding=\"async\" width=\"1024\" height=\"768\" src=\"https:\/\/www.radiolimari.cl\/wp-content\/uploads\/2024\/01\/1-1024x768.jpg\" alt=\"\" class=\"wp-image-10575\" srcset=\"https:\/\/www.radiolimari.cl\/wp-content\/uploads\/2024\/01\/1-1024x768.jpg 1024w, https:\/\/www.radiolimari.cl\/wp-content\/uploads\/2024\/01\/1-300x225.jpg 300w, https:\/\/www.radiolimari.cl\/wp-content\/uploads\/2024\/01\/1-768x576.jpg 768w, https:\/\/www.radiolimari.cl\/wp-content\/uploads\/2024\/01\/1-1536x1152.jpg 1536w, https:\/\/www.radiolimari.cl\/wp-content\/uploads\/2024\/01\/1.jpg 2016w\" sizes=\"(max-width: 1024px) 100vw, 1024px\" \/><\/a><\/figure>\n\n\n\n<p>Cabe destacar que esta unidad educativa, inici\u00f3 funcionamiento el 20 de noviembre de 2023 y tiene la capacidad<em> para atender a 48 ni\u00f1os y ni\u00f1as, en una sala cuna y un nivel medio heterog\u00e9neo.<\/em><\/p>\n","protected":false},"excerpt":{"rendered":"<p>Luego de un proceso de consulta ciudadana y votaci\u00f3n, el nombre \u201cMis Primeras Huellitas\u201d, se impuso como ganador. Con una amplia participaci\u00f3n de las familias y redes comunitarias de Monte Patria, se llev\u00f3 a cabo la consulta ciudadana Ponle Nombre a Tu Jard\u00edn, en la unidad educativa \u201cChilecito\u201d, cuyo nombre respond\u00eda a la localidad donde &#8230;<\/p>\n","protected":false},"author":2,"featured_media":10573,"comment_status":"open","ping_status":"open","sticky":false,"template":"","format":"standard","meta":{"footnotes":""},"categories":[6],"tags":[],"class_list":["post-10572","post","type-post","status-publish","format-standard","has-post-thumbnail","hentry","category-regionales"],"_links":{"self":[{"href":"https:\/\/www.radiolimari.cl\/index.php?rest_route=\/wp\/v2\/posts\/10572","targetHints":{"allow":["GET"]}}],"collection":[{"href":"https:\/\/www.radiolimari.cl\/index.php?rest_route=\/wp\/v2\/posts"}],"about":[{"href":"https:\/\/www.radiolimari.cl\/index.php?rest_route=\/wp\/v2\/types\/post"}],"author":[{"embeddable":true,"href":"https:\/\/www.radiolimari.cl\/index.php?rest_route=\/wp\/v2\/users\/2"}],"replies":[{"embeddable":true,"href":"https:\/\/www.radiolimari.cl\/index.php?rest_route=%2Fwp%2Fv2%2Fcomments&post=10572"}],"version-history":[{"count":1,"href":"https:\/\/www.radiolimari.cl\/index.php?rest_route=\/wp\/v2\/posts\/10572\/revisions"}],"predecessor-version":[{"id":10576,"href":"https:\/\/www.radiolimari.cl\/index.php?rest_route=\/wp\/v2\/posts\/10572\/revisions\/10576"}],"wp:featuredmedia":[{"embeddable":true,"href":"https:\/\/www.radiolimari.cl\/index.php?rest_route=\/wp\/v2\/media\/10573"}],"wp:attachment":[{"href":"https:\/\/www.radiolimari.cl\/index.php?rest_route=%2Fwp%2Fv2%2Fmedia&parent=10572"}],"wp:term":[{"taxonomy":"category","embeddable":true,"href":"https:\/\/www.radiolimari.cl\/index.php?rest_route=%2Fwp%2Fv2%2Fcategories&post=10572"},{"taxonomy":"post_tag","embeddable":true,"href":"https:\/\/www.radiolimari.cl\/index.php?rest_route=%2Fwp%2Fv2%2Ftags&post=10572"}],"curies":[{"name":"wp","href":"https:\/\/api.w.org\/{rel}","templated":true}]}}