{"id":10569,"date":"2024-01-16T13:12:57","date_gmt":"2024-01-16T13:12:57","guid":{"rendered":"https:\/\/www.radiolimari.cl\/?p=10569"},"modified":"2024-01-16T13:12:57","modified_gmt":"2024-01-16T13:12:57","slug":"este-verano-indap-invita-a-la-comunidad-a-visitar-los-mercados-campesinos-que-posee-en-la-region-de-coquimbo","status":"publish","type":"post","link":"https:\/\/www.radiolimari.cl\/?p=10569","title":{"rendered":"Este verano INDAP invita a la comunidad a visitar los Mercados Campesinos que posee en la regi\u00f3n de Coquimbo"},"content":{"rendered":"\n<figure class=\"wp-block-image size-full\"><a href=\"https:\/\/www.radiolimari.cl\/wp-content\/uploads\/2024\/01\/INDAP-invita-a-la-comunidad-a-visitar-los-Mercados-Campesinos-que-lleva-a-cabo-de-manera-permanente-en-la-region-de-Coquimbo-01.jpg\"><img fetchpriority=\"high\" decoding=\"async\" width=\"800\" height=\"447\" src=\"https:\/\/www.radiolimari.cl\/wp-content\/uploads\/2024\/01\/INDAP-invita-a-la-comunidad-a-visitar-los-Mercados-Campesinos-que-lleva-a-cabo-de-manera-permanente-en-la-region-de-Coquimbo-01.jpg\" alt=\"\" class=\"wp-image-10570\" srcset=\"https:\/\/www.radiolimari.cl\/wp-content\/uploads\/2024\/01\/INDAP-invita-a-la-comunidad-a-visitar-los-Mercados-Campesinos-que-lleva-a-cabo-de-manera-permanente-en-la-region-de-Coquimbo-01.jpg 800w, https:\/\/www.radiolimari.cl\/wp-content\/uploads\/2024\/01\/INDAP-invita-a-la-comunidad-a-visitar-los-Mercados-Campesinos-que-lleva-a-cabo-de-manera-permanente-en-la-region-de-Coquimbo-01-300x168.jpg 300w, https:\/\/www.radiolimari.cl\/wp-content\/uploads\/2024\/01\/INDAP-invita-a-la-comunidad-a-visitar-los-Mercados-Campesinos-que-lleva-a-cabo-de-manera-permanente-en-la-region-de-Coquimbo-01-768x429.jpg 768w\" sizes=\"(max-width: 800px) 100vw, 800px\" \/><\/a><\/figure>\n\n\n\n<p>El Mundo Rural tiene un sinn\u00famero de bondades que los habitantes de la ciudad deben conocer, y qu\u00e9 mejor forma de hacerlo que en espacios que ofrecen una variedad de productos frescos, sanos, de calidad y con identidad local.<\/p>\n\n\n\n<p>Precisamente estas vitrinas de comercializaci\u00f3n son los Mercados Campesinos que el Instituto de Desarrollo Agropecuario (INDAP) realiza de forma permanente en la regi\u00f3n de Coquimbo y que durante esta \u00e9poca estival se transforman en un excelente panorama para la comunidad.<\/p>\n\n\n\n<p>Actualmente son 4 las comunas que cuentan con esta iniciativa: Punitaqui, Ovalle, Combarbal\u00e1 y Monte Patria.<\/p>\n\n\n\n<p><strong>\u00bfD\u00f3nde, cu\u00e1ndo y en qu\u00e9 horario se realizan?<\/strong><\/p>\n\n\n\n<p><strong>Punitaqui:<\/strong> los mi\u00e9rcoles y viernes de 08:00 a 14:00 horas en Avenida Las Torres.<\/p>\n\n\n\n<p><strong>Ovalle:<\/strong> de viernes a domingo, desde las 10:00 y hasta las 18:00 horas en el Mall Open Plaza (Avenida Benavente n\u00b01075, Ovalle).<\/p>\n\n\n\n<p><strong>Combarbal\u00e1<\/strong>: los viernes desde las 09:00 y hasta las 14:00 horas en la Plaza de Armas de la comuna.<\/p>\n\n\n\n<p><strong>Monte Patria:<\/strong> los viernes de 10:00 a 15:00 horas en la Plaza de Armas de la comuna.<\/p>\n\n\n\n<p>Teresa Campusano es una de las participantes del Mercado Campesino de Monte Patria e hizo una invitaci\u00f3n a asistir a estas iniciativas \u201cporque tenemos productos frescos, a menor precio que otras partes y producidos sin qu\u00edmicos, es todo natural. Invito a toda la comunidad a acercarse a estas instancias para ver todos los productos que tenemos, que en mi caso son huevos, manjar de leche de cabra, entre otros. A nosotros los emprendedores y emprendedoras nos sirve mucho\u201d.<\/p>\n\n\n\n<p>\u201cUno de los ejes estrat\u00e9gicos de trabajo de INDAP es el de Mercados Inclusivos, que busca obtener una Agricultura Familiar Campesina e Ind\u00edgena m\u00e1s integrada y mejor posicionada en los mercados, y que a la vez estos sean m\u00e1s justos y eficientes.&nbsp; Por lo anterior extendemos la invitaci\u00f3n a todas y todos los que quieran asistir a estas vitrinas de comercializaci\u00f3n que poseemos, porque son una real muestra del potencial que tiene el Mundo Rural, resaltando la creatividad y el talento de los habitantes que lo componen\u201d, detall\u00f3 el Director Regional de INDAP, V\u00edctor Illanes.<\/p>\n\n\n\n<p>El Seremi de Agricultura, Christian \u00c1lvarez, valor\u00f3 la realizaci\u00f3n y permanencia de este tipo de iniciativas del Programa de Comercializaci\u00f3n de INDAP: \u201cEl talento, la frescura y la calidad reunidas en un solo lugar. Eso es precisamente lo que ofrecen los Mercados Campesinos que funcionan en la regi\u00f3n de Coquimbo. Desde nuestra cartera queremos invitar a los turistas en esta \u00e9poca de verano y a la comunidad en general a que visiten estas instancias de comercializaci\u00f3n, las que ofrecen productos sanos y a un precio realmente justo tanto para los compradores como para los vendedores\u201d.<\/p>\n\n\n\n<p>Los Mercados Campesinos son integrados en su totalidad por usuarios y usuarias del servicio del agro. Los y las visitantes a este tipo de instancias pueden encontrar productos como queso y manjar de leche de cabra, miel, conservas, mermeladas, frutas y verduras frescas, artesan\u00eda, cosmetolog\u00eda natural, entre otros.<\/p>\n","protected":false},"excerpt":{"rendered":"<p>El Mundo Rural tiene un sinn\u00famero de bondades que los habitantes de la ciudad deben conocer, y qu\u00e9 mejor forma de hacerlo que en espacios que ofrecen una variedad de productos frescos, sanos, de calidad y con identidad local. Precisamente estas vitrinas de comercializaci\u00f3n son los Mercados Campesinos que el Instituto de Desarrollo Agropecuario (INDAP) &#8230;<\/p>\n","protected":false},"author":2,"featured_media":10570,"comment_status":"open","ping_status":"open","sticky":false,"template":"","format":"standard","meta":{"footnotes":""},"categories":[3],"tags":[],"class_list":["post-10569","post","type-post","status-publish","format-standard","has-post-thumbnail","hentry","category-actualidad"],"_links":{"self":[{"href":"https:\/\/www.radiolimari.cl\/index.php?rest_route=\/wp\/v2\/posts\/10569","targetHints":{"allow":["GET"]}}],"collection":[{"href":"https:\/\/www.radiolimari.cl\/index.php?rest_route=\/wp\/v2\/posts"}],"about":[{"href":"https:\/\/www.radiolimari.cl\/index.php?rest_route=\/wp\/v2\/types\/post"}],"author":[{"embeddable":true,"href":"https:\/\/www.radiolimari.cl\/index.php?rest_route=\/wp\/v2\/users\/2"}],"replies":[{"embeddable":true,"href":"https:\/\/www.radiolimari.cl\/index.php?rest_route=%2Fwp%2Fv2%2Fcomments&post=10569"}],"version-history":[{"count":1,"href":"https:\/\/www.radiolimari.cl\/index.php?rest_route=\/wp\/v2\/posts\/10569\/revisions"}],"predecessor-version":[{"id":10571,"href":"https:\/\/www.radiolimari.cl\/index.php?rest_route=\/wp\/v2\/posts\/10569\/revisions\/10571"}],"wp:featuredmedia":[{"embeddable":true,"href":"https:\/\/www.radiolimari.cl\/index.php?rest_route=\/wp\/v2\/media\/10570"}],"wp:attachment":[{"href":"https:\/\/www.radiolimari.cl\/index.php?rest_route=%2Fwp%2Fv2%2Fmedia&parent=10569"}],"wp:term":[{"taxonomy":"category","embeddable":true,"href":"https:\/\/www.radiolimari.cl\/index.php?rest_route=%2Fwp%2Fv2%2Fcategories&post=10569"},{"taxonomy":"post_tag","embeddable":true,"href":"https:\/\/www.radiolimari.cl\/index.php?rest_route=%2Fwp%2Fv2%2Ftags&post=10569"}],"curies":[{"name":"wp","href":"https:\/\/api.w.org\/{rel}","templated":true}]}}