{"id":10558,"date":"2024-01-09T13:10:03","date_gmt":"2024-01-09T13:10:03","guid":{"rendered":"https:\/\/www.radiolimari.cl\/?p=10558"},"modified":"2024-01-09T13:10:04","modified_gmt":"2024-01-09T13:10:04","slug":"asumio-nuevo-seremi-del-trabajo-y-prevision-social-de-la-region-de-coquimbo","status":"publish","type":"post","link":"https:\/\/www.radiolimari.cl\/?p=10558","title":{"rendered":"Asumi\u00f3 nuevo Seremi del Trabajo y Previsi\u00f3n Social de la Regi\u00f3n de Coquimbo"},"content":{"rendered":"\n<figure class=\"wp-block-image size-large\"><a href=\"https:\/\/www.radiolimari.cl\/wp-content\/uploads\/2024\/01\/WhatsApp-Image-2024-01-08-at-3.40.56-PM-scaled.jpeg\"><img fetchpriority=\"high\" decoding=\"async\" width=\"1024\" height=\"768\" src=\"https:\/\/www.radiolimari.cl\/wp-content\/uploads\/2024\/01\/WhatsApp-Image-2024-01-08-at-3.40.56-PM-1024x768.jpeg\" alt=\"\" class=\"wp-image-10559\" srcset=\"https:\/\/www.radiolimari.cl\/wp-content\/uploads\/2024\/01\/WhatsApp-Image-2024-01-08-at-3.40.56-PM-1024x768.jpeg 1024w, https:\/\/www.radiolimari.cl\/wp-content\/uploads\/2024\/01\/WhatsApp-Image-2024-01-08-at-3.40.56-PM-300x225.jpeg 300w, https:\/\/www.radiolimari.cl\/wp-content\/uploads\/2024\/01\/WhatsApp-Image-2024-01-08-at-3.40.56-PM-768x576.jpeg 768w, https:\/\/www.radiolimari.cl\/wp-content\/uploads\/2024\/01\/WhatsApp-Image-2024-01-08-at-3.40.56-PM-1536x1152.jpeg 1536w, https:\/\/www.radiolimari.cl\/wp-content\/uploads\/2024\/01\/WhatsApp-Image-2024-01-08-at-3.40.56-PM-2048x1536.jpeg 2048w\" sizes=\"(max-width: 1024px) 100vw, 1024px\" \/><\/a><\/figure>\n\n\n\n<p>Francisco Brizuela Tapia, Profesor de Historia y Geograf\u00eda titulado en la Universidad de La Serena, asumi\u00f3 \u00e9l lunes 8 de enero del 2024 la Secretar\u00eda Regional Ministerial del Trabajo y Previsi\u00f3n Social de la regi\u00f3n de Coquimbo.<\/p>\n\n\n\n<p>El profesional cuenta con amplia experiencia en el servicio p\u00fablico desempe\u00f1\u00e1ndose como jefe del Departamento de Educaci\u00f3n de la Municipalidad de Canela (2007-2011) y de la municipalidad de Santa Cruz (2012-2014) en la regi\u00f3n de O\u2019Higgins. Luego entre 2014 y 2018 ejerci\u00f3 como director regional de la Superintendencia de Educaci\u00f3n en la regi\u00f3n de Coquimbo.<\/p>\n\n\n\n<p>Desde el 2018 a diciembre del 2023 cumpli\u00f3 funciones en el cargo de Coordinador de la Unidad T\u00e9cnico Pedag\u00f3gica de la Corporaci\u00f3n Municipal Gabriel Gonz\u00e1lez Videla y la Agencia de Calidad de la Educaci\u00f3n.<\/p>\n\n\n\n<p>En su curr\u00edculum figura un Diplomado en Derecho Administrativo dictado por la Universidad Cat\u00f3lica del Norte, adem\u00e1s de haber participado en el curso \u201cDirecci\u00f3n P\u00fablica: Herramientas y Valores. Edici\u00f3n para el Centro Latinoamericano de Administraci\u00f3n P\u00fablica para el Desarrollo\u201d, dictado por el Instituto Nacional de Administraci\u00f3n P\u00fablica de Espa\u00f1a. Adem\u00e1s de un Post T\u00edtulo en Evaluaci\u00f3n de Procesos Educativos.<\/p>\n\n\n\n<p>Francisco Brizuela ser\u00e1 el encargado de dirigir y gestionar acciones que permitan enfrentar importantes desaf\u00edos en materia laboral y previsional impulsado por el Gobierno del Presidente Gabriel Boric.<\/p>\n","protected":false},"excerpt":{"rendered":"<p>Francisco Brizuela Tapia, Profesor de Historia y Geograf\u00eda titulado en la Universidad de La Serena, asumi\u00f3 \u00e9l lunes 8 de enero del 2024 la Secretar\u00eda Regional Ministerial del Trabajo y Previsi\u00f3n Social de la regi\u00f3n de Coquimbo. El profesional cuenta con amplia experiencia en el servicio p\u00fablico desempe\u00f1\u00e1ndose como jefe del Departamento de Educaci\u00f3n de &#8230;<\/p>\n","protected":false},"author":2,"featured_media":10559,"comment_status":"open","ping_status":"open","sticky":false,"template":"","format":"standard","meta":{"footnotes":""},"categories":[6],"tags":[],"class_list":["post-10558","post","type-post","status-publish","format-standard","has-post-thumbnail","hentry","category-regionales"],"_links":{"self":[{"href":"https:\/\/www.radiolimari.cl\/index.php?rest_route=\/wp\/v2\/posts\/10558","targetHints":{"allow":["GET"]}}],"collection":[{"href":"https:\/\/www.radiolimari.cl\/index.php?rest_route=\/wp\/v2\/posts"}],"about":[{"href":"https:\/\/www.radiolimari.cl\/index.php?rest_route=\/wp\/v2\/types\/post"}],"author":[{"embeddable":true,"href":"https:\/\/www.radiolimari.cl\/index.php?rest_route=\/wp\/v2\/users\/2"}],"replies":[{"embeddable":true,"href":"https:\/\/www.radiolimari.cl\/index.php?rest_route=%2Fwp%2Fv2%2Fcomments&post=10558"}],"version-history":[{"count":1,"href":"https:\/\/www.radiolimari.cl\/index.php?rest_route=\/wp\/v2\/posts\/10558\/revisions"}],"predecessor-version":[{"id":10560,"href":"https:\/\/www.radiolimari.cl\/index.php?rest_route=\/wp\/v2\/posts\/10558\/revisions\/10560"}],"wp:featuredmedia":[{"embeddable":true,"href":"https:\/\/www.radiolimari.cl\/index.php?rest_route=\/wp\/v2\/media\/10559"}],"wp:attachment":[{"href":"https:\/\/www.radiolimari.cl\/index.php?rest_route=%2Fwp%2Fv2%2Fmedia&parent=10558"}],"wp:term":[{"taxonomy":"category","embeddable":true,"href":"https:\/\/www.radiolimari.cl\/index.php?rest_route=%2Fwp%2Fv2%2Fcategories&post=10558"},{"taxonomy":"post_tag","embeddable":true,"href":"https:\/\/www.radiolimari.cl\/index.php?rest_route=%2Fwp%2Fv2%2Ftags&post=10558"}],"curies":[{"name":"wp","href":"https:\/\/api.w.org\/{rel}","templated":true}]}}