{"id":10537,"date":"2024-01-05T01:24:13","date_gmt":"2024-01-05T01:24:13","guid":{"rendered":"https:\/\/www.radiolimari.cl\/?p=10537"},"modified":"2024-01-05T01:24:15","modified_gmt":"2024-01-05T01:24:15","slug":"once-estudiantes-de-la-region-reciben-distincion-a-sus-trayectorias-educativas-en-prueba-paes","status":"publish","type":"post","link":"https:\/\/www.radiolimari.cl\/?p=10537","title":{"rendered":"Once estudiantes de la regi\u00f3n reciben Distinci\u00f3n a sus trayectorias educativas en Prueba PAES"},"content":{"rendered":"\n<figure class=\"wp-block-image size-full\"><a href=\"https:\/\/www.radiolimari.cl\/wp-content\/uploads\/2024\/01\/IMG-20240104-WA0042.jpg\"><img fetchpriority=\"high\" decoding=\"async\" width=\"1024\" height=\"667\" src=\"https:\/\/www.radiolimari.cl\/wp-content\/uploads\/2024\/01\/IMG-20240104-WA0042.jpg\" alt=\"\" class=\"wp-image-10538\" srcset=\"https:\/\/www.radiolimari.cl\/wp-content\/uploads\/2024\/01\/IMG-20240104-WA0042.jpg 1024w, https:\/\/www.radiolimari.cl\/wp-content\/uploads\/2024\/01\/IMG-20240104-WA0042-300x195.jpg 300w, https:\/\/www.radiolimari.cl\/wp-content\/uploads\/2024\/01\/IMG-20240104-WA0042-768x500.jpg 768w\" sizes=\"(max-width: 1024px) 100vw, 1024px\" \/><\/a><\/figure>\n\n\n\n<p><strong>Las Distinciones a las Trayectorias Educativas (DTE) se entregan por segundo a\u00f1o consecutivo para reconocer a las y los estudiantes m\u00e1s destacados, poniendo en relieve su contexto, identidades y las trayectorias que deben recorrer, para acceder a la educaci\u00f3n superior.<\/strong><\/p>\n\n\n\n<p>Once estudiantes de la Regi\u00f3n de Coquimbo recibieron Distinciones a las Trayectorias Educativas (DTE) en la Prueba de Acceso a la Educaci\u00f3n Superior (PAES) en un desayuno organizado en la Delegaci\u00f3n Presidencial Regional, junto a la Seremi de Educaci\u00f3n, que se entrega por segundo a\u00f1o consecutivo y que reemplaz\u00f3 en el a\u00f1o 2023 a los antiguos Puntajes Nacionales y Regionales, que reconoce el desempe\u00f1o acad\u00e9mico durante la ense\u00f1anza media y resultados de la Prueba PAES, pero tambi\u00e9n las distintas trayectorias, contextos e identidades que deben recorrer las y los estudiantes para participar del proceso de admisi\u00f3n a la educaci\u00f3n superior.&nbsp;<\/p>\n\n\n\n<p>Por segundo a\u00f1o, se entregan estas Distinciones a las Trayectorias Educativas (DTE), para reconocer a las y los estudiantes m\u00e1s destacados, poniendo en relieve el contexto del que provienen. A nivel nacional hubo 237 \u201cdistinguidos\u201d, 25 m\u00e1s que el a\u00f1o pasado, quienes recibieron 269 \u201cdistinciones\u201d (algunas personas reciben m\u00e1s de una distinci\u00f3n), 29 m\u00e1s que el a\u00f1o pasado.<\/p>\n\n\n\n<p>En la Regi\u00f3n de Coquimbo las y los 11 estudiantes con Distinciones a las Trayectorias Educativas con paridad de g\u00e9nero, 6 mujeres y 5 hombres, participaron en un desayuno, junto al Delegado Presidencial Regional, Galo Luna Penna; la Seremi de Educaci\u00f3n, Cecilia Ram\u00edrez Ch\u00e1vez y la Seremi de la Mujer y Equidad de G\u00e9nero y Seremi de Gobierno (S), Mar\u00eda Fernanda Glaser Danton.<\/p>\n\n\n\n<p>El Delegado Presidencial Regional, Galo Luna Penna sostuvo que \u201ca nombre del Presidente Gabriel Boric hemos querido saludar a las y los estudiantes que fueron distinguidos con la trayectoria educacional, premiando el esfuerzo que han hecho durante su ense\u00f1anza media y tambi\u00e9n el esfuerzo que dieron para poder tener buenos resultados en la Prueba de Acceso a la Educaci\u00f3n Superior. Hemos podido compartir con ellos y ellas no han contado sus expectativas. Muchas mujeres involucradas en las carreras cient\u00edficas que hemos estado promoviendo como gobierno, el aumentar los cupos para mujeres en las carreras STEM. Contentos, dese\u00e1ndoles que les vaya muy bien en su trayectoria universitaria\u201d.<\/p>\n\n\n\n<p>La seremi de Educaci\u00f3n, Cecilia Ram\u00edrez Ch\u00e1vez destac\u00f3 que \u201cestamos muy contentos desde el Ministerio de Educaci\u00f3n en poder reconocer la trayectoria educativa de 11 estudiantes de nuestra Regi\u00f3n de Coquimbo. Adem\u00e1s, que dentro de los 11 hay dos de escuelas p\u00fablicas del Servicio Local Puerto Cordillera, del Liceo Pedro Regalado y del Insuco, donde muestra que el trabajo de fortalecer la educaci\u00f3n p\u00fablica tiene frutos. Es importante el poder seguir avanzando, en ir acortando estas brechas que tenemos como sociedad. Desde el Ministerio de Educaci\u00f3n estamos haciendo todos los esfuerzos. Nuestra regi\u00f3n, respecto a los resultados promedio, subimos respecto al a\u00f1o pasado. Por tanto, tenemos que seguir avanzando, seguimos trabajando en fortalecer la educaci\u00f3n regional, desde la educaci\u00f3n inicial hasta cuarto medio en todas las modalidades\u201d.<\/p>\n\n\n\n<p>Sobre el llamado para que las estudiantes postulen a carreras STEM, la Seremi de la Mujer y Equidad de G\u00e9nero y Seremi de Gobierno (S), Mar\u00eda Fernanda Glaser enfatiz\u00f3 \u201cque desde el gobierno del presidente Gabriel Boric nos hemos comprometido con ir cerrando brechas de g\u00e9nero en materia educativa, especialmente en acceso a m\u00e1s mujeres cient\u00edficas. Pasamos el dato que queremos m\u00e1s mujeres cient\u00edficas en ciencia, tecnolog\u00eda, ingenier\u00eda y matem\u00e1ticas. Hemos abierto con el Ministerio de Educaci\u00f3n 2.300 cupos adicionales en 39 universidades, en m\u00e1s de 410 carreras universitarias. Entonces les contamos eso a las j\u00f3venes que est\u00e1n ac\u00e1, y muchas de ellas est\u00e1n interesadas en ingresar a una carrera ingenier\u00eda. As\u00ed que fue una muy buena noticia y fue muy bien recibida\u201d.<\/p>\n\n\n\n<p>Una de las estudiantes distinguidas de la educaci\u00f3n p\u00fablica, es Kenia Cerda Herrera egresada con un 6,9 del Instituto Superior de Comercio (Insuco) de Coquimbo y estudiar\u00e1 ingenier\u00eda comercial. Por el reconocimiento dijo sentir \u201cmuchos nervios. Estoy muy sorprendida, porque s\u00e9 que estar en un liceo t\u00e9cnico te baja las probabilidades, que muchos est\u00e1n en colegio privado de los que est\u00e1n ac\u00e1 o en colegios cient\u00edfico humanista. Pero estoy muy agradecida de mi liceo, de mis profesores de cada persona, y especial de mi mam\u00e1, que fue mi apoyo incondicional. Y tambi\u00e9n muy agradecida con el Ministerio de Educaci\u00f3n, con Chile y el gobierno del presidente Boric, porque creo que es un reconocimiento, que no me lo esperaba, no ten\u00eda mucha informaci\u00f3n. Reconoce no solamente al mejor puntaje, sino que es una distinci\u00f3n a mi trayectoria\u201d, valor\u00f3.<\/p>\n\n\n\n<p>Un segundo estudiante de la educaci\u00f3n p\u00fablica es Benjam\u00edn Saavedra Alvarado, egresado con nota 6,8 del Liceo Pedro Regalado Videla de la comuna de Andacollo. Del reconocimiento relat\u00f3 que \u201cno me lo esperaba, tuve buen puntaje, pero tampoco excelente. Me prepar\u00e9 una semana antes para la PAES. Voy a estudiar ingenier\u00eda civil industrial en la ULS o UCN. Mi familia est\u00e1 m\u00e1s emocionada que yo. Ellos me hicieron venir. Del liceo tambi\u00e9n est\u00e1n emocionados\u201d, asegur\u00f3.<\/p>\n\n\n\n<p>La estudiante Amelia Saavedra Acu\u00f1a egresada del colegio particular The Internacional School de La Serena fue distinguida por su puntaje m\u00e1ximo en la prueba de ciencias y su excelente rendimiento acad\u00e9mico, quien se\u00f1al\u00f3 que \u201cme hab\u00eda preparado bien, me esperaba buenos resultados. Pero no esperaba que me llamaran para ac\u00e1. Me explicaron mejor que significaba trayectorias educativas y ah\u00ed lo entend\u00ed mejor y me hizo mucho sentido. Me dijeron que era tambi\u00e9n por NEM (notas de ense\u00f1anza media) egres\u00e9 con nota 6,9\u201d. Sobre que estudiar\u00e1 \u201cestoy decidiendo entre medicina e ingenier\u00eda, pero decidir\u00e9 por ingenier\u00eda, donde hay m\u00e1s a\u00f1os de plan com\u00fan para ver d\u00f3nde trabajar\u201d, explic\u00f3.<\/p>\n\n\n\n<p>De la comuna de Vicu\u00f1a es el estudiante Cristian Cox Cox egresado del colegio particular subvencionado Antonio Varas, quien obtuvo puntaje m\u00e1ximo en la<strong> <\/strong>Prueba de Historia y Ciencias Sociales y su promedio de notas de ense\u00f1anza media fue de un 6.9, relatando que \u201cno esperaba que me dieran un reconocimiento por puntajes. Me prepar\u00e9 en la PAES con los talleres que daban en la escuela y unos d\u00edas antes de la prueba, con repasos de youtube, de las que hab\u00edan publicado del 2022. Voy a estudiar psicolog\u00eda, ac\u00e1 en la Universidad de la Serena, porque me gusta que sea una carrera humanista, el an\u00e1lisis y ayudar a la salud mental de las personas\u201d, afirm\u00f3.<\/p>\n\n\n\n<p>De la comuna de Ovalle, egresada del colegio Particular Pagado Amalia Err\u00e1zuriz es la estudiante Francisca Mardones Dahdal, distinguida por su puntaje m\u00e1ximo en la Prueba de Matem\u00e1tica 2 y su excelente rendimiento acad\u00e9mico con nota 7.0 en toda su ense\u00f1anza media, expresando que \u201ctrat\u00e9 de esforzarme lo m\u00e1s posible con las notas durante toda la ense\u00f1anza media. Y ahora con la PAES fue lo \u00faltimo que ten\u00eda que hacer. Esforzarme mucho si dio frutos y se logr\u00f3. Voy a estudiar ingenier\u00eda plan com\u00fan. Me interesa ingenier\u00eda mec\u00e1nica\u201d, indic\u00f3.<\/p>\n\n\n\n<p><strong>Distinci\u00f3n a las Trayectorias Educativas Regi\u00f3n de Coquimbo<\/strong><\/p>\n\n\n\n<p>En este proceso de admisi\u00f3n 2024 se distingui\u00f3 en las categor\u00edas de Modalidad de Ense\u00f1anza y Territorio a las y los 11 estudiantes: <strong><\/strong><\/p>\n\n\n\n<p><strong>Criterio Modalidad de Ense\u00f1anza<\/strong><\/p>\n\n\n\n<p><strong>El estudiante Benjam\u00edn Alejandro Saavedra Alvarado, egresado del Liceo Pedro Regalado Videla de la comuna de Andacollo del Servicio Local de Educaci\u00f3n P\u00fablica Puerto Cordillera. <\/strong>Su Promedio en las Pruebas Competencia Lectora y Competencia Matem\u00e1tica 1 fue de 802 puntos puntaje m\u00e1ximo. Su Puntaje Ranking de 1.000 puntos, destacando en la Prueba Competencia Matem\u00e1tica con 897 puntos y sus Notas de Ense\u00f1anza Media le otorgaron 914 puntos. <strong><\/strong><\/p>\n\n\n\n<p><strong>La estudiante Kenia Mel Cerda Herrera, egresada del Liceo Instituto Superior de Comercio del Servicio Local de Educaci\u00f3n P\u00fablica Puerto Cordillera. <\/strong>Su<strong> <\/strong>Promedio en las Pruebas Competencia Lectora y Competencia Matem\u00e1tica 1 fue de 821 puntos puntaje m\u00e1ximo. Su Puntaje Ranking de 1.000 puntos, destacando en la Prueba Competencia Lectora con 857 puntos<strong> <\/strong>y<strong> <\/strong>sus<strong> <\/strong>Notas de Ense\u00f1anza Media le otorgaron 979 puntos. <strong><\/strong><\/p>\n\n\n\n<p><strong>En Criterio Territorio<\/strong><\/p>\n\n\n\n<p><strong>El estudiante Pablo Arturo Torrej\u00f3n del Canto, egresado del colegio Particular Subvencionado Francis School de la comuna de Coquimbo. <\/strong>Su<strong> <\/strong>Promedio en las Pruebas Competencia Lectora y Competencia Matem\u00e1tica 1 fue de 973,5 puntos puntaje m\u00e1ximo. Su Puntaje Ranking de 967 puntos, destacando en las Prueba Competencia Lectora con 947 puntos y<strong> <\/strong>Prueba Competencia Matem\u00e1tica con 1.000 puntos y a sus notas de Ense\u00f1anza Media le entregaron 956 puntos. <strong><\/strong><\/p>\n\n\n\n<p><strong>La estudiante Magdalena Paz Z\u00fa\u00f1iga Alvarado, egresada del colegio particular pagado The Internacional School de la comuna de La Serena. <\/strong>Su Promedio en las Pruebas Competencia Lectora y Competencia Matem\u00e1tica 1 fue de 957 puntos puntaje m\u00e1ximo. Su Puntaje Ranking es de 1.000 puntos, destacando en la Prueba Competencia Lectora con &nbsp;975 puntos y en la Prueba Competencia Matem\u00e1tica 939 puntos y a sus notas de Ense\u00f1anza Media le otorgaron 979 puntos. <strong><\/strong><\/p>\n\n\n\n<p><strong>La estudiante Isidora Bel\u00e9n Arias Julio, egresada del colegio Particular Amazing Grace Pe\u00f1uelas, comuna de Coquimbo. <\/strong>En la<strong> <\/strong>Prueba de Historia y Ciencias Sociales obtuvo 894 puntos puntaje m\u00e1ximo. Su Puntaje Promedio Competencia Lectora y Matem\u00e1tica fue de 954 puntos, con un Puntaje Ranking de 990 puntos, destacando en la Prueba Competencia Lectora con 918 puntos y Prueba Competencia Matem\u00e1tica con 990 puntos y a sus Notas de Ense\u00f1anza Media le dieron 965 puntos. <strong><\/strong><\/p>\n\n\n\n<p><strong>El estudiante Cristian Alejandro Cox Cox, egresado del colegio particular subvencionado Antonio Varas de la comuna de Vicu\u00f1a. <\/strong>En la<strong> <\/strong>Prueba de Historia y Ciencias Sociales obtuvo 921 puntos puntaje m\u00e1ximo. Su Puntaje Promedio Competencia Lectora y Matem\u00e1tica fue de 875 puntos, su Puntaje Ranking es de 789 puntos, destacando en la Prueba Competencia Matem\u00e1tica con 917 puntos y por sus Notas de Ense\u00f1anza Media le entregaron 785 puntos.<\/p>\n\n\n\n<p><strong>La estudiante Amelia In\u00e9s Saavedra Acu\u00f1a, egresada del colegio particular pagado The Internacional School de la comuna de La Serena. <\/strong>En la Prueba de Ciencias obtuvo 867 puntos puntaje m\u00e1ximo. Su Puntaje Promedio Competencia Lectora y Matem\u00e1tica fue de 948 puntos, Puntaje Ranking de 1.000 puntos, destacando la Prueba Competencia Matem\u00e1tica en que logr\u00f3 1.000 puntos y Notas de Ense\u00f1anza Media que le entregaron 970 puntos. <strong><\/strong><\/p>\n\n\n\n<p><strong>La estudiante Valentina Isidora Tapia Moreno, egresada del colegio particular pagado The Internacional School de la comuna de La Serena. <\/strong>En la<strong> <\/strong>Prueba de Ciencias logr\u00f3 867 puntos puntaje m\u00e1ximo. Su Puntaje Promedio Competencia Lectora y Matem\u00e1tica fue de 921,5 puntos, con Puntaje Ranking de 997 puntos, en la Prueba Competencia Matem\u00e1tica tuvo 989 puntos y sus Notas de Ense\u00f1anza Media le dieron 965 puntos. <strong><\/strong><\/p>\n\n\n\n<p><strong>El estudiante Iv\u00e1n Francisco Martinac Zepeda, egresado del colegio Particular Pagado Amalia Err\u00e1zuriz de la comuna de Ovalle. <\/strong>En la<strong> <\/strong>Prueba de Ciencias obtuvo 903 puntos puntaje m\u00e1ximo y lo mismo en la Prueba de Matem\u00e1tica 2 con 890 puntos de puntaje m\u00e1ximo.<strong> <\/strong>Su<strong> <\/strong>Puntaje Promedio Competencia Lectora y Matem\u00e1tica fue de 894,5 puntos. Su Puntaje Ranking es de 1.000 puntos, destacando su Prueba Competencia Matem\u00e1tica con 990 puntos y sus Notas de Ense\u00f1anza Media le otorgaron 1.000 puntos. <strong><\/strong><\/p>\n\n\n\n<p><strong>El estudiante Agust\u00edn Ignacio Vargas Hidalgo, egresado del colegio Particular Pagado Alem\u00e1n de la comuna de La Serena. <\/strong>En la<strong> <\/strong>Prueba de Ciencias obtuvo 903 puntos puntaje m\u00e1ximo. Su<strong> <\/strong>Puntaje Promedio Competencia Lectora y Matem\u00e1tica fue de 967 puntos, con Puntaje Ranking de 1.000 puntos, destacando en la Prueba Competencia Matem\u00e1tica con 990 puntos y sus<strong> <\/strong>Notas de Ense\u00f1anza Media le otorgaron 985 puntos. <strong><\/strong><\/p>\n\n\n\n<p><strong>La estudiante Francisca Isabel Mardones Dahdal, egresada del colegio Particular Pagado Amalia Err\u00e1zuriz de la comuna de Ovalle. <\/strong>En<strong> <\/strong>la Prueba de Matem\u00e1tica 2 obtuvo 867 puntos puntaje m\u00e1ximo.<strong> <\/strong>Su Puntaje Promedio Competencia Lectora y Matem\u00e1tica fue de 933,5 puntos, con Puntaje Ranking de 1.000 puntos, destacando en la Prueba Competencia Matem\u00e1tica con 989 puntos y sus Notas de Ense\u00f1anza Media le entregaron 1.000 puntos. <strong><\/strong><\/p>\n","protected":false},"excerpt":{"rendered":"<p>Las Distinciones a las Trayectorias Educativas (DTE) se entregan por segundo a\u00f1o consecutivo para reconocer a las y los estudiantes m\u00e1s destacados, poniendo en relieve su contexto, identidades y las trayectorias que deben recorrer, para acceder a la educaci\u00f3n superior. Once estudiantes de la Regi\u00f3n de Coquimbo recibieron Distinciones a las Trayectorias Educativas (DTE) en &#8230;<\/p>\n","protected":false},"author":2,"featured_media":10538,"comment_status":"open","ping_status":"open","sticky":false,"template":"","format":"standard","meta":{"footnotes":""},"categories":[6],"tags":[],"class_list":["post-10537","post","type-post","status-publish","format-standard","has-post-thumbnail","hentry","category-regionales"],"_links":{"self":[{"href":"https:\/\/www.radiolimari.cl\/index.php?rest_route=\/wp\/v2\/posts\/10537","targetHints":{"allow":["GET"]}}],"collection":[{"href":"https:\/\/www.radiolimari.cl\/index.php?rest_route=\/wp\/v2\/posts"}],"about":[{"href":"https:\/\/www.radiolimari.cl\/index.php?rest_route=\/wp\/v2\/types\/post"}],"author":[{"embeddable":true,"href":"https:\/\/www.radiolimari.cl\/index.php?rest_route=\/wp\/v2\/users\/2"}],"replies":[{"embeddable":true,"href":"https:\/\/www.radiolimari.cl\/index.php?rest_route=%2Fwp%2Fv2%2Fcomments&post=10537"}],"version-history":[{"count":1,"href":"https:\/\/www.radiolimari.cl\/index.php?rest_route=\/wp\/v2\/posts\/10537\/revisions"}],"predecessor-version":[{"id":10539,"href":"https:\/\/www.radiolimari.cl\/index.php?rest_route=\/wp\/v2\/posts\/10537\/revisions\/10539"}],"wp:featuredmedia":[{"embeddable":true,"href":"https:\/\/www.radiolimari.cl\/index.php?rest_route=\/wp\/v2\/media\/10538"}],"wp:attachment":[{"href":"https:\/\/www.radiolimari.cl\/index.php?rest_route=%2Fwp%2Fv2%2Fmedia&parent=10537"}],"wp:term":[{"taxonomy":"category","embeddable":true,"href":"https:\/\/www.radiolimari.cl\/index.php?rest_route=%2Fwp%2Fv2%2Fcategories&post=10537"},{"taxonomy":"post_tag","embeddable":true,"href":"https:\/\/www.radiolimari.cl\/index.php?rest_route=%2Fwp%2Fv2%2Ftags&post=10537"}],"curies":[{"name":"wp","href":"https:\/\/api.w.org\/{rel}","templated":true}]}}