{"id":10533,"date":"2024-01-03T20:11:34","date_gmt":"2024-01-03T20:11:34","guid":{"rendered":"https:\/\/www.radiolimari.cl\/?p=10533"},"modified":"2024-01-03T20:11:35","modified_gmt":"2024-01-03T20:11:35","slug":"camara-de-diputadas-y-diputados-aprobo-proyecto-para-rebajar-tarifa-electrica-a-servicios-sanitarios-rurales","status":"publish","type":"post","link":"https:\/\/www.radiolimari.cl\/?p=10533","title":{"rendered":"C\u00e1mara de Diputadas y Diputados aprob\u00f3 proyecto para rebajar tarifa\u00a0el\u00e9ctrica\u00a0a\u00a0servicios sanitarios\u00a0rurales"},"content":{"rendered":"\n<figure class=\"wp-block-image size-large\"><a href=\"https:\/\/www.radiolimari.cl\/wp-content\/uploads\/2024\/01\/bombas-solares-en-los-comites-de-agua-potable-rural-de-Barraza-1-scaled.jpg\"><img fetchpriority=\"high\" decoding=\"async\" width=\"1024\" height=\"576\" src=\"https:\/\/www.radiolimari.cl\/wp-content\/uploads\/2024\/01\/bombas-solares-en-los-comites-de-agua-potable-rural-de-Barraza-1-1024x576.jpg\" alt=\"\" class=\"wp-image-10534\" srcset=\"https:\/\/www.radiolimari.cl\/wp-content\/uploads\/2024\/01\/bombas-solares-en-los-comites-de-agua-potable-rural-de-Barraza-1-1024x576.jpg 1024w, https:\/\/www.radiolimari.cl\/wp-content\/uploads\/2024\/01\/bombas-solares-en-los-comites-de-agua-potable-rural-de-Barraza-1-300x169.jpg 300w, https:\/\/www.radiolimari.cl\/wp-content\/uploads\/2024\/01\/bombas-solares-en-los-comites-de-agua-potable-rural-de-Barraza-1-768x432.jpg 768w, https:\/\/www.radiolimari.cl\/wp-content\/uploads\/2024\/01\/bombas-solares-en-los-comites-de-agua-potable-rural-de-Barraza-1-1536x864.jpg 1536w, https:\/\/www.radiolimari.cl\/wp-content\/uploads\/2024\/01\/bombas-solares-en-los-comites-de-agua-potable-rural-de-Barraza-1-2048x1152.jpg 2048w\" sizes=\"(max-width: 1024px) 100vw, 1024px\" \/><\/a><\/figure>\n\n\n\n<p><strong><em>El objetivo de la propuesta, que ahora continuar\u00e1 su tramitaci\u00f3n en el\u00a0Senado, es entregar una ayuda concreta a los clientes de zonas rurales\u00a0\u00a0\u00a0\u00a0\u00a0\u00a0\u00a0\u00a0\u00a0\u00a0y aisladas que utilizan energ\u00eda el\u00e9ctrica para extraer agua y que hoy,\u00a0debido\u00a0a\u00a0la\u00a0sequ\u00eda,\u00a0han\u00a0intensificado\u00a0el\u00a0uso\u00a0de\u00a0electricidad<\/em><\/strong>.<\/p>\n\n\n\n<p><a>La C\u00e1mara de Diputadas y Diputados aprob\u00f3 por unanimidad el proyecto de ley&nbsp;&nbsp;que modifica la Ley General de Servicios El\u00e9ctricos (LGSE), orientado a rebajar&nbsp;el&nbsp;cobro&nbsp;por&nbsp;recargo&nbsp;de&nbsp;la&nbsp;tarifa&nbsp;el\u00e9ctrica&nbsp;en&nbsp;horario&nbsp;punta&nbsp;y&nbsp;l\u00edmite&nbsp;de&nbsp;invierno&nbsp;a&nbsp;&nbsp;los&nbsp;Servicios&nbsp;Sanitarios&nbsp;Rurales&nbsp;(SSR).<\/a><\/p>\n\n\n\n<p>El&nbsp;ministro&nbsp;de&nbsp;Energ\u00eda,&nbsp;Diego&nbsp;Pardow,&nbsp;valor\u00f3&nbsp;el&nbsp;apoyo&nbsp;transversal&nbsp;recibido&nbsp;por&nbsp;la&nbsp;&nbsp;iniciativa que surgi\u00f3 como una moci\u00f3n parlamentaria y que, tras el ingreso de&nbsp;indicaciones,&nbsp;fue&nbsp;patrocinada&nbsp;por&nbsp;el&nbsp;Ejecutivo.<\/p>\n\n\n\n<p>\u201cCon&nbsp;la&nbsp;aprobaci\u00f3n&nbsp;un\u00e1nime&nbsp;de&nbsp;este&nbsp;proyecto&nbsp;estamos&nbsp;avanzando&nbsp;en&nbsp;una&nbsp;mayor&nbsp;&nbsp;&nbsp;&nbsp;&nbsp;&nbsp;&nbsp;justicia territorial.&nbsp;Los servicios sanitarios rurales no solamente&nbsp;viven una&nbsp;situaci\u00f3n financiera complicada porque tienen un n\u00famero limitado de personas&nbsp;entre las cuales repartir sus inversiones, sino que son precisamente las zonas&nbsp;que&nbsp;han&nbsp;estado&nbsp;m\u00e1s&nbsp;afectas&nbsp;a&nbsp;las&nbsp;consecuencias&nbsp;adversas&nbsp;del&nbsp;cambio&nbsp;clim\u00e1tico\u201d,&nbsp;&nbsp;agreg\u00f3&nbsp;Pardow.<\/p>\n\n\n\n<p>La seremi de Energ\u00eda, Mar\u00eda Castillo Rojas, indic\u00f3 que \u201ceste proyecto beneficiar\u00e1 a cerca de 200 servicios sanitarios rurales de la Regi\u00f3n de Coquimbo los que utilizan electricidad para extraer agua y que est\u00e1n muy afectados hoy en d\u00eda por la sequ\u00eda. Es una gran noticia el avance de esta ley la que continuar\u00e1 su tramitaci\u00f3n en el Senado, donde esperamos que sea aprobada\u201d.<\/p>\n\n\n\n<p>Durante el debate parlamentario, la diputada Mar\u00eda Francisca Bello record\u00f3 que&nbsp;&nbsp;hace un a\u00f1o solicit\u00f3 una reuni\u00f3n con el jefe de la cartera de Energ\u00eda y que eso&nbsp;actualmente se traduce en buenas noticias para el mundo rural. \u201cEste proyecto&nbsp;&nbsp;surge porque se han escuchado a los territorios. Esta rebaja es un acto de&nbsp;justicia,&nbsp;es&nbsp;darle&nbsp;mejores&nbsp;condiciones&nbsp;a&nbsp;los&nbsp;SSR.&nbsp;Cuando&nbsp;beneficiamos&nbsp;a&nbsp;m\u00e1s&nbsp;de&nbsp;&nbsp;2&nbsp;millones&nbsp;de&nbsp;personas,&nbsp;quiere&nbsp;decir&nbsp;que&nbsp;estamos&nbsp;haciendo&nbsp;buenas&nbsp;leyes\u201d.<\/p>\n\n\n\n<p>En este mismo contexto, la diputada Nathalie Castillo agradeci\u00f3 el apoyo del&nbsp;ministerio de Energ\u00eda en la tramitaci\u00f3n de esta moci\u00f3n que reduce las tarifas&nbsp;el\u00e9ctricas a los usuarios de APR, argumentado la iniciativa es \u201cuna ayuda&nbsp;concreta&nbsp;para&nbsp;los&nbsp;usuarios&nbsp;de&nbsp;los&nbsp;Servicios&nbsp;Sanitarios&nbsp;Rurales\u201d&nbsp;y&nbsp;a\u00f1adi\u00f3&nbsp;que&nbsp;esta&nbsp;&nbsp;propuesta \u201cva a afectar de manera positiva al funcionamiento y a la gesti\u00f3n&nbsp;propia&nbsp;que&nbsp;trae&nbsp;consigo&nbsp;un&nbsp;servicio&nbsp;sanitario&nbsp;rural\u201d.<\/p>\n\n\n\n<p>Actualmente, algunos clientes de SSR cuentan con tarifas BT1 y TRAT1, tramos&nbsp;&nbsp;de usuarios que se han visto favorecidos con la eliminaci\u00f3n de la tarifa de&nbsp;invierno tras el anuncio realizado por el Presidente Gabriel Boric en el marco de&nbsp;&nbsp;la&nbsp;Cuenta&nbsp;P\u00fablica&nbsp;2023.&nbsp;El&nbsp;proyecto&nbsp;de&nbsp;ley&nbsp;vendr\u00eda&nbsp;a&nbsp;entregar&nbsp;un&nbsp;beneficio&nbsp;de descuento en la cuenta final a todos los clientes SSR, cualquiera sea su tarifa,&nbsp;por&nbsp;los&nbsp;cargos por&nbsp;potencia&nbsp;de&nbsp;punta&nbsp;contenidos en&nbsp;la&nbsp;LGSE.<\/p>\n\n\n\n<p>Tras la aprobaci\u00f3n un\u00e1nime de esta iniciativa en general y particular en la Sala&nbsp;de la C\u00e1mara de Diputadas y Diputados, ahora corresponde continuar con su&nbsp;segundo&nbsp;tr\u00e1mite&nbsp;legislativo en&nbsp;el&nbsp;Senado.<\/p>\n","protected":false},"excerpt":{"rendered":"<p>El objetivo de la propuesta, que ahora continuar\u00e1 su tramitaci\u00f3n en el\u00a0Senado, es entregar una ayuda concreta a los clientes de zonas rurales\u00a0\u00a0\u00a0\u00a0\u00a0\u00a0\u00a0\u00a0\u00a0\u00a0y aisladas que utilizan energ\u00eda el\u00e9ctrica para extraer agua y que hoy,\u00a0debido\u00a0a\u00a0la\u00a0sequ\u00eda,\u00a0han\u00a0intensificado\u00a0el\u00a0uso\u00a0de\u00a0electricidad. La C\u00e1mara de Diputadas y Diputados aprob\u00f3 por unanimidad el proyecto de ley&nbsp;&nbsp;que modifica la Ley General de Servicios El\u00e9ctricos (LGSE), &#8230;<\/p>\n","protected":false},"author":2,"featured_media":10534,"comment_status":"open","ping_status":"open","sticky":false,"template":"","format":"standard","meta":{"footnotes":""},"categories":[3],"tags":[],"class_list":["post-10533","post","type-post","status-publish","format-standard","has-post-thumbnail","hentry","category-actualidad"],"_links":{"self":[{"href":"https:\/\/www.radiolimari.cl\/index.php?rest_route=\/wp\/v2\/posts\/10533","targetHints":{"allow":["GET"]}}],"collection":[{"href":"https:\/\/www.radiolimari.cl\/index.php?rest_route=\/wp\/v2\/posts"}],"about":[{"href":"https:\/\/www.radiolimari.cl\/index.php?rest_route=\/wp\/v2\/types\/post"}],"author":[{"embeddable":true,"href":"https:\/\/www.radiolimari.cl\/index.php?rest_route=\/wp\/v2\/users\/2"}],"replies":[{"embeddable":true,"href":"https:\/\/www.radiolimari.cl\/index.php?rest_route=%2Fwp%2Fv2%2Fcomments&post=10533"}],"version-history":[{"count":1,"href":"https:\/\/www.radiolimari.cl\/index.php?rest_route=\/wp\/v2\/posts\/10533\/revisions"}],"predecessor-version":[{"id":10535,"href":"https:\/\/www.radiolimari.cl\/index.php?rest_route=\/wp\/v2\/posts\/10533\/revisions\/10535"}],"wp:featuredmedia":[{"embeddable":true,"href":"https:\/\/www.radiolimari.cl\/index.php?rest_route=\/wp\/v2\/media\/10534"}],"wp:attachment":[{"href":"https:\/\/www.radiolimari.cl\/index.php?rest_route=%2Fwp%2Fv2%2Fmedia&parent=10533"}],"wp:term":[{"taxonomy":"category","embeddable":true,"href":"https:\/\/www.radiolimari.cl\/index.php?rest_route=%2Fwp%2Fv2%2Fcategories&post=10533"},{"taxonomy":"post_tag","embeddable":true,"href":"https:\/\/www.radiolimari.cl\/index.php?rest_route=%2Fwp%2Fv2%2Ftags&post=10533"}],"curies":[{"name":"wp","href":"https:\/\/api.w.org\/{rel}","templated":true}]}}