{"id":10523,"date":"2024-01-03T19:47:29","date_gmt":"2024-01-03T19:47:29","guid":{"rendered":"https:\/\/www.radiolimari.cl\/?p=10523"},"modified":"2024-01-03T19:47:30","modified_gmt":"2024-01-03T19:47:30","slug":"comite-de-agencia-de-area-cada-ovalle-de-indap-tiene-nueva-directiva-para-el-periodo-2024-2026","status":"publish","type":"post","link":"https:\/\/www.radiolimari.cl\/?p=10523","title":{"rendered":"Comit\u00e9 de Agencia de \u00c1rea (CADA) Ovalle de INDAP tiene nueva directiva para el periodo 2024-2026"},"content":{"rendered":"\n<figure class=\"wp-block-image size-large is-resized\"><a href=\"https:\/\/www.radiolimari.cl\/wp-content\/uploads\/2024\/01\/CADA-Ovalle-de-INDAP-tiene-nueva-directiva-para-el-periodo-2024-2026.jpg\"><img fetchpriority=\"high\" decoding=\"async\" width=\"1024\" height=\"485\" src=\"https:\/\/www.radiolimari.cl\/wp-content\/uploads\/2024\/01\/CADA-Ovalle-de-INDAP-tiene-nueva-directiva-para-el-periodo-2024-2026-1024x485.jpg\" alt=\"\" class=\"wp-image-10524\" style=\"width:368px;height:auto\" srcset=\"https:\/\/www.radiolimari.cl\/wp-content\/uploads\/2024\/01\/CADA-Ovalle-de-INDAP-tiene-nueva-directiva-para-el-periodo-2024-2026-1024x485.jpg 1024w, https:\/\/www.radiolimari.cl\/wp-content\/uploads\/2024\/01\/CADA-Ovalle-de-INDAP-tiene-nueva-directiva-para-el-periodo-2024-2026-300x142.jpg 300w, https:\/\/www.radiolimari.cl\/wp-content\/uploads\/2024\/01\/CADA-Ovalle-de-INDAP-tiene-nueva-directiva-para-el-periodo-2024-2026-768x364.jpg 768w, https:\/\/www.radiolimari.cl\/wp-content\/uploads\/2024\/01\/CADA-Ovalle-de-INDAP-tiene-nueva-directiva-para-el-periodo-2024-2026.jpg 1405w\" sizes=\"(max-width: 1024px) 100vw, 1024px\" \/><\/a><\/figure>\n\n\n\n<p>El Instituto de Desarrollo Agropecuario (INDAP) busca transformar junto a sus usuarios y usuarias el Mundo Rural y para ello sus instancias de participaci\u00f3n son esenciales.<\/p>\n\n\n\n<p>Una de estas iniciativas son los Comit\u00e9s de Agencia de \u00c1rea (CADA), los cuales tienen por objetivo servir de espacio de intercambio y cooperaci\u00f3n entre la comunidad campesina y la instituci\u00f3n.<\/p>\n\n\n\n<p>Recientemente, y tras su respectivo proceso de comicios, fue electa la directiva 2024-2026 del CADA perteneciente a la Agencia de \u00c1rea Ovalle \u2015que atiende a las comunas de Ovalle, Punitaqui, Monte Patria y R\u00edo Hurtado\u2015, el cual qued\u00f3 conformado por Petronila Espinosa (R\u00edo Hurtado) como presidenta, Erciria Cort\u00e9s (Ovalle) como secretaria, Armin Pizarro (Ovalle) como tesorero, M\u00e9rito Cort\u00e9s (Ovalle) como primer director y Abelinda Araya (Punitaqui) como segunda directora.<\/p>\n\n\n\n<p>La presidenta del comit\u00e9, Petronila Espinosa, indic\u00f3 que \u201cyo fui reelecta y estoy muy contenta, porque siento que la gente me apoya y porque tambi\u00e9n es una muestra de que el INDAP est\u00e1 haciendo bien las cosas\u201d, y agreg\u00f3 que \u201cpara este nuevo periodo seguiremos conociendo experiencias positivas del Mundo Rural para llev\u00e1rselas a los crianceros, agricultores y a todos los usuarios y usuarias de INDAP para que sigan avanzando. Estoy muy agradecida por esta oportunidad\u201d.<\/p>\n\n\n\n<p>Por su parte, el Director Regional de INDAP, V\u00edctor Illanes, hizo hincapi\u00e9 que \u201cpara nuestro servicio es de suma importancia trabajar codo a codo con los dirigentes campesinos y campesinas, para as\u00ed avanzar en conjunto hacia una Agricultura Familiar Campesina e Ind\u00edgena m\u00e1s sostenible y resiliente. Felicitamos a los usuarios y usuarias que fueron electos para conformar la nueva directiva del CADA Ovalle, una instancia que persigue mejorar la articulaci\u00f3n de las pol\u00edticas locales de desarrollo productivo, econ\u00f3mico, social, comercial y organizacional de competencia respectiva de nuestras agencias de \u00e1rea\u201d.<\/p>\n\n\n\n<p>Junto a la directiva titular se eligieron a dos suplentes: el primero es Mar\u00eda Campusano y el segundo Claudio Castro, ambos de la comuna de Ovalle.<\/p>\n\n\n\n<p>&nbsp;\u201cLos dirigentes campesinos son quienes conocen mejor la realidad de campo, por eso para nuestro Ministerio de Agricultura es clave tener un contacto directo con ellos. Valoramos las instancias de participaci\u00f3n que posee el INDAP, ya que son muestras del inter\u00e9s que tiene la instituci\u00f3n por entregar apoyos y herramientas eficaces y acordes a las necesidades de la Agricultura Familiar Campesina e Ind\u00edgena. Por supuesto quiero felicitar y desearle el mayor de los \u00e9xitos a la nueva directiva del CADA Ovalle; har\u00e1n un gran trabajo\u201d, se\u00f1al\u00f3 el Seremi de Agricultura, Christian \u00c1lvarez.<\/p>\n\n\n\n<p>Cabe mencionar que las votaciones se llevaron a cabo el d\u00eda 22 de diciembre del 2023 en la Agencia de \u00c1rea INDAP Ovalle y cont\u00f3 con una participaci\u00f3n de casi 100 personas.<\/p>\n","protected":false},"excerpt":{"rendered":"<p>El Instituto de Desarrollo Agropecuario (INDAP) busca transformar junto a sus usuarios y usuarias el Mundo Rural y para ello sus instancias de participaci\u00f3n son esenciales. Una de estas iniciativas son los Comit\u00e9s de Agencia de \u00c1rea (CADA), los cuales tienen por objetivo servir de espacio de intercambio y cooperaci\u00f3n entre la comunidad campesina y &#8230;<\/p>\n","protected":false},"author":2,"featured_media":10524,"comment_status":"open","ping_status":"open","sticky":false,"template":"","format":"standard","meta":{"footnotes":""},"categories":[5],"tags":[],"class_list":["post-10523","post","type-post","status-publish","format-standard","has-post-thumbnail","hentry","category-actualidad-limarina"],"_links":{"self":[{"href":"https:\/\/www.radiolimari.cl\/index.php?rest_route=\/wp\/v2\/posts\/10523","targetHints":{"allow":["GET"]}}],"collection":[{"href":"https:\/\/www.radiolimari.cl\/index.php?rest_route=\/wp\/v2\/posts"}],"about":[{"href":"https:\/\/www.radiolimari.cl\/index.php?rest_route=\/wp\/v2\/types\/post"}],"author":[{"embeddable":true,"href":"https:\/\/www.radiolimari.cl\/index.php?rest_route=\/wp\/v2\/users\/2"}],"replies":[{"embeddable":true,"href":"https:\/\/www.radiolimari.cl\/index.php?rest_route=%2Fwp%2Fv2%2Fcomments&post=10523"}],"version-history":[{"count":1,"href":"https:\/\/www.radiolimari.cl\/index.php?rest_route=\/wp\/v2\/posts\/10523\/revisions"}],"predecessor-version":[{"id":10525,"href":"https:\/\/www.radiolimari.cl\/index.php?rest_route=\/wp\/v2\/posts\/10523\/revisions\/10525"}],"wp:featuredmedia":[{"embeddable":true,"href":"https:\/\/www.radiolimari.cl\/index.php?rest_route=\/wp\/v2\/media\/10524"}],"wp:attachment":[{"href":"https:\/\/www.radiolimari.cl\/index.php?rest_route=%2Fwp%2Fv2%2Fmedia&parent=10523"}],"wp:term":[{"taxonomy":"category","embeddable":true,"href":"https:\/\/www.radiolimari.cl\/index.php?rest_route=%2Fwp%2Fv2%2Fcategories&post=10523"},{"taxonomy":"post_tag","embeddable":true,"href":"https:\/\/www.radiolimari.cl\/index.php?rest_route=%2Fwp%2Fv2%2Ftags&post=10523"}],"curies":[{"name":"wp","href":"https:\/\/api.w.org\/{rel}","templated":true}]}}