{"id":10517,"date":"2024-01-03T14:11:56","date_gmt":"2024-01-03T14:11:56","guid":{"rendered":"https:\/\/www.radiolimari.cl\/?p=10517"},"modified":"2024-01-03T14:11:57","modified_gmt":"2024-01-03T14:11:57","slug":"en-el-limari-los-comites-de-servicios-sanitarios-rurales-reciben-capacitacion-del-mop-y-ucn","status":"publish","type":"post","link":"https:\/\/www.radiolimari.cl\/?p=10517","title":{"rendered":"En el Limar\u00ed los comit\u00e9s de Servicios Sanitarios Rurales reciben capacitaci\u00f3n del MOP y UCN"},"content":{"rendered":"\n<figure class=\"wp-block-image size-large\"><a href=\"https:\/\/www.radiolimari.cl\/wp-content\/uploads\/2024\/01\/visita-terreno-limari-scaled.jpg\"><img fetchpriority=\"high\" decoding=\"async\" width=\"1024\" height=\"683\" src=\"https:\/\/www.radiolimari.cl\/wp-content\/uploads\/2024\/01\/visita-terreno-limari-1024x683.jpg\" alt=\"\" class=\"wp-image-10518\" srcset=\"https:\/\/www.radiolimari.cl\/wp-content\/uploads\/2024\/01\/visita-terreno-limari-1024x683.jpg 1024w, https:\/\/www.radiolimari.cl\/wp-content\/uploads\/2024\/01\/visita-terreno-limari-300x200.jpg 300w, https:\/\/www.radiolimari.cl\/wp-content\/uploads\/2024\/01\/visita-terreno-limari-768x512.jpg 768w, https:\/\/www.radiolimari.cl\/wp-content\/uploads\/2024\/01\/visita-terreno-limari-1536x1024.jpg 1536w, https:\/\/www.radiolimari.cl\/wp-content\/uploads\/2024\/01\/visita-terreno-limari-2048x1365.jpg 2048w\" sizes=\"(max-width: 1024px) 100vw, 1024px\" \/><\/a><\/figure>\n\n\n\n<p><em>99 integrantes de 43 comit\u00e9s fortalecieron sus conocimientos y capacidades con foco en la operaci\u00f3n, contabilidad y administraci\u00f3n de los Servicios Sanitarios Rurales SSR.<\/em><\/p>\n\n\n\n<p>Gracias al Programa Regional \u00abCapacitaci\u00f3n a operadores de Servicios Sanitarios Rurales Regi\u00f3n de Coquimbo Regional\u201d, del <a href=\"https:\/\/www.mop.gob.cl\/\">Ministerio de Obras P\u00fablicas<\/a> y ejecutado por la <a href=\"http:\/\/www.ucn.cl\">Universidad Cat\u00f3lica del Norte<\/a> (UCN), a trav\u00e9s del <a href=\"http:\/\/www.politicaspublicasdelnorte.cl\/\">Instituto de Pol\u00edticas P\u00fablicas<\/a> (IPP UCN), un total de 99 dirigentes y trabajadores de Servicios Sanitarios Rurales SSR de la Provincia del Limar\u00ed se capacitaron para mejorar la administraci\u00f3n y manejo de los SSR.<\/p>\n\n\n\n<p>Dirigentes y trabajadores de los comit\u00e9s de Agua Potable Rural de las comunas de Combarbal\u00e1, Monte Patria, Ovalle, Punitaqui y R\u00edo Hurtado, participaron activamente en las jornadas de capacitaci\u00f3n realizadas en la comuna de Ovalle.<\/p>\n\n\n\n<p>Los conocimientos adquiridos fueron ampliamente valorados por las y los participantes, as\u00ed lo destac\u00f3, la presidenta del comit\u00e9 de APR de Los Morales, comuna de Monte Patria, Mar\u00eda G\u00f3mez Rojas. \u201cEstas capacitaciones que hicieron fueron muy provechosas porque nos ayuda a aprender la tecnolog\u00eda. Fue muy bueno y beneficiosos para todos los que estamos a cargo de un comit\u00e9, nosotros tenemos que aprender a administrarla para sacarla adelante y que nuestros vecinos tengan agua\u201d.<\/p>\n\n\n\n<p>Las capacitaciones se dividieron en dos paralelos y contemplaron tres cursos; el primero de Marco socio jur\u00eddico para la gesti\u00f3n y administraci\u00f3n de SSR; enfocado a dirigentes y secretarias\/os, el segundo curso de Fundamentos de matem\u00e1tica b\u00e1sica y contabilidad b\u00e1sica de SSR; enfocado a dirigentes, secretarias\/os y tesoreros\/as, y por \u00faltimo, en el curso de Operaci\u00f3n y mantenci\u00f3n de SSR; dirigido a operadores y operadoras de SSR. Conocimientos entregados a los participantes que son de vital importancia para la labor que ejercen d\u00eda a d\u00eda en beneficio de sus comunidades. As\u00ed lo destac\u00f3 el secretario regional ministerial de Obras P\u00fablicas, Javier Sandoval Guzm\u00e1n.<\/p>\n\n\n\n<p>\u201cEs muy importante entregarles estas herramientas, que les sirven en el d\u00eda a d\u00eda y facilitan para que gracias a su labor, el agua llegue a las casas de los habitantes de los territorios rurales. Para ello estas herramientas son fundamentales\u201d, se\u00f1al\u00f3 el secretario regional ministerial de Obras P\u00fablicas.<\/p>\n\n\n\n<p>Mientras que el director del Instituto de Pol\u00edticas P\u00fablicas de la UCN Coquimbo, Marcelo Olivares Arenas, destac\u00f3 la importancia para la UCN de vincularse con el medio a trav\u00e9s de estas iniciativas. \u201cEstamos muy contentos de poder poner las capacidades del IPP a disposici\u00f3n de la Direcci\u00f3n de Obras Hidr\u00e1ulicas, y as\u00ed fortalecer las capacidades de los servicios Sanitarios Rurales en la provincia de Limar\u00ed\u201d, finaliz\u00f3.<\/p>\n\n\n\n<p><strong>CAPACITACIONES PERTINENTES AL CONTEXTO H\u00cdDRICO<\/strong><\/p>\n\n\n\n<p>Generar una adecuada gesti\u00f3n de los Servicios Sanitarios Rurales teniendo en cuenta la actual situaci\u00f3n h\u00eddrica en la regi\u00f3n, fue uno de los principales objetivos de estas capacitaciones. Tarea que fue posible de lograr a trav\u00e9s de la entrega de conocimientos sobre la nueva normativa vigente, gesti\u00f3n contable y el manejo y operaci\u00f3n de los sistemas de agua potable rural.<\/p>\n\n\n\n<p>As\u00ed lo se\u00f1ala el director regional de Obras Hidr\u00e1ulicas, Jorge Valenzuela Galleguillos. \u201cEs esencial generar estas instancias de participaci\u00f3n y as\u00ed ir actualizando a las comunidades en la nueva ley de SSR. Seguiremos con estos procesos durante el pr\u00f3ximo a\u00f1o y es de esperar que la motivaci\u00f3n por participar se mantenga\u201d.<\/p>\n\n\n\n<p>En esta misma l\u00ednea, el jefe de Gesti\u00f3n Comunitaria de la Subdirecci\u00f3n regional de SSR de la Direcci\u00f3n de Obras Hidr\u00e1ulicas e Inspector Fiscal del Contrato, Herm\u00f3genes Rojas C\u00e1ceres, destac\u00f3 que \u201cesta iniciativa permite potenciar en forma primaria las capacidades de los dirigentes, secretarias administrativas y operadores, ya al adquirid mayores herramientas para facilitar el trabajo, nos sirve a nosotros ya que nuestro objetivo es potenciar los comit\u00e9s y las cooperativas de agua potable rural, que funcionen bien internamente para que nosotros podamos brindarles una asesor\u00eda continua a trav\u00e9s de talleres y capacitaciones, m\u00e1s nuestras visitas en terreno\u201d.<\/p>\n\n\n\n<p>Mientras que, la ingenier\u00eda comercial y docente del Curso de contabilidad y matem\u00e1ticas b\u00e1sicas, Patricia Becerra Barrios, destaca el objetivo de estas capacitaciones. \u201cEl prop\u00f3sito fue preparar a las personas que tienen distintos cargos directivos en los comit\u00e9s, dotarlos de herramientas y conocimientos contables, que conozcan todas estas herramientas que les va a permitir hacer una buena gesti\u00f3n. Sabemos que el recurso h\u00eddrico est\u00e1 cada vez m\u00e1s escaso entonces el trabajo que realizan todas estas personas es importante y resulta cr\u00edtico ante la situaci\u00f3n h\u00eddrica que estamos viviendo\u201d, se\u00f1al\u00f3 la docente.<\/p>\n","protected":false},"excerpt":{"rendered":"<p>99 integrantes de 43 comit\u00e9s fortalecieron sus conocimientos y capacidades con foco en la operaci\u00f3n, contabilidad y administraci\u00f3n de los Servicios Sanitarios Rurales SSR. Gracias al Programa Regional \u00abCapacitaci\u00f3n a operadores de Servicios Sanitarios Rurales Regi\u00f3n de Coquimbo Regional\u201d, del Ministerio de Obras P\u00fablicas y ejecutado por la Universidad Cat\u00f3lica del Norte (UCN), a trav\u00e9s &#8230;<\/p>\n","protected":false},"author":2,"featured_media":10518,"comment_status":"open","ping_status":"open","sticky":false,"template":"","format":"standard","meta":{"footnotes":""},"categories":[5],"tags":[],"class_list":["post-10517","post","type-post","status-publish","format-standard","has-post-thumbnail","hentry","category-actualidad-limarina"],"_links":{"self":[{"href":"https:\/\/www.radiolimari.cl\/index.php?rest_route=\/wp\/v2\/posts\/10517","targetHints":{"allow":["GET"]}}],"collection":[{"href":"https:\/\/www.radiolimari.cl\/index.php?rest_route=\/wp\/v2\/posts"}],"about":[{"href":"https:\/\/www.radiolimari.cl\/index.php?rest_route=\/wp\/v2\/types\/post"}],"author":[{"embeddable":true,"href":"https:\/\/www.radiolimari.cl\/index.php?rest_route=\/wp\/v2\/users\/2"}],"replies":[{"embeddable":true,"href":"https:\/\/www.radiolimari.cl\/index.php?rest_route=%2Fwp%2Fv2%2Fcomments&post=10517"}],"version-history":[{"count":1,"href":"https:\/\/www.radiolimari.cl\/index.php?rest_route=\/wp\/v2\/posts\/10517\/revisions"}],"predecessor-version":[{"id":10519,"href":"https:\/\/www.radiolimari.cl\/index.php?rest_route=\/wp\/v2\/posts\/10517\/revisions\/10519"}],"wp:featuredmedia":[{"embeddable":true,"href":"https:\/\/www.radiolimari.cl\/index.php?rest_route=\/wp\/v2\/media\/10518"}],"wp:attachment":[{"href":"https:\/\/www.radiolimari.cl\/index.php?rest_route=%2Fwp%2Fv2%2Fmedia&parent=10517"}],"wp:term":[{"taxonomy":"category","embeddable":true,"href":"https:\/\/www.radiolimari.cl\/index.php?rest_route=%2Fwp%2Fv2%2Fcategories&post=10517"},{"taxonomy":"post_tag","embeddable":true,"href":"https:\/\/www.radiolimari.cl\/index.php?rest_route=%2Fwp%2Fv2%2Ftags&post=10517"}],"curies":[{"name":"wp","href":"https:\/\/api.w.org\/{rel}","templated":true}]}}