{"id":10514,"date":"2024-01-02T20:02:01","date_gmt":"2024-01-02T20:02:01","guid":{"rendered":"https:\/\/www.radiolimari.cl\/?p=10514"},"modified":"2024-01-02T20:02:02","modified_gmt":"2024-01-02T20:02:02","slug":"quieres-apte-der-a-nadar-municipio-ovallino-inicio-el-proceso-de-inscripcion-de-los-cursos-de-natacion-gratuitos-en-ovalle","status":"publish","type":"post","link":"https:\/\/www.radiolimari.cl\/?p=10514","title":{"rendered":"\u00bfQuieres apte der a nadar? Municipio Ovallino inici\u00f3 el proceso de inscripci\u00f3n de los cursos de nataci\u00f3n gratuitos en Ovalle"},"content":{"rendered":"\n<figure class=\"wp-block-image size-large\"><a href=\"https:\/\/www.radiolimari.cl\/wp-content\/uploads\/2024\/01\/Proceso-de-inscripcion-de-Cursos-de-Natacion-2024-1-scaled.jpg\"><img fetchpriority=\"high\" decoding=\"async\" width=\"1024\" height=\"683\" src=\"https:\/\/www.radiolimari.cl\/wp-content\/uploads\/2024\/01\/Proceso-de-inscripcion-de-Cursos-de-Natacion-2024-1-1024x683.jpg\" alt=\"\" class=\"wp-image-10515\" srcset=\"https:\/\/www.radiolimari.cl\/wp-content\/uploads\/2024\/01\/Proceso-de-inscripcion-de-Cursos-de-Natacion-2024-1-1024x683.jpg 1024w, https:\/\/www.radiolimari.cl\/wp-content\/uploads\/2024\/01\/Proceso-de-inscripcion-de-Cursos-de-Natacion-2024-1-300x200.jpg 300w, https:\/\/www.radiolimari.cl\/wp-content\/uploads\/2024\/01\/Proceso-de-inscripcion-de-Cursos-de-Natacion-2024-1-768x512.jpg 768w, https:\/\/www.radiolimari.cl\/wp-content\/uploads\/2024\/01\/Proceso-de-inscripcion-de-Cursos-de-Natacion-2024-1-1536x1024.jpg 1536w, https:\/\/www.radiolimari.cl\/wp-content\/uploads\/2024\/01\/Proceso-de-inscripcion-de-Cursos-de-Natacion-2024-1-2048x1365.jpg 2048w\" sizes=\"(max-width: 1024px) 100vw, 1024px\" \/><\/a><\/figure>\n\n\n\n<p>Este mi\u00e9rcoles 3 de enero es el \u00faltimo d\u00eda de inscripci\u00f3n para estos talleres, que pone a disposici\u00f3n el municipio de Ovalle durante la temporada estival, para ni\u00f1os y ni\u00f1as, desde los 6 a\u00f1os, j\u00f3venes, adultos y adultos mayores. Los cursos se inician el pr\u00f3ximo 8 de enero.\u00a0<\/p>\n\n\n\n<p>Personas de todas las edades concurrieron al Cendyr Municipal, para inscribirse en los cursos de nataci\u00f3n gratuitos que puso a disposici\u00f3n el municipio de Ovalle, para que ni\u00f1os y ni\u00f1as, desde los 6 a\u00f1os, j\u00f3venes, adultos y adultos mayores aprendan las principales t\u00e9cnicas de nado y as\u00ed puedan desenvolverse de buena forma en cualquier medio acu\u00e1tico.<\/p>\n\n\n\n<p>Este proceso se inici\u00f3 este martes 2 de enero y se prolongar\u00e1 hasta el mi\u00e9rcoles 3. Los horarios de atenci\u00f3n son de 8.30 a 13.30 horas y de 15.00 a 17.00 horas, donde el personal municipal har\u00e1 la inscripci\u00f3n, previa a la presentaci\u00f3n de un Certificado M\u00e9dico, que acredite un estado de salud compatible con la actividad f\u00edsica, Certificado de Nacimiento o Carnet de Identidad.<\/p>\n\n\n\n<p>El alcalde Jonathan Acu\u00f1a Rojas sostuvo que la idea \u201ces darle una oportunidad a las personas que no saben nadar para que aprendan junto a nuestros monitores, y no tengan problemas para ba\u00f1arse en una piscina o en el mar. Pero tambi\u00e9n sabemos, que los cursos de nataci\u00f3n son una muy buena alternativa para quienes no tienen los medios para salir de vacaciones, por lo que, adem\u00e1s de obtener conocimientos y t\u00e9cnicas de nado, se ha convertido en una entretenida actividad recreativa\u201d.<\/p>\n\n\n\n<p>Marisol Araya asisti\u00f3 la primera jornada de inscripci\u00f3n de los cursos de nataci\u00f3n y se\u00f1al\u00f3 que es una \u201cmuy buena iniciativa sobretodo para las personas adultas, que tenemos problemas con nuestras articulaciones, muchas sufrimos de artrosis y no podemos hacer otro tipo de ejercicios, por lo que la nataci\u00f3n es espectacular para nosotros, as\u00ed es que agradezco esta oportunidad\u201d. Miguel Contreras, quien tambi\u00e9n se inscribi\u00f3 en los talleres destac\u00f3 que es una muy buena idea \u201cporque integra a personas de todas las edades y se convierte en un buen panorama para este verano. Adem\u00e1s es una buena opci\u00f3n para capear las altas temperaturas de este periodo del a\u00f1o\u201d. En tanto, Priscila Pe\u00f1aloza afirm\u00f3 que una \u201cmuy buena iniciativa, sobretodo porque nuestros ni\u00f1os aprenden con seguridad con personas capacitadas y paralelamente se convierte en un buen panorama de verano\u201d.<\/p>\n\n\n\n<p>Los talleres se llevar\u00e1n a cabo de martes a s\u00e1bado y se dividir\u00e1n en grupos, de 15 a 17 a\u00f1os (8.30 a 10.00 horas), 12 a 14 a\u00f1os (10.15 a 11.15 horas), 9 a 11 a\u00f1os (11.30 a 12.30 horas), 6 a 8 a\u00f1os (12.45 a 13.45 horas). En tanto, en la tarde de 6 a 8 a\u00f1os (14.15 a 15.15 horas), de 9 a 11 a\u00f1os (15.30 a 16.30 horas), de 12 a 14 a\u00f1os (16.45 a 17.45 horas). En tanto, los s\u00e1bados ser\u00e1n para uso exclusivo de adultos y adultos mayores. En tanto, los d\u00edas lunes se har\u00e1n procesos de mantenci\u00f3n en la Piscina Municipal y posteriormente ser\u00e1 utilizada por organizaciones sociales locales, la Academia de Nataci\u00f3n Municipal y el Centro de Rehabilitaci\u00f3n Comunal. Los d\u00edas domingo se abrir\u00e1 para el p\u00fablico general de 10.00 a 14.00 horas y de 15.00 a 17.30 horas.<\/p>\n\n\n\n<p>Para la temporada estival 2024, los cursos de nataci\u00f3n estar\u00e1n a cargo de 6 monitores y 2 t\u00e9cnicos en Enfermer\u00eda. Las personas que participen en estos talleres tendr\u00e1n que asistir con un gorro de nataci\u00f3n, traje de ba\u00f1o, chalas, una toalla y una botella de agua para su hidrataci\u00f3n.<\/p>\n","protected":false},"excerpt":{"rendered":"<p>Este mi\u00e9rcoles 3 de enero es el \u00faltimo d\u00eda de inscripci\u00f3n para estos talleres, que pone a disposici\u00f3n el municipio de Ovalle durante la temporada estival, para ni\u00f1os y ni\u00f1as, desde los 6 a\u00f1os, j\u00f3venes, adultos y adultos mayores. Los cursos se inician el pr\u00f3ximo 8 de enero.\u00a0 Personas de todas las edades concurrieron al &#8230;<\/p>\n","protected":false},"author":2,"featured_media":10515,"comment_status":"open","ping_status":"open","sticky":false,"template":"","format":"standard","meta":{"footnotes":""},"categories":[3],"tags":[],"class_list":["post-10514","post","type-post","status-publish","format-standard","has-post-thumbnail","hentry","category-actualidad"],"_links":{"self":[{"href":"https:\/\/www.radiolimari.cl\/index.php?rest_route=\/wp\/v2\/posts\/10514","targetHints":{"allow":["GET"]}}],"collection":[{"href":"https:\/\/www.radiolimari.cl\/index.php?rest_route=\/wp\/v2\/posts"}],"about":[{"href":"https:\/\/www.radiolimari.cl\/index.php?rest_route=\/wp\/v2\/types\/post"}],"author":[{"embeddable":true,"href":"https:\/\/www.radiolimari.cl\/index.php?rest_route=\/wp\/v2\/users\/2"}],"replies":[{"embeddable":true,"href":"https:\/\/www.radiolimari.cl\/index.php?rest_route=%2Fwp%2Fv2%2Fcomments&post=10514"}],"version-history":[{"count":1,"href":"https:\/\/www.radiolimari.cl\/index.php?rest_route=\/wp\/v2\/posts\/10514\/revisions"}],"predecessor-version":[{"id":10516,"href":"https:\/\/www.radiolimari.cl\/index.php?rest_route=\/wp\/v2\/posts\/10514\/revisions\/10516"}],"wp:featuredmedia":[{"embeddable":true,"href":"https:\/\/www.radiolimari.cl\/index.php?rest_route=\/wp\/v2\/media\/10515"}],"wp:attachment":[{"href":"https:\/\/www.radiolimari.cl\/index.php?rest_route=%2Fwp%2Fv2%2Fmedia&parent=10514"}],"wp:term":[{"taxonomy":"category","embeddable":true,"href":"https:\/\/www.radiolimari.cl\/index.php?rest_route=%2Fwp%2Fv2%2Fcategories&post=10514"},{"taxonomy":"post_tag","embeddable":true,"href":"https:\/\/www.radiolimari.cl\/index.php?rest_route=%2Fwp%2Fv2%2Ftags&post=10514"}],"curies":[{"name":"wp","href":"https:\/\/api.w.org\/{rel}","templated":true}]}}