{"id":10511,"date":"2024-01-02T18:54:41","date_gmt":"2024-01-02T18:54:41","guid":{"rendered":"https:\/\/www.radiolimari.cl\/?p=10511"},"modified":"2024-01-02T18:54:42","modified_gmt":"2024-01-02T18:54:42","slug":"tribunal-oral-en-lo-penal-de-la-serena-condeno-a-7-anos-de-presidio-efectivo-a-autor-de-homicidio-en-pan-de-azucar","status":"publish","type":"post","link":"https:\/\/www.radiolimari.cl\/?p=10511","title":{"rendered":"Tribunal Oral en lo Penal de La Serena conden\u00f3 a 7 a\u00f1os de presidio efectivo a autor de homicidio en Pan de Az\u00facar"},"content":{"rendered":"\n<figure class=\"wp-block-image size-large\"><a href=\"https:\/\/www.radiolimari.cl\/wp-content\/uploads\/2024\/01\/DSC_6047-scaled.jpg\"><img fetchpriority=\"high\" decoding=\"async\" width=\"1024\" height=\"574\" src=\"https:\/\/www.radiolimari.cl\/wp-content\/uploads\/2024\/01\/DSC_6047-1024x574.jpg\" alt=\"\" class=\"wp-image-10512\" srcset=\"https:\/\/www.radiolimari.cl\/wp-content\/uploads\/2024\/01\/DSC_6047-1024x574.jpg 1024w, https:\/\/www.radiolimari.cl\/wp-content\/uploads\/2024\/01\/DSC_6047-300x168.jpg 300w, https:\/\/www.radiolimari.cl\/wp-content\/uploads\/2024\/01\/DSC_6047-768x430.jpg 768w, https:\/\/www.radiolimari.cl\/wp-content\/uploads\/2024\/01\/DSC_6047-1536x861.jpg 1536w, https:\/\/www.radiolimari.cl\/wp-content\/uploads\/2024\/01\/DSC_6047-2048x1148.jpg 2048w\" sizes=\"(max-width: 1024px) 100vw, 1024px\" \/><\/a><\/figure>\n\n\n\n<p>El Tribunal de Juicio Oral en lo Penal de La Serena conden\u00f3 hoy \u2013martes 2 de enero\u2013 a F.A.A.T. a la pena de cumplimiento efectivo de 7 a\u00f1os de presidio, en calidad de autor del delito consumado de homicidio. Il\u00edcito cometido en febrero del a\u00f1o pasado, en el sector de Pan de Az\u00facar, comuna de Coquimbo.<\/p>\n\n\n\n<p>En fallo un\u00e1nime, el tribunal \u2013integrado por los magistrados Carol Sep\u00falveda Carvajal (presidenta), Victoria Gallardo Labra\u00f1a y Juan Carlos Espinosa Rojas (redactor)\u2013 dio por acreditado que pasadas las 00:00 horas del 12 de febrero de 2023, en la v\u00eda p\u00fablica, en pasaje Loro Tricahue frente al sitio 28, sector Cruz de Ca\u00f1a, Pan de Az\u00facar, comuna de Coquimbo, F.A.A.T. se trab\u00f3 en una ri\u00f1a con la v\u00edctima, J.J.A.P., a quien le asest\u00f3 dos pu\u00f1aladas en la regi\u00f3n precordial y una tercera en el tercio superior de la cara anterior del muslo izquierdo, caus\u00e1ndole la muerte por, entre otras, una herida cortopenetrante toraco cardiaca, necesariamente mortal aun con socorro m\u00e9dico eficaz y oportuno.<\/p>\n\n\n\n<p>\u201cEste tribunal estima suficientemente acreditado que el acusado, siendo imputable, actuando de modo contrario a derecho y en forma culpable, esto es, con conciencia de la ilicitud de su obrar, complet\u00f3 las exigencias normativas y desarroll\u00f3 la conducta y actividad necesaria del tipo penal indicado\u201d, sostiene la sentencia.<\/p>\n\n\n\n<p>En la determinaci\u00f3n de la sanci\u00f3n a imponer al condenado, el tribunal tuvo presente: \u201cQue, encontr\u00e1ndose castigado el delito de homicidio del art\u00edculo 391 N\u00b0 2 del C\u00f3digo Penal con presidio mayor en su grado medio, y concurriendo dos circunstancias atenuantes y ninguna agravante, el tribunal dar\u00e1 aplicaci\u00f3n al inciso 4\u00b0 del art\u00edculo 67 del C\u00f3digo Penal e impondr\u00e1 la pena inferior solo en un grado, la que adem\u00e1s aplicar\u00e1 en un quantum superior al inicio de dicho grado, teniendo presente para ello la manera cruenta de la ejecuci\u00f3n del hecho, en que el agente acometi\u00f3 con arma blanca a su v\u00edctima que estaba desarmada y cercena con ello de modo definitivo su proyecto de vida personal y familiar, dada la edad que ten\u00eda esta (29 a\u00f1os)\u201d.<\/p>\n\n\n\n<p>El tribunal aplic\u00f3, adem\u00e1s, a F.A.A.T. las accesorias legales de inhabilitaci\u00f3n absoluta perpetua para cargos y oficios p\u00fablicos y derechos pol\u00edticos y la&nbsp; inhabilitaci\u00f3n absoluta para profesiones titulares mientras dure la condena.<\/p>\n\n\n\n<p>Una vez que el fallo quede ejecutoriado, el tribunal dispuso que se proceda a la toma de muestra biol\u00f3gica del sentenciado para determinar su huella gen\u00e9tica e incorporaci\u00f3n al registro nacional de ADN de condenados.<\/p>\n","protected":false},"excerpt":{"rendered":"<p>El Tribunal de Juicio Oral en lo Penal de La Serena conden\u00f3 hoy \u2013martes 2 de enero\u2013 a F.A.A.T. a la pena de cumplimiento efectivo de 7 a\u00f1os de presidio, en calidad de autor del delito consumado de homicidio. Il\u00edcito cometido en febrero del a\u00f1o pasado, en el sector de Pan de Az\u00facar, comuna de &#8230;<\/p>\n","protected":false},"author":2,"featured_media":10512,"comment_status":"open","ping_status":"open","sticky":false,"template":"","format":"standard","meta":{"footnotes":""},"categories":[3],"tags":[],"class_list":["post-10511","post","type-post","status-publish","format-standard","has-post-thumbnail","hentry","category-actualidad"],"_links":{"self":[{"href":"https:\/\/www.radiolimari.cl\/index.php?rest_route=\/wp\/v2\/posts\/10511","targetHints":{"allow":["GET"]}}],"collection":[{"href":"https:\/\/www.radiolimari.cl\/index.php?rest_route=\/wp\/v2\/posts"}],"about":[{"href":"https:\/\/www.radiolimari.cl\/index.php?rest_route=\/wp\/v2\/types\/post"}],"author":[{"embeddable":true,"href":"https:\/\/www.radiolimari.cl\/index.php?rest_route=\/wp\/v2\/users\/2"}],"replies":[{"embeddable":true,"href":"https:\/\/www.radiolimari.cl\/index.php?rest_route=%2Fwp%2Fv2%2Fcomments&post=10511"}],"version-history":[{"count":1,"href":"https:\/\/www.radiolimari.cl\/index.php?rest_route=\/wp\/v2\/posts\/10511\/revisions"}],"predecessor-version":[{"id":10513,"href":"https:\/\/www.radiolimari.cl\/index.php?rest_route=\/wp\/v2\/posts\/10511\/revisions\/10513"}],"wp:featuredmedia":[{"embeddable":true,"href":"https:\/\/www.radiolimari.cl\/index.php?rest_route=\/wp\/v2\/media\/10512"}],"wp:attachment":[{"href":"https:\/\/www.radiolimari.cl\/index.php?rest_route=%2Fwp%2Fv2%2Fmedia&parent=10511"}],"wp:term":[{"taxonomy":"category","embeddable":true,"href":"https:\/\/www.radiolimari.cl\/index.php?rest_route=%2Fwp%2Fv2%2Fcategories&post=10511"},{"taxonomy":"post_tag","embeddable":true,"href":"https:\/\/www.radiolimari.cl\/index.php?rest_route=%2Fwp%2Fv2%2Ftags&post=10511"}],"curies":[{"name":"wp","href":"https:\/\/api.w.org\/{rel}","templated":true}]}}