{"id":10501,"date":"2024-01-02T12:58:04","date_gmt":"2024-01-02T12:58:04","guid":{"rendered":"https:\/\/www.radiolimari.cl\/?p=10501"},"modified":"2024-01-02T12:58:04","modified_gmt":"2024-01-02T12:58:04","slug":"exitoso-desarrollo-y-ejecucion-del-programa-identidad-rural-en-la-region-de-coquimbo","status":"publish","type":"post","link":"https:\/\/www.radiolimari.cl\/?p=10501","title":{"rendered":"EXITOSO DESARROLLO Y EJECUCI\u00d3N DEL PROGRAMA \u00abIDENTIDAD RURAL\u00bb EN LA REGI\u00d3N DE COQUIMBO"},"content":{"rendered":"\n<figure class=\"wp-block-gallery has-nested-images columns-default is-cropped wp-block-gallery-1 is-layout-flex wp-block-gallery-is-layout-flex\">\n<figure class=\"wp-block-image size-large\"><a href=\"https:\/\/www.radiolimari.cl\/wp-content\/uploads\/2024\/01\/1e9d433d-409b-478e-a50c-be25ea3e06bc.jpg\"><img fetchpriority=\"high\" decoding=\"async\" width=\"1024\" height=\"576\" data-id=\"10502\" src=\"https:\/\/www.radiolimari.cl\/wp-content\/uploads\/2024\/01\/1e9d433d-409b-478e-a50c-be25ea3e06bc-1024x576.jpg\" alt=\"\" class=\"wp-image-10502\" srcset=\"https:\/\/www.radiolimari.cl\/wp-content\/uploads\/2024\/01\/1e9d433d-409b-478e-a50c-be25ea3e06bc-1024x576.jpg 1024w, https:\/\/www.radiolimari.cl\/wp-content\/uploads\/2024\/01\/1e9d433d-409b-478e-a50c-be25ea3e06bc-300x169.jpg 300w, https:\/\/www.radiolimari.cl\/wp-content\/uploads\/2024\/01\/1e9d433d-409b-478e-a50c-be25ea3e06bc-768x432.jpg 768w, https:\/\/www.radiolimari.cl\/wp-content\/uploads\/2024\/01\/1e9d433d-409b-478e-a50c-be25ea3e06bc-1536x864.jpg 1536w, https:\/\/www.radiolimari.cl\/wp-content\/uploads\/2024\/01\/1e9d433d-409b-478e-a50c-be25ea3e06bc.jpg 1600w\" sizes=\"(max-width: 1024px) 100vw, 1024px\" \/><\/a><\/figure>\n<\/figure>\n\n\n\n<p>Con la finalidad de que los productores de las distintas comunas de la cuarta regi\u00f3n den a conocer sus productos, atributos y atractivos diferenciadores, de cada uno de sus territorios, es que origin\u00f3\u00a0\u00a0y desarroll\u00f3 el programa \u201cIdentidad Rural\u201d de la Asociaci\u00f3n de Municipios Rurales del Norte Chico.<\/p>\n\n\n\n<p>La Alcaldesa de R\u00edo Hurtado Carmen Juana Olivares, es quien preside la Asociaci\u00f3n de Municipios Rurales del Norte Chico y sus vicepresidentes son los Alcaldes de Combarbal\u00e1 Pedro Castillo, de Canela, Bernardo Leyton y de Andacollo, Gerald Cerda. Esta Asociaci\u00f3n agrupa a las comunas de Los Vilos, Canela, Illapel, Salamanca, R\u00edo Hurtado, Combarbal\u00e1 y R\u00edo Hurtado.&nbsp;<\/p>\n\n\n\n<p>Durante el Segundo semestre del a\u00f1o 2023, esta Asociaci\u00f3n ejecut\u00f3 un FNDR, junto al apoyo del Gobierno Regional, para as\u00ed impulsar con acciones concretas&nbsp;&nbsp;el turismo dentro de la regi\u00f3n de Coquimbo. Para ello desarroll\u00f3 este proyecto llamado \u201cIdentidad Rural\u201d, el cual construy\u00f3 75 m\u00f3dulos plegables&nbsp;&nbsp;para exposiciones en ferias , con un dise\u00f1o minimalista pero a su vez efectivo y arm\u00f3nico , lo que ha permitido , la realizaci\u00f3n de ferias a lo largo y ancho de nuestra regi\u00f3n , con una muy buena recepci\u00f3n por parte del p\u00fablico y expositores asistentes.<\/p>\n\n\n\n<p>Susana Rojas, Coordinadora de este programa al realizar una evaluaci\u00f3n de lo que ha sido el desarrollo de este programa lo calific\u00f3 como muy positivo: \u201cHemos realizado ferias&nbsp;&nbsp;en distintas comunas de la regi\u00f3n&nbsp;&nbsp;y la experiencia ha sido super buena, ya que el alcance que nos ped\u00eda este proyecto, lo hemos superado con creces. Cada esfuerzo que se ha hecho, ha logrado tener rentabilidad para los expositores, quienes han fortalecido sus redes de apoyo y por supuesto aumentado sus ventas.\u201d Concluy\u00f3.<\/p>\n\n\n\n<p>Por su parte Josue&nbsp;Torres, de quesos \u00abEl Zanj\u00f3n\u00bb, de la localidad de Quilitapia, Combarbal\u00e1,&nbsp; destac\u00f3 este proyecto, se\u00f1alando que est\u00e1 a la altura de ferias internacionales en las que \u00e9l ha participado activamente. Agradeci\u00f3 la iniciativa, ya que seg\u00fan sus palabras , el organizar estas ferias y contar con los implementos adecuados para exponer, facilita que los turistas conozcan y adquieran los productos en exposici\u00f3n.<\/p>\n","protected":false},"excerpt":{"rendered":"<p>Con la finalidad de que los productores de las distintas comunas de la cuarta regi\u00f3n den a conocer sus productos, atributos y atractivos diferenciadores, de cada uno de sus territorios, es que origin\u00f3\u00a0\u00a0y desarroll\u00f3 el programa \u201cIdentidad Rural\u201d de la Asociaci\u00f3n de Municipios Rurales del Norte Chico. La Alcaldesa de R\u00edo Hurtado Carmen Juana Olivares, &#8230;<\/p>\n","protected":false},"author":2,"featured_media":10502,"comment_status":"open","ping_status":"open","sticky":false,"template":"","format":"standard","meta":{"footnotes":""},"categories":[3],"tags":[],"class_list":["post-10501","post","type-post","status-publish","format-standard","has-post-thumbnail","hentry","category-actualidad"],"_links":{"self":[{"href":"https:\/\/www.radiolimari.cl\/index.php?rest_route=\/wp\/v2\/posts\/10501","targetHints":{"allow":["GET"]}}],"collection":[{"href":"https:\/\/www.radiolimari.cl\/index.php?rest_route=\/wp\/v2\/posts"}],"about":[{"href":"https:\/\/www.radiolimari.cl\/index.php?rest_route=\/wp\/v2\/types\/post"}],"author":[{"embeddable":true,"href":"https:\/\/www.radiolimari.cl\/index.php?rest_route=\/wp\/v2\/users\/2"}],"replies":[{"embeddable":true,"href":"https:\/\/www.radiolimari.cl\/index.php?rest_route=%2Fwp%2Fv2%2Fcomments&post=10501"}],"version-history":[{"count":1,"href":"https:\/\/www.radiolimari.cl\/index.php?rest_route=\/wp\/v2\/posts\/10501\/revisions"}],"predecessor-version":[{"id":10503,"href":"https:\/\/www.radiolimari.cl\/index.php?rest_route=\/wp\/v2\/posts\/10501\/revisions\/10503"}],"wp:featuredmedia":[{"embeddable":true,"href":"https:\/\/www.radiolimari.cl\/index.php?rest_route=\/wp\/v2\/media\/10502"}],"wp:attachment":[{"href":"https:\/\/www.radiolimari.cl\/index.php?rest_route=%2Fwp%2Fv2%2Fmedia&parent=10501"}],"wp:term":[{"taxonomy":"category","embeddable":true,"href":"https:\/\/www.radiolimari.cl\/index.php?rest_route=%2Fwp%2Fv2%2Fcategories&post=10501"},{"taxonomy":"post_tag","embeddable":true,"href":"https:\/\/www.radiolimari.cl\/index.php?rest_route=%2Fwp%2Fv2%2Ftags&post=10501"}],"curies":[{"name":"wp","href":"https:\/\/api.w.org\/{rel}","templated":true}]}}