{"id":10494,"date":"2023-12-31T13:43:57","date_gmt":"2023-12-31T13:43:57","guid":{"rendered":"https:\/\/www.radiolimari.cl\/?p=10494"},"modified":"2023-12-31T13:46:09","modified_gmt":"2023-12-31T13:46:09","slug":"el-arzobispo-de-la-arquidiocesis-de-la-serena-monsenor-rene-rebolledo-salinas-hizo-un-llmado-a-manifestar-agradecimiento-a-dios-en-familia-por-el-ano-que-termina","status":"publish","type":"post","link":"https:\/\/www.radiolimari.cl\/?p=10494","title":{"rendered":"El Arzobispo de la Arquidi\u00f3cesis de La Serena, Monse\u00f1or Rene Rebolledo Salinas, hizo un llamado a \u00abManifestar agradecimiento a Dios en familia por el a\u00f1o que termina\u00bb."},"content":{"rendered":"\n<figure class=\"wp-block-image size-full\"><a href=\"https:\/\/www.radiolimari.cl\/wp-content\/uploads\/2023\/12\/MENSAJE-ANO-NUEVO-2024.jpg\"><img fetchpriority=\"high\" decoding=\"async\" width=\"812\" height=\"493\" src=\"https:\/\/www.radiolimari.cl\/wp-content\/uploads\/2023\/12\/MENSAJE-ANO-NUEVO-2024.jpg\" alt=\"\" class=\"wp-image-10495\" srcset=\"https:\/\/www.radiolimari.cl\/wp-content\/uploads\/2023\/12\/MENSAJE-ANO-NUEVO-2024.jpg 812w, https:\/\/www.radiolimari.cl\/wp-content\/uploads\/2023\/12\/MENSAJE-ANO-NUEVO-2024-300x182.jpg 300w, https:\/\/www.radiolimari.cl\/wp-content\/uploads\/2023\/12\/MENSAJE-ANO-NUEVO-2024-768x466.jpg 768w\" sizes=\"(max-width: 812px) 100vw, 812px\" \/><\/a><\/figure>\n\n\n\n<p>Al finalizar la Eucarist\u00eda de este domingo 31 de diciembre en el templo catedral metropolitano de La Serena, el pastor manifest\u00f3: \u201cCon la bendici\u00f3n del Se\u00f1or llegamos al \u00faltimo d\u00eda de este a\u00f1o -31 de diciembre- que felizmente es domingo, D\u00eda del Se\u00f1or.<\/p>\n\n\n\n<p>Hace apenas unos momentos ha concluido la santa Eucarist\u00eda. Domingo tras domingo, la comunidad cristiana se congrega, convocada por el Se\u00f1or Jes\u00fas, para celebrar el misterio fundamental de su vida, trascendental, por tanto, en la vida de sus disc\u00edpulos misioneros: <strong>la memoria de su resurrecci\u00f3n<\/strong>\u201d.<\/p>\n\n\n\n<p>&nbsp; Luego, expres\u00f3 gratitud al Se\u00f1or \u201cpor la posibilidad de haberlo celebrado en comunidad todos los domingos de este a\u00f1o: En cada Eucarist\u00eda \u00c9l comunica la vida que ofrece en su Palabra, en su Cuerpo y Sangre y tambi\u00e9n en su Cuerpo que es la comunidad\u201d.<\/p>\n\n\n\n<p>En relaci\u00f3n a la <em>Fiesta <\/em>de la Sagrada familia de Jes\u00fas, Mar\u00eda y Jos\u00e9, que se celebra en este \u00faltimo d\u00eda del a\u00f1o, expres\u00f3: \u201cEn ella, como se\u00f1ala la oraci\u00f3n Colecta, <em>Dios<\/em> <strong>nos ofrece un verdadero modelo de vida<\/strong>. En ella encontramos tambi\u00e9n valiosa inspiraci\u00f3n para nuestras propias familias, como para la gran familia que es nuestra patria, quienes la habitamos, incluidos nuestros queridos hermanos provenientes de otras latitudes. \u00a1Qu\u00e9 gran aprecio tiene nuestro pueblo por esta <strong>gran, importante y noble instituci\u00f3n que es la familia<\/strong>! Hemos ofrecido la \u00faltima Eucarist\u00eda de este a\u00f1o rogando a Dios Padre y a la Sagrada Familia de Nazaret por nuestras queridas familias\u201d.<\/p>\n\n\n\n<p>Invit\u00f3 al agradecimiento a Dios, idealmente en familia, \u201cpor el a\u00f1o que finaliza\u201d, como tambi\u00e9n comenzar el 2024 \u201cponiendo nuestra vida <em>en las<\/em> <em>manos de Dios\u201d.<\/em><\/p>\n\n\n\n<p>Finalmente, salud\u00f3 a los presentes dese\u00e1ndoles muy feliz A\u00f1o Nuevo, junto a sus familias, y abundantes bendiciones del Se\u00f1or: \u201c\u00a1Que tambi\u00e9n el 2024, lo vivamos en su presencia!\u201d.<\/p>\n","protected":false},"excerpt":{"rendered":"<p>Al finalizar la Eucarist\u00eda de este domingo 31 de diciembre en el templo catedral metropolitano de La Serena, el pastor manifest\u00f3: \u201cCon la bendici\u00f3n del Se\u00f1or llegamos al \u00faltimo d\u00eda de este a\u00f1o -31 de diciembre- que felizmente es domingo, D\u00eda del Se\u00f1or. Hace apenas unos momentos ha concluido la santa Eucarist\u00eda. Domingo tras domingo, &#8230;<\/p>\n","protected":false},"author":2,"featured_media":10495,"comment_status":"open","ping_status":"open","sticky":false,"template":"","format":"standard","meta":{"footnotes":""},"categories":[3],"tags":[],"class_list":["post-10494","post","type-post","status-publish","format-standard","has-post-thumbnail","hentry","category-actualidad"],"_links":{"self":[{"href":"https:\/\/www.radiolimari.cl\/index.php?rest_route=\/wp\/v2\/posts\/10494","targetHints":{"allow":["GET"]}}],"collection":[{"href":"https:\/\/www.radiolimari.cl\/index.php?rest_route=\/wp\/v2\/posts"}],"about":[{"href":"https:\/\/www.radiolimari.cl\/index.php?rest_route=\/wp\/v2\/types\/post"}],"author":[{"embeddable":true,"href":"https:\/\/www.radiolimari.cl\/index.php?rest_route=\/wp\/v2\/users\/2"}],"replies":[{"embeddable":true,"href":"https:\/\/www.radiolimari.cl\/index.php?rest_route=%2Fwp%2Fv2%2Fcomments&post=10494"}],"version-history":[{"count":2,"href":"https:\/\/www.radiolimari.cl\/index.php?rest_route=\/wp\/v2\/posts\/10494\/revisions"}],"predecessor-version":[{"id":10497,"href":"https:\/\/www.radiolimari.cl\/index.php?rest_route=\/wp\/v2\/posts\/10494\/revisions\/10497"}],"wp:featuredmedia":[{"embeddable":true,"href":"https:\/\/www.radiolimari.cl\/index.php?rest_route=\/wp\/v2\/media\/10495"}],"wp:attachment":[{"href":"https:\/\/www.radiolimari.cl\/index.php?rest_route=%2Fwp%2Fv2%2Fmedia&parent=10494"}],"wp:term":[{"taxonomy":"category","embeddable":true,"href":"https:\/\/www.radiolimari.cl\/index.php?rest_route=%2Fwp%2Fv2%2Fcategories&post=10494"},{"taxonomy":"post_tag","embeddable":true,"href":"https:\/\/www.radiolimari.cl\/index.php?rest_route=%2Fwp%2Fv2%2Ftags&post=10494"}],"curies":[{"name":"wp","href":"https:\/\/api.w.org\/{rel}","templated":true}]}}