{"id":10475,"date":"2023-12-28T13:29:13","date_gmt":"2023-12-28T13:29:13","guid":{"rendered":"https:\/\/www.radiolimari.cl\/?p=10475"},"modified":"2023-12-28T13:29:14","modified_gmt":"2023-12-28T13:29:14","slug":"jovenes-en-proceso-de-reinsercion-participan-del-cierre-de-actividades-ejecutadas-por-sename-e-ind","status":"publish","type":"post","link":"https:\/\/www.radiolimari.cl\/?p=10475","title":{"rendered":"J\u00f3venes en proceso de reinserci\u00f3n participan del cierre de actividades ejecutadas por Sename e IND"},"content":{"rendered":"\n<figure class=\"wp-block-image size-full\"><a href=\"https:\/\/www.radiolimari.cl\/wp-content\/uploads\/2023\/12\/Cierre_IND-Sename.jpg\"><img fetchpriority=\"high\" decoding=\"async\" width=\"1024\" height=\"903\" src=\"https:\/\/www.radiolimari.cl\/wp-content\/uploads\/2023\/12\/Cierre_IND-Sename.jpg\" alt=\"\" class=\"wp-image-10476\" srcset=\"https:\/\/www.radiolimari.cl\/wp-content\/uploads\/2023\/12\/Cierre_IND-Sename.jpg 1024w, https:\/\/www.radiolimari.cl\/wp-content\/uploads\/2023\/12\/Cierre_IND-Sename-300x265.jpg 300w, https:\/\/www.radiolimari.cl\/wp-content\/uploads\/2023\/12\/Cierre_IND-Sename-768x677.jpg 768w\" sizes=\"(max-width: 1024px) 100vw, 1024px\" \/><\/a><\/figure>\n\n\n\n<p><em>Con una cl\u00ednica deportiva orientada al f\u00fatbol y a la preparaci\u00f3n f\u00edsica, se dio por concluido el ciclo anual de actividades llevadas a cabo por la Mesa integrada por el Servicio Nacional de Menores, el Ministerio del Deporte e IND.<\/em><\/p>\n\n\n\n<p>Durante todo un a\u00f1o, en un esfuerzo colaborativo, se coordinaron y ejecutaron diversas acciones deportivas en beneficio de adolescentes y j\u00f3venes en proceso de reinserci\u00f3n social atendidos por Sename Coquimbo. Lo anterior, como resultado del trabajo interinstitucional entre el servicio, el Ministerio del Deporte (MINDEP) y el Instituto Nacional de Deportes (IND).<\/p>\n\n\n\n<p>El exitoso cierre tuvo lugar en el Centro de Internaci\u00f3n Provisoria y Centro de R\u00e9gimen Cerrado (CIP-CRC) ubicado en Las Compa\u00f1\u00edas, en donde los j\u00f3venes tuvieron la oportunidad de participar de una cl\u00ednica deportiva orientada al f\u00fatbol y a la preparaci\u00f3n f\u00edsica.<\/p>\n\n\n\n<p>Sobre la clausura, el director del IND, Jonathan Pino, se\u00f1al\u00f3 que la instancia forma parte de los acuerdos de la mesa de trabajo Sename-IND, que han posibilitado el desarrollo de intervenciones con los j\u00f3venes de los centros de justicia juvenil, agregando que \u201ceste tipo de acciones permiten que tengan una tarde m\u00e1s divertida, puedan hacer deporte y generar lazos. Lo m\u00e1s importante es distraerlos un poco de todo lo que les ha tocado vivir, que sigan practicando deporte. Nosotros nos vamos a esforzar por realizar m\u00e1s actividades con ellos el pr\u00f3ximo a\u00f1o\u201d.<\/p>\n\n\n\n<p>La iniciativa, dictada por el destacado exfutbolista V\u00edctor Hugo Casta\u00f1eda, permiti\u00f3 un espacio saludable y de mucha entretenci\u00f3n para los adolescentes. \u201cEs muy reconfortante para m\u00ed, y para el equipo del IND, participar y compartir en esto, que los muchachos tengan una tarde de esparcimiento, algo distinto para incentivarlos\u201d, indic\u00f3 el tambi\u00e9n ex entrenador deportivo.<\/p>\n\n\n\n<p>El fomento de actividades deportivas para j\u00f3venes en proceso de reinserci\u00f3n social se ha llevado a cabo en el marco de un convenio de colaboraci\u00f3n intersectorial firmado en noviembre del 2022. El objetivo, es trabajar en la promoci\u00f3n sistem\u00e1tica de la actividad f\u00edsica en los j\u00f3venes que se encuentran cumpliendo penas o sanciones, tanto privativas como no privativas de libertad, en centros de administraci\u00f3n directa de Sename u organismos colaboradores del servicio.<\/p>\n\n\n\n<p>As\u00ed, se dio por finalizado el programa de trabajo 2023, que permiti\u00f3 el desarrollo de distintas instancias deportivas, reconociendo su importancia como un factor protector en pos de la reinserci\u00f3n de adolescentes en conflicto con la justicia. Uno de los j\u00f3venes presentes, R.R (19), agradeci\u00f3 la tarde de esparcimiento. \u201cMuchas gracias, faltan m\u00e1s actividades as\u00ed, que ayudan a salir de la rutina\u201d.&nbsp;<\/p>\n\n\n\n<p>Al respecto, la directora regional (s) de Sename Coquimbo, Patricia Alfaro, se refiri\u00f3 a la continuidad de la alianza entre ambas instituciones durante el pr\u00f3ximo a\u00f1o, cuando ya se haya implementado en la zona el Servicio Nacional de Reinserci\u00f3n Social Juvenil. \u201cHemos contado con el director del IND en muchas ocasiones, sabemos que podemos contar con ellos. Para el pr\u00f3ximo a\u00f1o vamos a estar coordinando nuevas actividades para los j\u00f3venes\u201d.<\/p>\n","protected":false},"excerpt":{"rendered":"<p>Con una cl\u00ednica deportiva orientada al f\u00fatbol y a la preparaci\u00f3n f\u00edsica, se dio por concluido el ciclo anual de actividades llevadas a cabo por la Mesa integrada por el Servicio Nacional de Menores, el Ministerio del Deporte e IND. Durante todo un a\u00f1o, en un esfuerzo colaborativo, se coordinaron y ejecutaron diversas acciones deportivas &#8230;<\/p>\n","protected":false},"author":2,"featured_media":10476,"comment_status":"open","ping_status":"open","sticky":false,"template":"","format":"standard","meta":{"footnotes":""},"categories":[3],"tags":[],"class_list":["post-10475","post","type-post","status-publish","format-standard","has-post-thumbnail","hentry","category-actualidad"],"_links":{"self":[{"href":"https:\/\/www.radiolimari.cl\/index.php?rest_route=\/wp\/v2\/posts\/10475","targetHints":{"allow":["GET"]}}],"collection":[{"href":"https:\/\/www.radiolimari.cl\/index.php?rest_route=\/wp\/v2\/posts"}],"about":[{"href":"https:\/\/www.radiolimari.cl\/index.php?rest_route=\/wp\/v2\/types\/post"}],"author":[{"embeddable":true,"href":"https:\/\/www.radiolimari.cl\/index.php?rest_route=\/wp\/v2\/users\/2"}],"replies":[{"embeddable":true,"href":"https:\/\/www.radiolimari.cl\/index.php?rest_route=%2Fwp%2Fv2%2Fcomments&post=10475"}],"version-history":[{"count":1,"href":"https:\/\/www.radiolimari.cl\/index.php?rest_route=\/wp\/v2\/posts\/10475\/revisions"}],"predecessor-version":[{"id":10477,"href":"https:\/\/www.radiolimari.cl\/index.php?rest_route=\/wp\/v2\/posts\/10475\/revisions\/10477"}],"wp:featuredmedia":[{"embeddable":true,"href":"https:\/\/www.radiolimari.cl\/index.php?rest_route=\/wp\/v2\/media\/10476"}],"wp:attachment":[{"href":"https:\/\/www.radiolimari.cl\/index.php?rest_route=%2Fwp%2Fv2%2Fmedia&parent=10475"}],"wp:term":[{"taxonomy":"category","embeddable":true,"href":"https:\/\/www.radiolimari.cl\/index.php?rest_route=%2Fwp%2Fv2%2Fcategories&post=10475"},{"taxonomy":"post_tag","embeddable":true,"href":"https:\/\/www.radiolimari.cl\/index.php?rest_route=%2Fwp%2Fv2%2Ftags&post=10475"}],"curies":[{"name":"wp","href":"https:\/\/api.w.org\/{rel}","templated":true}]}}