{"id":10472,"date":"2023-12-28T13:04:24","date_gmt":"2023-12-28T13:04:24","guid":{"rendered":"https:\/\/www.radiolimari.cl\/?p=10472"},"modified":"2023-12-28T13:04:24","modified_gmt":"2023-12-28T13:04:24","slug":"seremi-de-energia-destaca-avances-en-energias-renovables-eficiencia-energetica-y-genero","status":"publish","type":"post","link":"https:\/\/www.radiolimari.cl\/?p=10472","title":{"rendered":"Seremi de Energ\u00eda destaca avances en energ\u00edas renovables, eficiencia energ\u00e9tica y g\u00e9nero"},"content":{"rendered":"\n<figure class=\"wp-block-image size-large\"><a href=\"https:\/\/www.radiolimari.cl\/wp-content\/uploads\/2023\/12\/IMG_4982-scaled.jpg\"><img fetchpriority=\"high\" decoding=\"async\" width=\"1024\" height=\"683\" src=\"https:\/\/www.radiolimari.cl\/wp-content\/uploads\/2023\/12\/IMG_4982-1024x683.jpg\" alt=\"\" class=\"wp-image-10473\" srcset=\"https:\/\/www.radiolimari.cl\/wp-content\/uploads\/2023\/12\/IMG_4982-1024x683.jpg 1024w, https:\/\/www.radiolimari.cl\/wp-content\/uploads\/2023\/12\/IMG_4982-300x200.jpg 300w, https:\/\/www.radiolimari.cl\/wp-content\/uploads\/2023\/12\/IMG_4982-768x512.jpg 768w, https:\/\/www.radiolimari.cl\/wp-content\/uploads\/2023\/12\/IMG_4982-1536x1024.jpg 1536w, https:\/\/www.radiolimari.cl\/wp-content\/uploads\/2023\/12\/IMG_4982-2048x1365.jpg 2048w\" sizes=\"(max-width: 1024px) 100vw, 1024px\" \/><\/a><\/figure>\n\n\n\n<p><strong>Pilares claves de la sustentabilidad, la transici\u00f3n energ\u00e9tica y la igualdad de g\u00e9nero, estuvieron en la impronta de la gesti\u00f3n 2023 de la SEREMI de Energ\u00eda.<\/strong><\/p>\n\n\n\n<p>Una serie de avances en mayor incorporaci\u00f3n de las energ\u00edas renovables para diferentes \u00e1mbitos, eficiencia energ\u00e9tica domiciliaria y en edificaciones, as\u00ed como los positivos resultados en igualdad de g\u00e9nero en el sector energ\u00e9tico, concret\u00f3 la SEREMI de Energ\u00eda durante el presente a\u00f1o.<\/p>\n\n\n\n<p><br>En concreto, en 2023 a trav\u00e9s del programa Mejor Escuela, se efectuaron obras de mejoramiento del confort t\u00e9rmico en el liceo Domingo Ortiz de Rozas de Illapel, de las escuelas Neftal\u00ed Reyes Basoalto de El Tambo, Arturo P\u00e9rez Canto de San Marcos y Juan Antonio R\u00edos de Huentelauqu\u00e9n, por cerca de 1.200 millones de pesos.<\/p>\n\n\n\n<p><br>Con apoyo de la Agencia de Sostenibilidad Energ\u00e9tica este plan consisti\u00f3 en trabajos de mejoramiento de aislaci\u00f3n t\u00e9rmica y de ventanas con sistema termo panel, recambio de luminarias a LED, sensores de CO2, adem\u00e1s de conservaci\u00f3n de pinturas, cielos y muros, y cambio de puertas que beneficiar\u00e1n a cerca de 800 estudiantes de las comunas de Illapel, Vicu\u00f1a, Combarbal\u00e1 y Canela, adem\u00e1s de sus respectivas comunidades educativas. La mayor\u00eda de los establecimientos estar\u00e1n listos para el inicio del a\u00f1o escolar 2024.<\/p>\n\n\n\n<p><br>Por otra parte, el programa Ponle Energ\u00eda a Tu Pyme, del Ministerio y la Agencia, adjudic\u00f3 cinco proyectos fotovoltaicos para fomentar el ahorro energ\u00e9tico por 66 millones de pesos a un taller de confecci\u00f3n de La Serena, negocios de La Higuera y La Serena, y a un hotel de Vicu\u00f1a.<\/p>\n\n\n\n<p><br>En tanto, el Fondo de Acceso a la Energ\u00eda adjudic\u00f3 dos proyectos de sistemas fotovoltaicos conectados a la red en las comunas de Monte Patria y Vicu\u00f1a, los que corresponden a colegio Alejandro Chel\u00e9n Rojas de Cha\u00f1aral Alto y a la posta de salud rural de Peralillo. Actualmente se encuentra en licitaci\u00f3n la implementaci\u00f3n de ambas soluciones.<\/p>\n\n\n\n<p><br>En materia de g\u00e9nero y fomento de capital humano, la SEREMI promovi\u00f3 la realizaci\u00f3n de seis sesiones de trabajo de la mesa regional del programa \u201cEnerg\u00eda M\u00e1s Mujeres\u201d, con empresas del sector, servicios p\u00fablicos, y representantes de entidades de educaci\u00f3n superior, logrando 10 convenios de compromisos de mayor inclusi\u00f3n femenina en el sector energ\u00e9tico a nivel empresarial y acad\u00e9mico.<\/p>\n\n\n\n<p><br>El programa Con Buena Energ\u00eda capacit\u00f3 a un total de 323 familias de las comunas La Serena, Coquimbo, Andacollo, Combarbal\u00e1 e Illapel, quienes aprendieron consejos para ahorrar energ\u00eda en sus casas y promover el recambio tecnol\u00f3gico mediante la entrega de un kit de eficiencia energ\u00e9tica, que incorpora 3 ampolletas led y un alargador zapatilla para cada beneficiario\/a.<\/p>\n\n\n\n<p><br>La seremi de Energ\u00eda, Mar\u00eda Castillo Rojas, hizo un positivo balance del resultado del a\u00f1o 2023 \u201cporque a trav\u00e9s del Ministerio de Energ\u00eda estamos alineados con las metas de sustentabilidad y transici\u00f3n energ\u00e9tica, con una mayor incorporaci\u00f3n de energ\u00edas renovables a peque\u00f1a y gran escala, la promoci\u00f3n de la eficiencia energ\u00e9tica en las familias vulnerables y un mejor confort t\u00e9rmico para evitar mayores costos de la energ\u00eda en los colegios, especialmente de zonas rurales, donde necesitamos nivelar las condiciones. Y por cierto, como somos un gobierno feminista, a trav\u00e9s de nuestra mesa Energ\u00eda M\u00e1s Mujeres, hemos conseguido avances significativos para promover una participaci\u00f3n femenina en las empresas y en la academia regional\u201d.<\/p>\n\n\n\n<p><strong>ENERG\u00cdAS RENOVABLES<\/strong><\/p>\n\n\n\n<p><br>Con respecto a los proyectos de generaci\u00f3n, el 2023 entraron en operaci\u00f3n 15 centrales de energ\u00eda fotovoltaica por 98,8 MW de capacidad instalada al Sistema El\u00e9ctrico Nacional. En tanto, en la Comisi\u00f3n de Evaluaci\u00f3n Ambiental de Coquimbo se aprobaron 3 proyectos de generaci\u00f3n, m\u00e1s la ampliaci\u00f3n de potencia de uno ya aprobado, por 420 MW de potencia y 324 millones de d\u00f3lares en inversi\u00f3n.&nbsp;<\/p>\n","protected":false},"excerpt":{"rendered":"<p>Pilares claves de la sustentabilidad, la transici\u00f3n energ\u00e9tica y la igualdad de g\u00e9nero, estuvieron en la impronta de la gesti\u00f3n 2023 de la SEREMI de Energ\u00eda. Una serie de avances en mayor incorporaci\u00f3n de las energ\u00edas renovables para diferentes \u00e1mbitos, eficiencia energ\u00e9tica domiciliaria y en edificaciones, as\u00ed como los positivos resultados en igualdad de g\u00e9nero &#8230;<\/p>\n","protected":false},"author":2,"featured_media":10473,"comment_status":"open","ping_status":"open","sticky":false,"template":"","format":"standard","meta":{"footnotes":""},"categories":[6],"tags":[],"class_list":["post-10472","post","type-post","status-publish","format-standard","has-post-thumbnail","hentry","category-regionales"],"_links":{"self":[{"href":"https:\/\/www.radiolimari.cl\/index.php?rest_route=\/wp\/v2\/posts\/10472","targetHints":{"allow":["GET"]}}],"collection":[{"href":"https:\/\/www.radiolimari.cl\/index.php?rest_route=\/wp\/v2\/posts"}],"about":[{"href":"https:\/\/www.radiolimari.cl\/index.php?rest_route=\/wp\/v2\/types\/post"}],"author":[{"embeddable":true,"href":"https:\/\/www.radiolimari.cl\/index.php?rest_route=\/wp\/v2\/users\/2"}],"replies":[{"embeddable":true,"href":"https:\/\/www.radiolimari.cl\/index.php?rest_route=%2Fwp%2Fv2%2Fcomments&post=10472"}],"version-history":[{"count":1,"href":"https:\/\/www.radiolimari.cl\/index.php?rest_route=\/wp\/v2\/posts\/10472\/revisions"}],"predecessor-version":[{"id":10474,"href":"https:\/\/www.radiolimari.cl\/index.php?rest_route=\/wp\/v2\/posts\/10472\/revisions\/10474"}],"wp:featuredmedia":[{"embeddable":true,"href":"https:\/\/www.radiolimari.cl\/index.php?rest_route=\/wp\/v2\/media\/10473"}],"wp:attachment":[{"href":"https:\/\/www.radiolimari.cl\/index.php?rest_route=%2Fwp%2Fv2%2Fmedia&parent=10472"}],"wp:term":[{"taxonomy":"category","embeddable":true,"href":"https:\/\/www.radiolimari.cl\/index.php?rest_route=%2Fwp%2Fv2%2Fcategories&post=10472"},{"taxonomy":"post_tag","embeddable":true,"href":"https:\/\/www.radiolimari.cl\/index.php?rest_route=%2Fwp%2Fv2%2Ftags&post=10472"}],"curies":[{"name":"wp","href":"https:\/\/api.w.org\/{rel}","templated":true}]}}