{"id":10469,"date":"2023-12-28T00:45:16","date_gmt":"2023-12-28T00:45:16","guid":{"rendered":"https:\/\/www.radiolimari.cl\/?p=10469"},"modified":"2023-12-28T00:45:23","modified_gmt":"2023-12-28T00:45:23","slug":"municipio-ovallino-entrega-reconocimiento-a-tenimesista-claudio-bahamondes","status":"publish","type":"post","link":"https:\/\/www.radiolimari.cl\/?p=10469","title":{"rendered":"Municipio Ovallino entrega Reconocimiento a tenimesista Claudio Bahamondes"},"content":{"rendered":"\n<figure class=\"wp-block-image size-large is-resized\"><a href=\"https:\/\/www.radiolimari.cl\/wp-content\/uploads\/2023\/12\/Reconocimiento-a-tenimesista-Claudio-Bahamondes.jpg\"><img fetchpriority=\"high\" decoding=\"async\" width=\"1024\" height=\"683\" src=\"https:\/\/www.radiolimari.cl\/wp-content\/uploads\/2023\/12\/Reconocimiento-a-tenimesista-Claudio-Bahamondes-1024x683.jpg\" alt=\"\" class=\"wp-image-10470\" style=\"width:383px;height:auto\" srcset=\"https:\/\/www.radiolimari.cl\/wp-content\/uploads\/2023\/12\/Reconocimiento-a-tenimesista-Claudio-Bahamondes-1024x683.jpg 1024w, https:\/\/www.radiolimari.cl\/wp-content\/uploads\/2023\/12\/Reconocimiento-a-tenimesista-Claudio-Bahamondes-300x200.jpg 300w, https:\/\/www.radiolimari.cl\/wp-content\/uploads\/2023\/12\/Reconocimiento-a-tenimesista-Claudio-Bahamondes-768x512.jpg 768w, https:\/\/www.radiolimari.cl\/wp-content\/uploads\/2023\/12\/Reconocimiento-a-tenimesista-Claudio-Bahamondes-1536x1024.jpg 1536w, https:\/\/www.radiolimari.cl\/wp-content\/uploads\/2023\/12\/Reconocimiento-a-tenimesista-Claudio-Bahamondes.jpg 1920w\" sizes=\"(max-width: 1024px) 100vw, 1024px\" \/><\/a><\/figure>\n\n\n\n<p><strong><em>El alcalde Jonathan Acu\u00f1a Rojas hizo entrega de un galvano en reconocimiento por su trayectoria deportiva y anunci\u00f3 la creaci\u00f3n de un Fondo Municipal espec\u00edfico para deportistas de la comuna, con el objetivo de apoyar a los competidores de alto rendimiento de la comuna en distintas disciplinas.<\/em><\/strong><\/p>\n\n\n\n<p>El tenimesista ovallino y medalla de plata en los Juegos ParaPanamericanos Santiago 2023, Claudio Bahamondes Vega recibi\u00f3 en la jornada de hoy mi\u00e9rcoles 27 de diciembre un reconocimiento de parte del alcalde de la Ilustre Municipalidad de Ovalle, Jonathan Acu\u00f1a Rojas, en consideraci\u00f3n a su trayectoria deportiva y destacada participaci\u00f3n en el certamen continental realizado en nuestro pa\u00eds.<\/p>\n\n\n\n<p>En la oportunidad, la primera autoridad comunal anunci\u00f3 la creaci\u00f3n de un Fondo Municipal espec\u00edfico para deportistas de la comuna, con el objetivo de apoyar a los competidores de alto rendimiento de la comuna en las distintas disciplinas.<\/p>\n\n\n\n<p>\u201cHace un par de d\u00edas, est\u00e1bamos entregando diferentes reconocimientos a los deportistas destacados en la comuna, en una actividad simb\u00f3lica muy linda, con exponentes de diferentes disciplinas y hoy, estuvimos con Claudio Bahamondes, que no pudo estar presente en esa oportunidad\u201d, se\u00f1al\u00f3 el alcalde Jonathan Acu\u00f1a.<\/p>\n\n\n\n<p>Agreg\u00f3 que \u201cle informamos la posibilidad de ir generando un fondo a nivel municipal, dedicado exclusivamente a los deportistas de alto rendimiento. Creemos que la \u00fanica alternativa de permitirle a cada uno de ellos sortear las dificultades que se presentan, muchas veces de tipo econ\u00f3micas\u201d y remarc\u00f3 que \u201cpoder acceder a estos fondos para desarrollar de mejor manera su actividad\u201d.<\/p>\n\n\n\n<p>El jefe comunal puntualiz\u00f3 que hay atletas \u201cque representan a Ovalle a nivel regional, nacional e incluso internacional, como es el caso de Claudio, y les informamos que hemos estado trabajando en esta situaci\u00f3n para el 2024 tener este fondo junto con un reglamento que nos permita hacer entrega de recursos de manera directa a cada uno de estos deportistas destacados y no tengan que depender de una organizaci\u00f3n social establecida para ser apadrinados y esperar la entrega de algunos recursos,&nbsp; que si bien son limitados hoy d\u00eda, con este fondo, nos abren mejores y mayores posibilidades para cada deportista. De ah\u00ed el compromiso que adquirimos tambi\u00e9n con Claudio, que una vez que los tengamos finiquitados, que esperamos sea en enero, poder hacer entrega oficial de estos fondos durante todo el a\u00f1o 2024\u201d, concluy\u00f3.<\/p>\n\n\n\n<p>En tanto el destacado tenimesista Claudio Bahamondes agradeci\u00f3 el reconocimiento del municipio y valor\u00f3 la iniciativa de la administraci\u00f3n del alcalde Jonathan Acu\u00f1a de crear un Fondo Municipal para Deportistas.<\/p>\n\n\n\n<p>\u201cLa verdad muy feliz de este reconocimiento. Hab\u00eda tenido varias conversaciones antes con el alcalde sobre este tema del apoyo a los deportistas que es s\u00faper importante en la carrera de todos nosotros, especialmente en los deportistas ovallinos de alto rendimiento, que salen a competir fuera y se necesita el apoyo. Chile ha crecido mucho con respecto al apoyo a los deportistas paral\u00edmpicos y convencionales de parte del Mindep. del IND, pero a\u00fan falta y es muy importante el apoyo de los municipios, en el caso de la gente que es de regiones\u201d.<\/p>\n\n\n\n<p>El medallista agreg\u00f3 que se encuentra \u201cmuy feliz con que se sigan dando las cosas, esto me sirve mucho para lo que viene, porque ando buscando mi clasificaci\u00f3n a los juegos Paral\u00edmpicos en Par\u00eds 2024\u201d y puntualiz\u00f3 que \u201cvengo reci\u00e9n terminando los juegos parapanamericanos. En lo personal, para m\u00ed fue un a\u00f1o s\u00faper bueno, de muy buenos triunfos a nivel individual, gan\u00e1ndole a jugadores top 10 del mundo y hace poquito antes de los juegos logr\u00e9 ganar mi primer circuito mundial. Es superpositivo y cerramos el broche de oro con lo que son los juegos Panamericanos, mis primeros juegos y aun as\u00ed haber hecho final para Panamericana fue de verdad incre\u00edble. Una (medalla de) plata con sabor a oro porque la final estuvo ah\u00ed, la perdimos 3 a 2 con Brasil, pero s\u00faper feliz, super contento\u201d.<\/p>\n","protected":false},"excerpt":{"rendered":"<p>El alcalde Jonathan Acu\u00f1a Rojas hizo entrega de un galvano en reconocimiento por su trayectoria deportiva y anunci\u00f3 la creaci\u00f3n de un Fondo Municipal espec\u00edfico para deportistas de la comuna, con el objetivo de apoyar a los competidores de alto rendimiento de la comuna en distintas disciplinas. El tenimesista ovallino y medalla de plata en &#8230;<\/p>\n","protected":false},"author":2,"featured_media":10470,"comment_status":"open","ping_status":"open","sticky":false,"template":"","format":"standard","meta":{"footnotes":""},"categories":[5],"tags":[],"class_list":["post-10469","post","type-post","status-publish","format-standard","has-post-thumbnail","hentry","category-actualidad-limarina"],"_links":{"self":[{"href":"https:\/\/www.radiolimari.cl\/index.php?rest_route=\/wp\/v2\/posts\/10469","targetHints":{"allow":["GET"]}}],"collection":[{"href":"https:\/\/www.radiolimari.cl\/index.php?rest_route=\/wp\/v2\/posts"}],"about":[{"href":"https:\/\/www.radiolimari.cl\/index.php?rest_route=\/wp\/v2\/types\/post"}],"author":[{"embeddable":true,"href":"https:\/\/www.radiolimari.cl\/index.php?rest_route=\/wp\/v2\/users\/2"}],"replies":[{"embeddable":true,"href":"https:\/\/www.radiolimari.cl\/index.php?rest_route=%2Fwp%2Fv2%2Fcomments&post=10469"}],"version-history":[{"count":1,"href":"https:\/\/www.radiolimari.cl\/index.php?rest_route=\/wp\/v2\/posts\/10469\/revisions"}],"predecessor-version":[{"id":10471,"href":"https:\/\/www.radiolimari.cl\/index.php?rest_route=\/wp\/v2\/posts\/10469\/revisions\/10471"}],"wp:featuredmedia":[{"embeddable":true,"href":"https:\/\/www.radiolimari.cl\/index.php?rest_route=\/wp\/v2\/media\/10470"}],"wp:attachment":[{"href":"https:\/\/www.radiolimari.cl\/index.php?rest_route=%2Fwp%2Fv2%2Fmedia&parent=10469"}],"wp:term":[{"taxonomy":"category","embeddable":true,"href":"https:\/\/www.radiolimari.cl\/index.php?rest_route=%2Fwp%2Fv2%2Fcategories&post=10469"},{"taxonomy":"post_tag","embeddable":true,"href":"https:\/\/www.radiolimari.cl\/index.php?rest_route=%2Fwp%2Fv2%2Ftags&post=10469"}],"curies":[{"name":"wp","href":"https:\/\/api.w.org\/{rel}","templated":true}]}}