{"id":10449,"date":"2023-12-23T02:50:11","date_gmt":"2023-12-23T02:50:11","guid":{"rendered":"https:\/\/www.radiolimari.cl\/?p=10449"},"modified":"2023-12-23T02:50:12","modified_gmt":"2023-12-23T02:50:12","slug":"cuerpo-de-bomberos-de-ovalle-cuenta-con-nuevo-carro-escala-mecanica","status":"publish","type":"post","link":"https:\/\/www.radiolimari.cl\/?p=10449","title":{"rendered":"Cuerpo de Bomberos de Ovalle cuenta con nuevo carro escala mec\u00e1nica"},"content":{"rendered":"\n<figure class=\"wp-block-image size-large\"><a href=\"https:\/\/www.radiolimari.cl\/wp-content\/uploads\/2023\/12\/Carro-Escala-Erasmo-Cortes-Guzman-Cuarta-Compania-de-Bomberos-2.jpg\"><img fetchpriority=\"high\" decoding=\"async\" width=\"1024\" height=\"683\" src=\"https:\/\/www.radiolimari.cl\/wp-content\/uploads\/2023\/12\/Carro-Escala-Erasmo-Cortes-Guzman-Cuarta-Compania-de-Bomberos-2-1024x683.jpg\" alt=\"\" class=\"wp-image-10450\" srcset=\"https:\/\/www.radiolimari.cl\/wp-content\/uploads\/2023\/12\/Carro-Escala-Erasmo-Cortes-Guzman-Cuarta-Compania-de-Bomberos-2-1024x683.jpg 1024w, https:\/\/www.radiolimari.cl\/wp-content\/uploads\/2023\/12\/Carro-Escala-Erasmo-Cortes-Guzman-Cuarta-Compania-de-Bomberos-2-300x200.jpg 300w, https:\/\/www.radiolimari.cl\/wp-content\/uploads\/2023\/12\/Carro-Escala-Erasmo-Cortes-Guzman-Cuarta-Compania-de-Bomberos-2-768x512.jpg 768w, https:\/\/www.radiolimari.cl\/wp-content\/uploads\/2023\/12\/Carro-Escala-Erasmo-Cortes-Guzman-Cuarta-Compania-de-Bomberos-2-1536x1024.jpg 1536w, https:\/\/www.radiolimari.cl\/wp-content\/uploads\/2023\/12\/Carro-Escala-Erasmo-Cortes-Guzman-Cuarta-Compania-de-Bomberos-2.jpg 1920w\" sizes=\"(max-width: 1024px) 100vw, 1024px\" \/><\/a><\/figure>\n\n\n\n<p><strong><em>El nuevo m\u00f3vil, perteneciente a la Cuarta Compa\u00f1\u00eda del Cuerpo de Bomberos de Ovalle y que lleva el nombre del capit\u00e1n Erasmo Cort\u00e9s Guzm\u00e1n, se adquiri\u00f3 gracias a la postulaci\u00f3n que realiz\u00f3 el municipio local y el financiamiento del Gobierno Regional, que alcanz\u00f3 los 680 millones de pesos. Este carro permitir\u00e1 enfrentar incendios estructurales y en altura en la comuna de Ovalle y en la provincia del Limar\u00ed.<\/em><\/strong><\/p>\n\n\n\n<p>Contentos est\u00e1n en el Cuerpo de Bomberos de Ovalle, puesto que recibieron oficialmente el carro escala tan anhelado, que les permitir\u00e1 enfrentar de manera \u00f3ptima incendios estructurales y en altura. El nuevo m\u00f3vil, perteneciente a la Cuarta Compa\u00f1\u00eda de la instituci\u00f3n, se adquiri\u00f3 gracias a la postulaci\u00f3n que realiz\u00f3 el municipio de Ovalle y el financiamiento del Gobierno Regional, que alcanz\u00f3 los 680 millones de pesos.<\/p>\n\n\n\n<p>Se trata de un carro escala mec\u00e1nica marca Rosenbaur 4&#215;2, motor Cummins de 500 HP con una escala de 30 metros y con una cabina con capacidad para seis bomberos. La nueva m\u00e1quina lleva el nombre del fallecido y recordado capit\u00e1n Erasmo Cort\u00e9s Guzm\u00e1n, quien le dedic\u00f3 m\u00e1s de 50 a\u00f1os de su vida a la instituci\u00f3n y servir\u00e1 para incendios estructurales de casco antiguo, rescate de personas y extinci\u00f3n de incendios en subterr\u00e1neos.<\/p>\n\n\n\n<p>La ceremonia inaugural se llev\u00f3 a cabo en el cuartel de la Cuarta Compa\u00f1\u00eda del Cuerpo de Bomberos de Ovalle, ubicada en el sector El Portal y cont\u00f3 con la presencia del alcalde Jonathan Acu\u00f1a Rojas, miembros del Concejo Municipal e integrantes del Consejo Regional, adem\u00e1s de representantes de la instituci\u00f3n bomberil y familiares del capit\u00e1n Erasmo Cort\u00e9s Guzm\u00e1n.<\/p>\n\n\n\n<p>El alcalde Jonathan Acu\u00f1a Rojas se\u00f1al\u00f3 que esta herramienta \u201cmejora las condiciones del Cuerpo de Bomberos de Ovalle y el trabajo que desempe\u00f1a cada uno de los voluntarios y voluntarias de la instituci\u00f3n. Este es un avance muy importante porque Bomberos siempre est\u00e1n al servicio de nuestra comunidad en momentos de emergencia, y lo hacen sin recibir ninguna remuneraci\u00f3n, por lo que es una acci\u00f3n muy noble y que debemos potenciar siempre\u201d.&nbsp;<\/p>\n\n\n\n<p>El vicesuperintendente Francisco White Castillo afirm\u00f3 que es un gran logro \u201cy un tremendo beneficio para la comunidad, porque el sector de villa El Portal, por ejemplo, se est\u00e1 llenando de edificios de gran altura. Con esta nueva unidad podremos enfrentar los incendios en altura en el menor tiempo posible y as\u00ed evitar que existan p\u00e9rdidas humanas\u201d.<\/p>\n\n\n\n<p>Evelyn Cort\u00e9s, hija del capit\u00e1n Erasmo Cort\u00e9s Guzm\u00e1n, agradeci\u00f3 el homenaje p\u00f3stumo que le hicieron a su padre, porque \u201ccomo familia es una emoci\u00f3n muy grande, porque esto permitir\u00e1 perpetuar el nombre de mi padre, quien le dio su vida a la instituci\u00f3n y estamos muy agradecidos de todo el apoyo que hemos recibido y por este bonito que tuvieron con nosotros\u201d.&nbsp;<\/p>\n","protected":false},"excerpt":{"rendered":"<p>El nuevo m\u00f3vil, perteneciente a la Cuarta Compa\u00f1\u00eda del Cuerpo de Bomberos de Ovalle y que lleva el nombre del capit\u00e1n Erasmo Cort\u00e9s Guzm\u00e1n, se adquiri\u00f3 gracias a la postulaci\u00f3n que realiz\u00f3 el municipio local y el financiamiento del Gobierno Regional, que alcanz\u00f3 los 680 millones de pesos. Este carro permitir\u00e1 enfrentar incendios estructurales y &#8230;<\/p>\n","protected":false},"author":2,"featured_media":10450,"comment_status":"open","ping_status":"open","sticky":false,"template":"","format":"standard","meta":{"footnotes":""},"categories":[5],"tags":[],"class_list":["post-10449","post","type-post","status-publish","format-standard","has-post-thumbnail","hentry","category-actualidad-limarina"],"_links":{"self":[{"href":"https:\/\/www.radiolimari.cl\/index.php?rest_route=\/wp\/v2\/posts\/10449","targetHints":{"allow":["GET"]}}],"collection":[{"href":"https:\/\/www.radiolimari.cl\/index.php?rest_route=\/wp\/v2\/posts"}],"about":[{"href":"https:\/\/www.radiolimari.cl\/index.php?rest_route=\/wp\/v2\/types\/post"}],"author":[{"embeddable":true,"href":"https:\/\/www.radiolimari.cl\/index.php?rest_route=\/wp\/v2\/users\/2"}],"replies":[{"embeddable":true,"href":"https:\/\/www.radiolimari.cl\/index.php?rest_route=%2Fwp%2Fv2%2Fcomments&post=10449"}],"version-history":[{"count":1,"href":"https:\/\/www.radiolimari.cl\/index.php?rest_route=\/wp\/v2\/posts\/10449\/revisions"}],"predecessor-version":[{"id":10451,"href":"https:\/\/www.radiolimari.cl\/index.php?rest_route=\/wp\/v2\/posts\/10449\/revisions\/10451"}],"wp:featuredmedia":[{"embeddable":true,"href":"https:\/\/www.radiolimari.cl\/index.php?rest_route=\/wp\/v2\/media\/10450"}],"wp:attachment":[{"href":"https:\/\/www.radiolimari.cl\/index.php?rest_route=%2Fwp%2Fv2%2Fmedia&parent=10449"}],"wp:term":[{"taxonomy":"category","embeddable":true,"href":"https:\/\/www.radiolimari.cl\/index.php?rest_route=%2Fwp%2Fv2%2Fcategories&post=10449"},{"taxonomy":"post_tag","embeddable":true,"href":"https:\/\/www.radiolimari.cl\/index.php?rest_route=%2Fwp%2Fv2%2Ftags&post=10449"}],"curies":[{"name":"wp","href":"https:\/\/api.w.org\/{rel}","templated":true}]}}