{"id":10445,"date":"2023-12-23T02:41:44","date_gmt":"2023-12-23T02:41:44","guid":{"rendered":"https:\/\/www.radiolimari.cl\/?p=10445"},"modified":"2023-12-23T02:41:45","modified_gmt":"2023-12-23T02:41:45","slug":"estudiantes-fortalecen-aprendizaje-del-idioma-ingles-en-campamentos-de-verano","status":"publish","type":"post","link":"https:\/\/www.radiolimari.cl\/?p=10445","title":{"rendered":"Estudiantes fortalecen aprendizaje del idioma Ingl\u00e9s en campamentos de verano"},"content":{"rendered":"\n<figure class=\"wp-block-image size-large\"><a href=\"https:\/\/www.radiolimari.cl\/wp-content\/uploads\/2023\/12\/6.-Campamento-La-Serena-asistentes.jpg\"><img fetchpriority=\"high\" decoding=\"async\" width=\"1024\" height=\"768\" src=\"https:\/\/www.radiolimari.cl\/wp-content\/uploads\/2023\/12\/6.-Campamento-La-Serena-asistentes-1024x768.jpg\" alt=\"\" class=\"wp-image-10446\" srcset=\"https:\/\/www.radiolimari.cl\/wp-content\/uploads\/2023\/12\/6.-Campamento-La-Serena-asistentes-1024x768.jpg 1024w, https:\/\/www.radiolimari.cl\/wp-content\/uploads\/2023\/12\/6.-Campamento-La-Serena-asistentes-300x225.jpg 300w, https:\/\/www.radiolimari.cl\/wp-content\/uploads\/2023\/12\/6.-Campamento-La-Serena-asistentes-768x576.jpg 768w, https:\/\/www.radiolimari.cl\/wp-content\/uploads\/2023\/12\/6.-Campamento-La-Serena-asistentes.jpg 1280w\" sizes=\"(max-width: 1024px) 100vw, 1024px\" \/><\/a><\/figure>\n\n\n\n<p><strong>\u201cLos English Summer Camps\u201d o \u201cCampamentos de Ingl\u00e9s de Verano\u201d est\u00e1n orientados a los ejes de fortalecimiento de aprendizajes y convivencia y salud mental del Plan de Reactivaci\u00f3n Educativa del Ministerio de Educaci\u00f3n En la Regi\u00f3n de Coquimbo participaron m\u00e1s de 100 estudiantes de quinto b\u00e1sico a cuarto a\u00f1o medio de establecimientos p\u00fablicos, municipales y particulares subvencionados.<\/strong><\/p>\n\n\n\n<p>Con el lema \u201cThere is power in community\u201d o \u201cHay Poder en la Comunidad\u201d para la educaci\u00f3n en ciudadan\u00eda, derechos humanos, historia y memoria, m\u00e1s de 100 estudiantes de quinto b\u00e1sico a cuarto a\u00f1o medio de La Serena, &nbsp;Coquimbo y Ovalle, durante cuatro d\u00edas se dieron cita en los \u201cEnglish Summer Camps<strong>\u201d <\/strong>o \u201cCampamentos de Ingl\u00e9s de Verano\u201d<strong> <\/strong>en donde practicaron el idioma ingl\u00e9s, para fortalecer su aprendizaje en un contexto real, adem\u00e1s de favorecer su autoestima y bienestar socioemocional, como parte del Plan de Reactivaci\u00f3n Educativa del Ministerio de Educaci\u00f3n.<\/p>\n\n\n\n<p>El Jefe del Departamento de Educaci\u00f3n de la Seremi de Coquimbo, Rodrigo Caro Ma\u00f1ao explic\u00f3 que \u201cen los Campamentos de Ingl\u00e9s de Verano del Programa Ingl\u00e9s Abre Puertas, estudiantes de ense\u00f1anza b\u00e1sica y media fortalecen su pr\u00e1ctica del idioma en un contexto real, a trav\u00e9s de la comunicaci\u00f3n oral, mediante juegos, proyectos grupales y actividades l\u00fadicas, que contribuyen a su autoestima y bienestar socioemocional. Es un programa que est\u00e1 orientado a los ejes de Fortalecimiento de Aprendizajes y Convivencia y Salud Mental del Plan de Reactivaci\u00f3n Educativa del Ministerio de Educaci\u00f3n, el cual es guiado por docentes titulados y estudiantes de pedagog\u00eda en ingl\u00e9s, que durante cuatro d\u00edas se dedican a reforzar el aprendizaje de ni\u00f1as, ni\u00f1os y adolescentes\u201d.<\/p>\n\n\n\n<p>En la regi\u00f3n se desarrollaron 2 campamentos de ingl\u00e9s de verano, entre el martes 19 y viernes 22 de diciembre, con una participaci\u00f3n de 122 estudiantes de establecimientos educacionales del Servicio Local Puerto Cordillera, Municipales, Administraci\u00f3n Delegada y Particulares Subvencionados. El primero en la Escuela Rep\u00fablica de Italia, sector de Tierras Blancas, comuna de Coquimbo, donde participaron 65 estudiantes de 5\u00b0 a 8\u00b0 b\u00e1sico. El &nbsp;segundo campamento en el Colegio Javiera Carrera de La Serena donde participaron 57 estudiantes de 1\u00b0 a 4\u00b0 a\u00f1o medio, guiados ambos campamentos por 3 monitoras (es) docentes de ingl\u00e9s titulados con experiencia previa en campamentos y 5 <a>facilitadores voluntarios (as), estudiantes de pedagog\u00eda en ingl\u00e9s de la Universidad de La Serena.<\/a><\/p>\n\n\n\n<p>Una de las asistentes fue la estudiante Angela Herrera de segundo medio del Liceo Gregorio Cordovez de La Serena que participa por quinta vez, afirmando que \u201csiempre me ha interesado como el idioma ingl\u00e9s abre las puertas de todo el mundo a las personas j\u00f3venes como yo y a personas adultas. Es muy bonito aprender un idioma nuevo porque as\u00ed nos podemos comunicar con personas de otros pa\u00edses y oportunidades en el exterior\u201d. Sobre el lema de este a\u00f1o dice que \u201ces el poder que tenemos como personas en la sociedad, de trasmitir un mensaje. Estuvimos practicando los derechos de los animales\u201d, agreg\u00f3.<\/p>\n\n\n\n<p>Su primera experiencia en un campamento de ingl\u00e9s tuvo el estudiante Vicente Barrientos de segundo medio del colegio Cerro Grande de La Serena quien relat\u00f3 que \u201cha sido muy grato estar ac\u00e1 y ojal\u00e1 que se pueda volver hacer. Del lema de este a\u00f1o agreg\u00f3 que \u201ces bien bueno, nos sirve a futuro en los estudios y campos laborales, ya que sabremos trabajar en equipo de manera m\u00e1s efectiva\u201d. Agreg\u00f3 que quiere a futuro obtener la certificaci\u00f3n de ingl\u00e9s de Cambridge. &nbsp;<\/p>\n\n\n\n<p>La estudiante Tamara Padilla de tercero medio del colegio Valent\u00edn Letelier de La Serena estuvo en el anterior campamento de ingl\u00e9s de invierno se\u00f1alando que \u201cquise volver porque la primera experiencia me dej\u00f3 un sabor a poco. Fue una muy buena decisi\u00f3n ya que pude encontrarme con antiguos compa\u00f1eros, conocer gente nueva y crear un nuevo grupo de amigos. Es una muy buena instancia para sociabilizar y conocer personas. Sobre \u201cel poder de la comunidad\u201d hablamos del maltrato a animales, la contaminaci\u00f3n, el bullying y conflictos en la comunidad juvenil\u201d, agreg\u00f3.<\/p>\n\n\n\n<p>Uno de los facilitadores voluntarios, fue Javier Araya Pinto, estudiante de pedagog\u00eda en ingl\u00e9s la Universidad de La Serena indicando que \u201cestas iniciativas son super divertidas uno aprende mucho. Fuera de la Universidad es aqu\u00ed donde uno m\u00e1s aprende porque trabaja en terreno y viendo como suceden las cosas en las escuelas. Es muy provechoso como estudiante de pedagog\u00eda\u201d. De la metodolog\u00eda dice que \u201cse tiene como principal objetivo es utilizar el idioma de manera comunicativa. Hay muchos juegos, din\u00e1micas de grupo, de utilizar recursos gr\u00e1ficos, hacer videos, porque generalmente en los salones de clases no se tiene tanto tiempo. Es un intensivo en el idioma\u201d, asegur\u00f3.<\/p>\n\n\n\n<p>Los English Summer Camps consisten en jornadas presenciales de inmersi\u00f3n al idioma ingl\u00e9s, dirigidas a estudiantes desde 5\u00b0 b\u00e1sico hasta IV\u00b0 medio pertenecientes a establecimientos p\u00fablicos, municipales y particulares subvencionados. En esta edici\u00f3n de diciembre, su como foco estuvo en importancia de las comunidades de aprendizaje y en desarrollar la educaci\u00f3n en ciudadan\u00eda, derechos humanos, historia y memoria. A partir del a\u00f1o 2023, los Campamentos de Ingl\u00e9s forman parte del Plan Nacional de Tutor\u00edas del Mineduc. La Coordinaci\u00f3n Regional del Programa Ingl\u00e9s Abre Puertas convoca a estudiantes en sus \u00faltimos a\u00f1os de pedagog\u00eda en ingl\u00e9s para que colaboren con la iniciativa como facilitadores voluntarios (as). Para m\u00e1s informaci\u00f3n visita la p\u00e1gina web <a href=\"https:\/\/ingles.mineduc.cl\/\">https:\/\/ingles.mineduc.cl\/<\/a><\/p>\n","protected":false},"excerpt":{"rendered":"<p>\u201cLos English Summer Camps\u201d o \u201cCampamentos de Ingl\u00e9s de Verano\u201d est\u00e1n orientados a los ejes de fortalecimiento de aprendizajes y convivencia y salud mental del Plan de Reactivaci\u00f3n Educativa del Ministerio de Educaci\u00f3n En la Regi\u00f3n de Coquimbo participaron m\u00e1s de 100 estudiantes de quinto b\u00e1sico a cuarto a\u00f1o medio de establecimientos p\u00fablicos, municipales y &#8230;<\/p>\n","protected":false},"author":2,"featured_media":10446,"comment_status":"open","ping_status":"open","sticky":false,"template":"","format":"standard","meta":{"footnotes":""},"categories":[3],"tags":[],"class_list":["post-10445","post","type-post","status-publish","format-standard","has-post-thumbnail","hentry","category-actualidad"],"_links":{"self":[{"href":"https:\/\/www.radiolimari.cl\/index.php?rest_route=\/wp\/v2\/posts\/10445","targetHints":{"allow":["GET"]}}],"collection":[{"href":"https:\/\/www.radiolimari.cl\/index.php?rest_route=\/wp\/v2\/posts"}],"about":[{"href":"https:\/\/www.radiolimari.cl\/index.php?rest_route=\/wp\/v2\/types\/post"}],"author":[{"embeddable":true,"href":"https:\/\/www.radiolimari.cl\/index.php?rest_route=\/wp\/v2\/users\/2"}],"replies":[{"embeddable":true,"href":"https:\/\/www.radiolimari.cl\/index.php?rest_route=%2Fwp%2Fv2%2Fcomments&post=10445"}],"version-history":[{"count":1,"href":"https:\/\/www.radiolimari.cl\/index.php?rest_route=\/wp\/v2\/posts\/10445\/revisions"}],"predecessor-version":[{"id":10447,"href":"https:\/\/www.radiolimari.cl\/index.php?rest_route=\/wp\/v2\/posts\/10445\/revisions\/10447"}],"wp:featuredmedia":[{"embeddable":true,"href":"https:\/\/www.radiolimari.cl\/index.php?rest_route=\/wp\/v2\/media\/10446"}],"wp:attachment":[{"href":"https:\/\/www.radiolimari.cl\/index.php?rest_route=%2Fwp%2Fv2%2Fmedia&parent=10445"}],"wp:term":[{"taxonomy":"category","embeddable":true,"href":"https:\/\/www.radiolimari.cl\/index.php?rest_route=%2Fwp%2Fv2%2Fcategories&post=10445"},{"taxonomy":"post_tag","embeddable":true,"href":"https:\/\/www.radiolimari.cl\/index.php?rest_route=%2Fwp%2Fv2%2Ftags&post=10445"}],"curies":[{"name":"wp","href":"https:\/\/api.w.org\/{rel}","templated":true}]}}