{"id":10441,"date":"2023-12-23T01:14:25","date_gmt":"2023-12-23T01:14:25","guid":{"rendered":"https:\/\/www.radiolimari.cl\/?p=10441"},"modified":"2024-01-15T17:01:30","modified_gmt":"2024-01-15T17:01:30","slug":"gobernadora-krist-naranjo-rinde-su-segunda-cuenta-publica-participativa-2023-y-destaca-avances-para-la-region","status":"publish","type":"post","link":"https:\/\/www.radiolimari.cl\/?p=10441","title":{"rendered":"Gobernadora Krist Naranjo rinde su segunda Cuenta P\u00fablica Participativa 2023 y destaca avances para la regi\u00f3n"},"content":{"rendered":"\n<figure class=\"wp-block-image size-large\"><a href=\"https:\/\/www.radiolimari.cl\/wp-content\/uploads\/2023\/12\/IMG-20231222-WA0014.jpg\"><img fetchpriority=\"high\" decoding=\"async\" width=\"1024\" height=\"768\" src=\"https:\/\/www.radiolimari.cl\/wp-content\/uploads\/2023\/12\/IMG-20231222-WA0014-1024x768.jpg\" alt=\"\" class=\"wp-image-10442\" srcset=\"https:\/\/www.radiolimari.cl\/wp-content\/uploads\/2023\/12\/IMG-20231222-WA0014-1024x768.jpg 1024w, https:\/\/www.radiolimari.cl\/wp-content\/uploads\/2023\/12\/IMG-20231222-WA0014-300x225.jpg 300w, https:\/\/www.radiolimari.cl\/wp-content\/uploads\/2023\/12\/IMG-20231222-WA0014-768x576.jpg 768w, https:\/\/www.radiolimari.cl\/wp-content\/uploads\/2023\/12\/IMG-20231222-WA0014.jpg 1280w\" sizes=\"(max-width: 1024px) 100vw, 1024px\" \/><\/a><\/figure>\n\n\n\n<p><strong>La m\u00e1xima autoridad regional destac\u00f3 especialmente los recursos que ha destinado el Gobierno Regional en materia de seguridad, fomento y focalizaci\u00f3n en proyectos de sustentabilidad, apoyo a las organizaciones sociales y ruralidad. <\/strong><\/p>\n\n\n\n<p>En el sector de La Antena de La Serena y rodeada de decenas de vecinos y dirigentes sociales, la gobernadora regional, Krist Naranjo expuso su Cuenta P\u00fablica Participativa 2023, ocasi\u00f3n donde destac\u00f3 los logros y avances en la regi\u00f3n de Coquimbo durante su gesti\u00f3n.<\/p>\n\n\n\n<p>Cifras, hitos y material audiovisual, fueron presentados por la m\u00e1xima autoridad regional a la comunidad, quienes pudieron observar la implementaci\u00f3n de los ejes de gesti\u00f3n con enfoque en la equidad territorial, sustentabilidad, descentralizaci\u00f3n, seguridad, salud, educaci\u00f3n, infraestructura, fomento y apoyo a la ruralidad y organizaciones sociales.<\/p>\n\n\n\n<p>Seg\u00fan lo expuesto, en t\u00e9rminos financieros el Gobierno Regional ejecut\u00f3 m\u00e1s del 95% del presupuesto total en 2022, alcanzando los $60.656.502 millones. Esta inversi\u00f3n se destin\u00f3 a proyectos de construcci\u00f3n, adquisici\u00f3n de veh\u00edculos, financiamiento de programas junto a instituciones y fondos concursables, entre otros. Se incluyeron y trasparentaron todos los detalles del balance general, estado de situaci\u00f3n presupuestaria, flujos de efectivo y cambios en el patrimonio.<\/p>\n\n\n\n<p>En cuanto a la inversi\u00f3n en proyectos de infraestructura, se destinaron $28.741.470 millones en la regi\u00f3n de Coquimbo durante el a\u00f1o pasado. Estas obras se llevaron a cabo en las 15 comunas de la regi\u00f3n, con el objetivo de promover el progreso, desarrollo econ\u00f3mico y empleabilidad local.<\/p>\n\n\n\n<p>Tras la presentaci\u00f3n, se realizaron mesas de trabajo con los vecinos y dirigentes sociales donde opinaron qu\u00e9 quieren para sus comunidades. La Gobernadora Naranjo estuvo en las distintas mesas escuchando y trabajando junto a la comunidad<\/p>\n\n\n\n<figure class=\"wp-block-image size-large is-resized\"><a href=\"https:\/\/www.radiolimari.cl\/wp-content\/uploads\/2023\/12\/IMG-20231222-WA0013.jpg\"><img decoding=\"async\" width=\"1024\" height=\"768\" src=\"https:\/\/www.radiolimari.cl\/wp-content\/uploads\/2023\/12\/IMG-20231222-WA0013-1024x768.jpg\" alt=\"\" class=\"wp-image-10443\" style=\"width:382px;height:auto\" srcset=\"https:\/\/www.radiolimari.cl\/wp-content\/uploads\/2023\/12\/IMG-20231222-WA0013-1024x768.jpg 1024w, https:\/\/www.radiolimari.cl\/wp-content\/uploads\/2023\/12\/IMG-20231222-WA0013-300x225.jpg 300w, https:\/\/www.radiolimari.cl\/wp-content\/uploads\/2023\/12\/IMG-20231222-WA0013-768x576.jpg 768w, https:\/\/www.radiolimari.cl\/wp-content\/uploads\/2023\/12\/IMG-20231222-WA0013.jpg 1280w\" sizes=\"(max-width: 1024px) 100vw, 1024px\" \/><\/a><\/figure>\n\n\n\n<p>Hemos tenido una cuenta p\u00fablica participativa que ha sido muy asertiva porque los vecinos y vecinas de La Antena agradecen esta retroalimentaci\u00f3n que le hemos estamos dando de nuestra inversi\u00f3n 2022 y tambi\u00e9n hemos aprovechado de poder hacer los \u00e9nfasis que ellos requieren en el territorio debido a sus necesidades. Nos comprometimos tambi\u00e9n hacer una retroalimentaci\u00f3n a sus dudas, a sus ideas de proyectos en las mesas tem\u00e1ticas que tuvimos donde ellos mostraron su compromiso de seguir adelante con sus sue\u00f1os para materializar aqu\u00ed en La Antena\u201d. manifest\u00f3 la gobernadora regional, Krist Naranjo<\/p>\n\n\n\n<p>La alcaldesa de R\u00edo Hurtado y presidenta de la Asociaci\u00f3n de Municipios Rurales, Carmen Olivares, valor\u00f3 al cuenta p\u00fablica de la m\u00e1xima autoridad regional, \u201ces bien importante hacer las cuentas p\u00fablicas participativas donde la comunidad puede ver con exactitud\u00a0 lo que se ha avanzado en la regi\u00f3n y lo que queda por hacer. Como Asociaci\u00f3n de municipios rurales estamos muy conformes con los avances que hemos tenido\u201d<\/p>\n\n\n\n<figure class=\"wp-block-image size-large\"><a href=\"https:\/\/www.radiolimari.cl\/wp-content\/uploads\/2023\/12\/IMG-20231222-WA0022.jpg\"><img decoding=\"async\" width=\"1024\" height=\"768\" src=\"https:\/\/www.radiolimari.cl\/wp-content\/uploads\/2023\/12\/IMG-20231222-WA0022-1024x768.jpg\" alt=\"\" class=\"wp-image-10453\" srcset=\"https:\/\/www.radiolimari.cl\/wp-content\/uploads\/2023\/12\/IMG-20231222-WA0022-1024x768.jpg 1024w, https:\/\/www.radiolimari.cl\/wp-content\/uploads\/2023\/12\/IMG-20231222-WA0022-300x225.jpg 300w, https:\/\/www.radiolimari.cl\/wp-content\/uploads\/2023\/12\/IMG-20231222-WA0022-768x576.jpg 768w, https:\/\/www.radiolimari.cl\/wp-content\/uploads\/2023\/12\/IMG-20231222-WA0022-1536x1152.jpg 1536w, https:\/\/www.radiolimari.cl\/wp-content\/uploads\/2023\/12\/IMG-20231222-WA0022.jpg 1600w\" sizes=\"(max-width: 1024px) 100vw, 1024px\" \/><\/a><\/figure>\n\n\n\n<p>Presidente de la Junta de Vecinos Villa la Florida, Ricardo Rivera, se\u00f1al\u00f3 lo siguiente, \u201cesto es muy importante para el sector, saber que ha habido una planificaci\u00f3n en todo los proyectos, adem\u00e1s saber lo que se est\u00e1 haciendo y decir lo que necesitamos ac\u00e1 en el sector y en la regi\u00f3n de Coquimbo (\u2026) nosotros tenemos problemas de seguridad y los problemas viales, se necesita doble v\u00eda por lo menos hasta Las Rojas, hay muchos veh\u00edculos\u201d, cerr\u00f3.<\/p>\n","protected":false},"excerpt":{"rendered":"<p>La m\u00e1xima autoridad regional destac\u00f3 especialmente los recursos que ha destinado el Gobierno Regional en materia de seguridad, fomento y focalizaci\u00f3n en proyectos de sustentabilidad, apoyo a las organizaciones sociales y ruralidad. En el sector de La Antena de La Serena y rodeada de decenas de vecinos y dirigentes sociales, la gobernadora regional, Krist Naranjo &#8230;<\/p>\n","protected":false},"author":2,"featured_media":10442,"comment_status":"open","ping_status":"open","sticky":false,"template":"","format":"standard","meta":{"footnotes":""},"categories":[6],"tags":[],"class_list":["post-10441","post","type-post","status-publish","format-standard","has-post-thumbnail","hentry","category-regionales"],"_links":{"self":[{"href":"https:\/\/www.radiolimari.cl\/index.php?rest_route=\/wp\/v2\/posts\/10441","targetHints":{"allow":["GET"]}}],"collection":[{"href":"https:\/\/www.radiolimari.cl\/index.php?rest_route=\/wp\/v2\/posts"}],"about":[{"href":"https:\/\/www.radiolimari.cl\/index.php?rest_route=\/wp\/v2\/types\/post"}],"author":[{"embeddable":true,"href":"https:\/\/www.radiolimari.cl\/index.php?rest_route=\/wp\/v2\/users\/2"}],"replies":[{"embeddable":true,"href":"https:\/\/www.radiolimari.cl\/index.php?rest_route=%2Fwp%2Fv2%2Fcomments&post=10441"}],"version-history":[{"count":2,"href":"https:\/\/www.radiolimari.cl\/index.php?rest_route=\/wp\/v2\/posts\/10441\/revisions"}],"predecessor-version":[{"id":10454,"href":"https:\/\/www.radiolimari.cl\/index.php?rest_route=\/wp\/v2\/posts\/10441\/revisions\/10454"}],"wp:featuredmedia":[{"embeddable":true,"href":"https:\/\/www.radiolimari.cl\/index.php?rest_route=\/wp\/v2\/media\/10442"}],"wp:attachment":[{"href":"https:\/\/www.radiolimari.cl\/index.php?rest_route=%2Fwp%2Fv2%2Fmedia&parent=10441"}],"wp:term":[{"taxonomy":"category","embeddable":true,"href":"https:\/\/www.radiolimari.cl\/index.php?rest_route=%2Fwp%2Fv2%2Fcategories&post=10441"},{"taxonomy":"post_tag","embeddable":true,"href":"https:\/\/www.radiolimari.cl\/index.php?rest_route=%2Fwp%2Fv2%2Ftags&post=10441"}],"curies":[{"name":"wp","href":"https:\/\/api.w.org\/{rel}","templated":true}]}}