{"id":10437,"date":"2023-12-22T13:08:48","date_gmt":"2023-12-22T13:08:48","guid":{"rendered":"https:\/\/www.radiolimari.cl\/?p=10437"},"modified":"2023-12-22T13:08:49","modified_gmt":"2023-12-22T13:08:49","slug":"ovalle-contara-con-una-residencia-para-familias-en-situacion-de-calle","status":"publish","type":"post","link":"https:\/\/www.radiolimari.cl\/?p=10437","title":{"rendered":"Ovalle contar\u00e1 con una residencia para familias en situaci\u00f3n de calle"},"content":{"rendered":"\n<figure class=\"wp-block-image size-large\"><a href=\"https:\/\/www.radiolimari.cl\/wp-content\/uploads\/2023\/12\/Firma-de-Convenio-IMO-Desarrollo-Social-scaled.jpg\"><img fetchpriority=\"high\" decoding=\"async\" width=\"1024\" height=\"683\" src=\"https:\/\/www.radiolimari.cl\/wp-content\/uploads\/2023\/12\/Firma-de-Convenio-IMO-Desarrollo-Social-1024x683.jpg\" alt=\"\" class=\"wp-image-10438\" srcset=\"https:\/\/www.radiolimari.cl\/wp-content\/uploads\/2023\/12\/Firma-de-Convenio-IMO-Desarrollo-Social-1024x683.jpg 1024w, https:\/\/www.radiolimari.cl\/wp-content\/uploads\/2023\/12\/Firma-de-Convenio-IMO-Desarrollo-Social-300x200.jpg 300w, https:\/\/www.radiolimari.cl\/wp-content\/uploads\/2023\/12\/Firma-de-Convenio-IMO-Desarrollo-Social-768x512.jpg 768w, https:\/\/www.radiolimari.cl\/wp-content\/uploads\/2023\/12\/Firma-de-Convenio-IMO-Desarrollo-Social-1536x1024.jpg 1536w, https:\/\/www.radiolimari.cl\/wp-content\/uploads\/2023\/12\/Firma-de-Convenio-IMO-Desarrollo-Social-2048x1365.jpg 2048w\" sizes=\"(max-width: 1024px) 100vw, 1024px\" \/><\/a><\/figure>\n\n\n\n<p><strong><em>La iniciativa se concret\u00f3 gracias a un convenio entre el municipio de Ovalle y el ministerio de Desarrollo Social, que permitir\u00e1 que familias que se encuentran en esta condici\u00f3n puedan optar a este beneficio que consiste en alojamiento, alimentaci\u00f3n y apoyo psicosocial.<\/em><\/strong><\/p>\n\n\n\n<p>839 personas se encuentran en situaci\u00f3n de calle en la regi\u00f3n, de acuerdo al Registro Social de Hogares y principalmente se concentran en las comunas de La Serena, Coquimbo y Ovalle, en la que la cifra bordea las 170 personas est\u00e1n en nuestra ciudad.<\/p>\n\n\n\n<p>Es por esto, que como forma de enfrentar esta problem\u00e1tica, el municipio de Ovalle y el ministerio de Desarrollo Social y Familia firmaron un convenio de trabajo colaborativo, que permitir\u00e1 la habilitaci\u00f3n de una residencia para 20 personas que se encuentran en esta condici\u00f3n, iniciativa que atender\u00e1 por un periodo de 24 meses. El prop\u00f3sito principal de la iniciativa, que se enmarca en el programa \u201cNoche Digna\u201d, es que los beneficiarios cuenten con un lugar de alojamiento, donde recibir\u00e1n alimentaci\u00f3n y apoyo psicosocial.<\/p>\n\n\n\n<p>Este convenio apunta al bienestar de las familias que viven en la v\u00eda p\u00fablica, puesto que se considera a ni\u00f1os, ni\u00f1as y adolescentes y mujeres en estado de gestaci\u00f3n. Las personas favorecidas tendr\u00e1n un periodo acotado en las dependencias de la residencia, ubicadas en calles Socos #64, con el fin que otras personas puedan optar a esta prestaci\u00f3n.<\/p>\n\n\n\n<p>El alcalde Jonathan Acu\u00f1a Rojas sostuvo que este trabajo conjunto \u201ces muy importante porque permite descentralizar los recursos y las funciones que tiene el ministerio de Desarrollo Social y Familia, sobretodo en la comuna de Ovalle. Creo que es una buena medida, porque, actualmente, las familias que est\u00e1n en situaci\u00f3n de calle se ven fuertemente vulneradas y este convenio es un avance concreto, respecto de poder hacernos cargo de una de las problem\u00e1ticas que existe en la sociedad, porque hay personas que no tienen a\u00fan acceso a la vivienda, a prestaciones sociales, por lo que la idea es apoyar a estas personas para que puedan insertarse en el mundo laboral\u201d.<\/p>\n\n\n\n<p>El seremi de Desarrollo Social, Eduardo Alcayaga indic\u00f3 que es \u201cuna buena medida y sobretodo en la comuna de Ovalle, porque de esta forma descentralizamos este tipo de residencias, que por lo general s\u00f3lo estaban en La Serena o Coquimbo. De esta forma Ovalle se convierte en una alternativa para las familias en esta condici\u00f3n. Cada beneficiario tiene una fecha de ingreso y otra de salida, se les orienta en el \u00e1mbito laboral y tambi\u00e9n si mantienen ahorro para una vivienda y gestionarlo a trav\u00e9s del municipio, para que no vuelvan a vivir a la calle\u201d.<\/p>\n","protected":false},"excerpt":{"rendered":"<p>La iniciativa se concret\u00f3 gracias a un convenio entre el municipio de Ovalle y el ministerio de Desarrollo Social, que permitir\u00e1 que familias que se encuentran en esta condici\u00f3n puedan optar a este beneficio que consiste en alojamiento, alimentaci\u00f3n y apoyo psicosocial. 839 personas se encuentran en situaci\u00f3n de calle en la regi\u00f3n, de acuerdo &#8230;<\/p>\n","protected":false},"author":2,"featured_media":10438,"comment_status":"open","ping_status":"open","sticky":false,"template":"","format":"standard","meta":{"footnotes":""},"categories":[5],"tags":[],"class_list":["post-10437","post","type-post","status-publish","format-standard","has-post-thumbnail","hentry","category-actualidad-limarina"],"_links":{"self":[{"href":"https:\/\/www.radiolimari.cl\/index.php?rest_route=\/wp\/v2\/posts\/10437","targetHints":{"allow":["GET"]}}],"collection":[{"href":"https:\/\/www.radiolimari.cl\/index.php?rest_route=\/wp\/v2\/posts"}],"about":[{"href":"https:\/\/www.radiolimari.cl\/index.php?rest_route=\/wp\/v2\/types\/post"}],"author":[{"embeddable":true,"href":"https:\/\/www.radiolimari.cl\/index.php?rest_route=\/wp\/v2\/users\/2"}],"replies":[{"embeddable":true,"href":"https:\/\/www.radiolimari.cl\/index.php?rest_route=%2Fwp%2Fv2%2Fcomments&post=10437"}],"version-history":[{"count":1,"href":"https:\/\/www.radiolimari.cl\/index.php?rest_route=\/wp\/v2\/posts\/10437\/revisions"}],"predecessor-version":[{"id":10439,"href":"https:\/\/www.radiolimari.cl\/index.php?rest_route=\/wp\/v2\/posts\/10437\/revisions\/10439"}],"wp:featuredmedia":[{"embeddable":true,"href":"https:\/\/www.radiolimari.cl\/index.php?rest_route=\/wp\/v2\/media\/10438"}],"wp:attachment":[{"href":"https:\/\/www.radiolimari.cl\/index.php?rest_route=%2Fwp%2Fv2%2Fmedia&parent=10437"}],"wp:term":[{"taxonomy":"category","embeddable":true,"href":"https:\/\/www.radiolimari.cl\/index.php?rest_route=%2Fwp%2Fv2%2Fcategories&post=10437"},{"taxonomy":"post_tag","embeddable":true,"href":"https:\/\/www.radiolimari.cl\/index.php?rest_route=%2Fwp%2Fv2%2Ftags&post=10437"}],"curies":[{"name":"wp","href":"https:\/\/api.w.org\/{rel}","templated":true}]}}