{"id":10434,"date":"2023-12-21T18:11:01","date_gmt":"2023-12-21T18:11:01","guid":{"rendered":"https:\/\/www.radiolimari.cl\/?p=10434"},"modified":"2023-12-21T18:11:02","modified_gmt":"2023-12-21T18:11:02","slug":"municipio-destaca-importante-rol-del-centro-diurno-para-adultos-mayores-de-ovalle","status":"publish","type":"post","link":"https:\/\/www.radiolimari.cl\/?p=10434","title":{"rendered":"Municipio Destaca importante rol del Centro Diurno para Adultos Mayores de Ovalle"},"content":{"rendered":"\n<figure class=\"wp-block-image size-large\"><a href=\"https:\/\/www.radiolimari.cl\/wp-content\/uploads\/2023\/12\/CEDAM-scaled.jpg\"><img fetchpriority=\"high\" decoding=\"async\" width=\"1024\" height=\"683\" src=\"https:\/\/www.radiolimari.cl\/wp-content\/uploads\/2023\/12\/CEDAM-1024x683.jpg\" alt=\"\" class=\"wp-image-10435\" srcset=\"https:\/\/www.radiolimari.cl\/wp-content\/uploads\/2023\/12\/CEDAM-1024x683.jpg 1024w, https:\/\/www.radiolimari.cl\/wp-content\/uploads\/2023\/12\/CEDAM-300x200.jpg 300w, https:\/\/www.radiolimari.cl\/wp-content\/uploads\/2023\/12\/CEDAM-768x512.jpg 768w, https:\/\/www.radiolimari.cl\/wp-content\/uploads\/2023\/12\/CEDAM-1536x1024.jpg 1536w, https:\/\/www.radiolimari.cl\/wp-content\/uploads\/2023\/12\/CEDAM-2048x1365.jpg 2048w\" sizes=\"(max-width: 1024px) 100vw, 1024px\" \/><\/a><\/figure>\n\n\n\n<p><strong><em>El alcalde Jonathan Acu\u00f1a Rojas e integrantes del Concejo Municipal entregaron distinciones a quienes son parte del CEDAM, en el marco de una velada navide\u00f1a, en la que los beneficiarios demostraron sus talentos art\u00edsticos con la interpretaci\u00f3n de villancicos y bailes alusivos a esta especial fecha.<\/em><\/strong><\/p>\n\n\n\n<p>Una especial jornada vivieron los integrantes del Centro Diurno para Adultos Mayores (CEDAM), tras la realizaci\u00f3n de una velada navide\u00f1a, instancia que sirvi\u00f3 para destacar la importante labor, que cumple esta iniciativa y tambi\u00e9n para que sus 30 beneficiarios mostraran sus talentos art\u00edsticos.<\/p>\n\n\n\n<p>La celebraci\u00f3n se realiz\u00f3 en el sal\u00f3n auditorium municipal y cont\u00f3 con la participaci\u00f3n del alcalde Jonathan Acu\u00f1a Rojas, el director regional de Servicio Nacional del Adulto Mayor (SENAMA), Patricio Saldivar y los concejales Patricio Reyes Araya y Cristian Rojas Molina, quienes fueron los encargados de entregar distinciones por esfuerzo y superaci\u00f3n, liderazgo positivo, mejor asistencia y esp\u00edritu CEDAM. &nbsp;<\/p>\n\n\n\n<p>Recordemos, que el CEDAM funciona gracias a un convenio entre el municipio de Ovalle y el Servicio Nacional del Adulto Mayor (SENAMA). Las dependencias, ubicadas en Socos #44, est\u00e1n abiertas a la comunidad de lunes a jueves de 8.30 a 14.00 horas y de 15.00 a 17.00 horas y los viernes de 8.30 a 14.00 horas y de 15.00 a 16.00 horas, con el objetivo de ir en apoyo de las personas mayores para mantenerlos en su entorno familiar y promover y fortalecer la autonom\u00eda e independencia y contribuir en su p\u00e9rdida de funcionalidad, a trav\u00e9s de atenciones de podolog\u00eda, psicolog\u00eda y kinesiolog\u00eda, adem\u00e1s de diversos servicios sociales. En el CEDAM participan personas mayores de 60 a\u00f1os, con dependencia leve o moderada y que pertenezca a los primeros cuatro tramos del Registro Social de Hogares.<\/p>\n\n\n\n<p>El alcalde Jonathan Acu\u00f1a Rojas sostuvo que el bienestar de los adultos mayores \u201ces una de las principales prioridades que tiene nuestra administraci\u00f3n. Por eso hemos ido potenciando el trabajo que realizamos con la Uni\u00f3n Comunal de Adultos Mayores, a trav\u00e9s de nuestra Oficina Municipal del Adulto Mayor, lo que se ha complementado con el funcionamiento del CEDAM, que ha tenido gran aceptaci\u00f3n y que ha permitido entregar una alternativa de recreaci\u00f3n, diversi\u00f3n, pero tambi\u00e9n de ayuda social para sus 30 participantes\u201d.<\/p>\n\n\n\n<p>El director regional de SENAMA, Patricio Saldivar indic\u00f3 que el CEDAM Ovalle \u201ces uno de los once dispositivos que tenemos en la regi\u00f3n de Coquimbo. Para nosotros es un orgullo contar con este espacio y un tremendo impacto para los adultos mayores porque vemos los cambios positivos que van experimentando, gracias al apoyo de los profesionales que favorecen el envejecimiento digno, activo y saludable\u201d.<\/p>\n\n\n\n<p>Los interesados en ser parte del centro comunitario deben presentar su carnet de identidad vigente, certificado de nacimiento, carnet control de salud y su Registro Social de Hogares en las dependencias del centro.<\/p>\n","protected":false},"excerpt":{"rendered":"<p>El alcalde Jonathan Acu\u00f1a Rojas e integrantes del Concejo Municipal entregaron distinciones a quienes son parte del CEDAM, en el marco de una velada navide\u00f1a, en la que los beneficiarios demostraron sus talentos art\u00edsticos con la interpretaci\u00f3n de villancicos y bailes alusivos a esta especial fecha. Una especial jornada vivieron los integrantes del Centro Diurno &#8230;<\/p>\n","protected":false},"author":2,"featured_media":10435,"comment_status":"open","ping_status":"open","sticky":false,"template":"","format":"standard","meta":{"footnotes":""},"categories":[5],"tags":[],"class_list":["post-10434","post","type-post","status-publish","format-standard","has-post-thumbnail","hentry","category-actualidad-limarina"],"_links":{"self":[{"href":"https:\/\/www.radiolimari.cl\/index.php?rest_route=\/wp\/v2\/posts\/10434","targetHints":{"allow":["GET"]}}],"collection":[{"href":"https:\/\/www.radiolimari.cl\/index.php?rest_route=\/wp\/v2\/posts"}],"about":[{"href":"https:\/\/www.radiolimari.cl\/index.php?rest_route=\/wp\/v2\/types\/post"}],"author":[{"embeddable":true,"href":"https:\/\/www.radiolimari.cl\/index.php?rest_route=\/wp\/v2\/users\/2"}],"replies":[{"embeddable":true,"href":"https:\/\/www.radiolimari.cl\/index.php?rest_route=%2Fwp%2Fv2%2Fcomments&post=10434"}],"version-history":[{"count":1,"href":"https:\/\/www.radiolimari.cl\/index.php?rest_route=\/wp\/v2\/posts\/10434\/revisions"}],"predecessor-version":[{"id":10436,"href":"https:\/\/www.radiolimari.cl\/index.php?rest_route=\/wp\/v2\/posts\/10434\/revisions\/10436"}],"wp:featuredmedia":[{"embeddable":true,"href":"https:\/\/www.radiolimari.cl\/index.php?rest_route=\/wp\/v2\/media\/10435"}],"wp:attachment":[{"href":"https:\/\/www.radiolimari.cl\/index.php?rest_route=%2Fwp%2Fv2%2Fmedia&parent=10434"}],"wp:term":[{"taxonomy":"category","embeddable":true,"href":"https:\/\/www.radiolimari.cl\/index.php?rest_route=%2Fwp%2Fv2%2Fcategories&post=10434"},{"taxonomy":"post_tag","embeddable":true,"href":"https:\/\/www.radiolimari.cl\/index.php?rest_route=%2Fwp%2Fv2%2Ftags&post=10434"}],"curies":[{"name":"wp","href":"https:\/\/api.w.org\/{rel}","templated":true}]}}