{"id":10430,"date":"2023-12-21T17:12:49","date_gmt":"2023-12-21T17:12:49","guid":{"rendered":"https:\/\/www.radiolimari.cl\/?p=10430"},"modified":"2023-12-21T17:12:50","modified_gmt":"2023-12-21T17:12:50","slug":"con-miras-a-la-reinsercion-jovenes-del-centro-de-justicia-juvenil-de-la-serena-culminan-su-ensenanza-media","status":"publish","type":"post","link":"https:\/\/www.radiolimari.cl\/?p=10430","title":{"rendered":"Con miras a la reinserci\u00f3n: j\u00f3venes del centro de justicia juvenil de La Serena culminan su ense\u00f1anza media"},"content":{"rendered":"\n<figure class=\"wp-block-image size-full is-resized\"><a href=\"https:\/\/www.radiolimari.cl\/wp-content\/uploads\/2023\/12\/CEIA_3.jpg\"><img fetchpriority=\"high\" decoding=\"async\" width=\"1024\" height=\"625\" src=\"https:\/\/www.radiolimari.cl\/wp-content\/uploads\/2023\/12\/CEIA_3.jpg\" alt=\"\" class=\"wp-image-10431\" style=\"width:368px;height:auto\" srcset=\"https:\/\/www.radiolimari.cl\/wp-content\/uploads\/2023\/12\/CEIA_3.jpg 1024w, https:\/\/www.radiolimari.cl\/wp-content\/uploads\/2023\/12\/CEIA_3-300x183.jpg 300w, https:\/\/www.radiolimari.cl\/wp-content\/uploads\/2023\/12\/CEIA_3-768x469.jpg 768w\" sizes=\"(max-width: 1024px) 100vw, 1024px\" \/><\/a><\/figure>\n\n\n\n<p><em>Al interior del recinto dependiente del Sename, once adolescentes cerraron de manera exitosa el a\u00f1o escolar 2023, destacando por su dedicaci\u00f3n y determinaci\u00f3n hacia una vida con m\u00e1s oportunidades.<\/em><\/p>\n\n\n\n<p>En dos emotivas ceremonias, once j\u00f3venes recibieron sus licencias de ense\u00f1anza media al interior del Centro de Internaci\u00f3n Provisoria y Centro de R\u00e9gimen Cerrado (CIP-CRC) del Sename, ubicado en Las Compa\u00f1\u00edas. La cifra corresponde tanto a quienes est\u00e1n cumpliendo medidas cautelares, como sanciones privativas de libertad.<\/p>\n\n\n\n<p>La Corporaci\u00f3n Educacional (CEIA) Inapewma, que funciona al interior del recinto y aporta la educaci\u00f3n formal a las y los j\u00f3venes, cerr\u00f3 exitosamente su a\u00f1o escolar 2023, en presencia de profesores y familiares.<\/p>\n\n\n\n<p>La directora (s) del establecimiento, Luc\u00eda Fern\u00e1ndez, y su equipo docente, junto a los profesionales del Programa de Apoyo Socioeducativo (ASE) \u201cEducando para la Paz\u201d de Serpaj, entregaron las licencias de ense\u00f1anza media a los graduados, quienes estuvieron acompa\u00f1ados del Seremi de Justicia y Derechos Humanos, Rub\u00e9n Garc\u00eda y la directora (s) del Sename Coquimbo, Patricia Alfaro.<\/p>\n\n\n\n<p>\u201cEsta licenciatura es un punto de partida para continuar con el desarrollo de un proyecto de vida que le va a permitir a los j\u00f3venes un mejor crecimiento e inserci\u00f3n en el mundo. Cuando desarrollan este tipo de actividades, est\u00e1n abriendo sus propias puertas hacia una nueva vida y a una nueva forma de integrarse en la sociedad\u201d, destac\u00f3 la autoridad del Servicio Nacional de Menores.&nbsp;<\/p>\n\n\n\n<p>En tanto, el Seremi Rub\u00e9n Garc\u00eda, recalc\u00f3 la motivaci\u00f3n de los j\u00f3venes y el trabajo en beneficio de la reinserci\u00f3n, se\u00f1alando que \u201clos j\u00f3venes deben tener oportunidades reales. Por eso, valoramos la labor de los equipos de Sename, que han permitido que los j\u00f3venes logren terminar su etapa escolar. Los estudios se\u00f1alan que intervenir a los adolescentes en esta etapa de la vida les permite tener mayor \u00e9xito, en cuanto a que estos dejen la conducta delictual. De esta manera, cumpliendo con la licenciatura de cuarto medio, ya cumplen con un requisito b\u00e1sico para tener posibilidades laborales en el medio libre\u201d.<\/p>\n\n\n\n<p>Una de las j\u00f3venes que culmin\u00f3 su educaci\u00f3n formal, manifest\u00f3 durante la ceremonia que \u201cgracias al apoyo de nuestras familias, de los profesores y funcionarios del Sename, nos dimos cuenta que podemos finalizar una etapa tan importante como la ense\u00f1anza media, logrando aprender cosas que antes parec\u00edan imposibles, pero que hoy nos ayudan a seguir mejorando como personas, crecer y salir adelante. Seguiremos haciendo las cosas bien, para que este gran esfuerzo no sea en vano y nuestras familias se sientan orgullosos de nosotros\u201d, expres\u00f3 la adolescente de 17 a\u00f1os.<\/p>\n\n\n\n<p>Cabe se\u00f1alar que el CEIA Inapewma, funciona al interior del recinto de justicia juvenil gracias a la subvenci\u00f3n del Ministerio de Educaci\u00f3n y a los recursos aportados por el Servicio Nacional de Menores.<\/p>\n\n\n\n<p>Como en cualquier establecimiento educativo, los j\u00f3venes deben cumplir con la malla curricular obligatoria, a cargo de un completo equipo docente. As\u00ed, tanto quienes se encuentran cumpliendo penas privativas de libertad, como quienes est\u00e1n en internaci\u00f3n provisoria, se reencuentran con libros, pruebas y clases, despu\u00e9s de a\u00f1os de deserci\u00f3n escolar y pensando en su reinserci\u00f3n.<\/p>\n","protected":false},"excerpt":{"rendered":"<p>Al interior del recinto dependiente del Sename, once adolescentes cerraron de manera exitosa el a\u00f1o escolar 2023, destacando por su dedicaci\u00f3n y determinaci\u00f3n hacia una vida con m\u00e1s oportunidades. En dos emotivas ceremonias, once j\u00f3venes recibieron sus licencias de ense\u00f1anza media al interior del Centro de Internaci\u00f3n Provisoria y Centro de R\u00e9gimen Cerrado (CIP-CRC) del &#8230;<\/p>\n","protected":false},"author":2,"featured_media":10431,"comment_status":"open","ping_status":"open","sticky":false,"template":"","format":"standard","meta":{"footnotes":""},"categories":[3],"tags":[],"class_list":["post-10430","post","type-post","status-publish","format-standard","has-post-thumbnail","hentry","category-actualidad"],"_links":{"self":[{"href":"https:\/\/www.radiolimari.cl\/index.php?rest_route=\/wp\/v2\/posts\/10430","targetHints":{"allow":["GET"]}}],"collection":[{"href":"https:\/\/www.radiolimari.cl\/index.php?rest_route=\/wp\/v2\/posts"}],"about":[{"href":"https:\/\/www.radiolimari.cl\/index.php?rest_route=\/wp\/v2\/types\/post"}],"author":[{"embeddable":true,"href":"https:\/\/www.radiolimari.cl\/index.php?rest_route=\/wp\/v2\/users\/2"}],"replies":[{"embeddable":true,"href":"https:\/\/www.radiolimari.cl\/index.php?rest_route=%2Fwp%2Fv2%2Fcomments&post=10430"}],"version-history":[{"count":1,"href":"https:\/\/www.radiolimari.cl\/index.php?rest_route=\/wp\/v2\/posts\/10430\/revisions"}],"predecessor-version":[{"id":10432,"href":"https:\/\/www.radiolimari.cl\/index.php?rest_route=\/wp\/v2\/posts\/10430\/revisions\/10432"}],"wp:featuredmedia":[{"embeddable":true,"href":"https:\/\/www.radiolimari.cl\/index.php?rest_route=\/wp\/v2\/media\/10431"}],"wp:attachment":[{"href":"https:\/\/www.radiolimari.cl\/index.php?rest_route=%2Fwp%2Fv2%2Fmedia&parent=10430"}],"wp:term":[{"taxonomy":"category","embeddable":true,"href":"https:\/\/www.radiolimari.cl\/index.php?rest_route=%2Fwp%2Fv2%2Fcategories&post=10430"},{"taxonomy":"post_tag","embeddable":true,"href":"https:\/\/www.radiolimari.cl\/index.php?rest_route=%2Fwp%2Fv2%2Ftags&post=10430"}],"curies":[{"name":"wp","href":"https:\/\/api.w.org\/{rel}","templated":true}]}}