{"id":10427,"date":"2023-12-21T14:33:58","date_gmt":"2023-12-21T14:33:58","guid":{"rendered":"https:\/\/www.radiolimari.cl\/?p=10427"},"modified":"2023-12-21T14:33:59","modified_gmt":"2023-12-21T14:33:59","slug":"muestra-patrimonial-realizada-por-ninos-y-ninas-de-jardines-infantiles-de-junji-esta-abierta-al-publico-en-el-museo-del-limari","status":"publish","type":"post","link":"https:\/\/www.radiolimari.cl\/?p=10427","title":{"rendered":"Muestra patrimonial realizada por ni\u00f1os y ni\u00f1as de jardines infantiles de Junji esta abierta al p\u00fablico en el Museo del Limar\u00ed."},"content":{"rendered":"\n<figure class=\"wp-block-image size-full\"><a href=\"https:\/\/www.radiolimari.cl\/wp-content\/uploads\/2023\/12\/1.jfif_.jpg\"><img fetchpriority=\"high\" decoding=\"async\" width=\"1024\" height=\"768\" src=\"https:\/\/www.radiolimari.cl\/wp-content\/uploads\/2023\/12\/1.jfif_.jpg\" alt=\"\" class=\"wp-image-10428\" srcset=\"https:\/\/www.radiolimari.cl\/wp-content\/uploads\/2023\/12\/1.jfif_.jpg 1024w, https:\/\/www.radiolimari.cl\/wp-content\/uploads\/2023\/12\/1.jfif_-300x225.jpg 300w, https:\/\/www.radiolimari.cl\/wp-content\/uploads\/2023\/12\/1.jfif_-768x576.jpg 768w\" sizes=\"(max-width: 1024px) 100vw, 1024px\" \/><\/a><\/figure>\n\n\n\n<p><strong>La iniciativa se lleva a cabo en el contexto de un convenio de colaboraci\u00f3n que firma La instituci\u00f3n con la direcci\u00f3n regional del Servicio Nacional del Patrimonio Cultural (Serpat), ex Dibam.<\/strong><\/p>\n\n\n\n<p>En el museo de Limar\u00ed se inaugur\u00f3 una nueva versi\u00f3n de la muestra pedag\u00f3gica \u201cMi Patrimonio\u201d, donde los ni\u00f1os, ni\u00f1as de los jardines \u201cPin Pin Seraf\u00edn\u201d, \u201cLomas de Tuqu\u00ed\u201d, \u201cRayito de Sol\u201d, \u201cLas Siete Estrellitas\u201d, \u201cSemillitas de Emoci\u00f3n\u201d, \u201cAbejitas de Ray\u00e9n\u201d, \u201cLos Grillitos\u201d, \u201cPapelucho\u201d, \u201cEl Tren de los Ni\u00f1os\u201d y \u201cAlma de Colibr\u00ed; exponen a la comunidad sus trabajos realizados junto a sus familias, en torno a la revitalizaci\u00f3n de las ra\u00edces y tradiciones culturales de la comuna de Ovalle.<\/p>\n\n\n\n<p>Esta iniciativa, se hace posible gracias a un convenio de colaboraci\u00f3n que se firma desde el 2004, entre la Junta Nacional de Jardines Infantiles (Junji) y el Servicio Nacional del Patrimonio Cultural (Serpat), ex Dibam, el cual ha permitido por casi 20 a\u00f1os, realizar experiencias educativas en conjunto, para promover en ni\u00f1os y ni\u00f1as la importancia del patrimonio cultural del territorio.<\/p>\n\n\n\n<p>Carolina Michea Cort\u00e9s, directora regional (s) de Junji, destac\u00f3 que \u201cgracias a una gesti\u00f3n colaborativa de casi dos d\u00e9cadas con el museo del Limar\u00ed, hemos podido acercar el patrimonio y la cultura a ni\u00f1os y ni\u00f1as de nuestros jardines infantiles, y esto tiene un gran valor, ya que es importante desde las experiencias de aprendizaje, transmitirle el valor de nuestra historia, ra\u00edces y tradiciones, especialmente la del territorio, en el cual habitan, por lo que agradezco y celebro poder dar continuidad a este proyecto tan importante para nuestra instituci\u00f3n\u201d.<\/p>\n\n\n\n<p>Por su parte, Enrique Gutierrez Fonfach, director regional del Servicio Nacional del Patrimonio Cultural, se\u00f1al\u00f3 \u201cpara nosotros es muy importante este tipo de convenio, especialmente con Junji, porque entendemos la relevancia que tiene la primera infancia en el pa\u00eds y en las futuras generaciones. Creemos que desde la ni\u00f1ez podemos establecer lazos con el patrimonio, la identidad y la pertenencia, para tener una sociedad m\u00e1s comprometida en el futuro, con una base cultural y patrimonial, que es lo que buscamos\u201d.<\/p>\n\n\n\n<p>Por su parte, la delegada presidencial de Limar\u00ed, Marily Escobar Oviedo, relev\u00f3 que \u00abeste convenio viene a unir la primera infancia con el patrimonio, lo que para nosotros es fundamental, debido a que en nuestros ni\u00f1os y ni\u00f1as est\u00e1 el futuro. Una de las preocupaciones del presidente Gabriel Boric es la primera infancia y brindarles protecci\u00f3n. Estos espacios son de seguridad y quiero valorar el trabajo de las educadoras y de los agentes educativos y esta instancia me ha dejado contenta y el trabajo que se articula con las familias\u201d.<\/p>\n\n\n\n<p>La muestra educativa estar\u00e1 disponible a la comunidad hasta el 17 de enero de 2024, desde las 10:00 hasta las 18:00 horas, en el Museo de Limar\u00ed, ubicado en Covarrubias S\/N Centro Cultural Guillermo Durruty, comuna de Ovalle.<\/p>\n\n\n\n<p><\/p>\n","protected":false},"excerpt":{"rendered":"<p>La iniciativa se lleva a cabo en el contexto de un convenio de colaboraci\u00f3n que firma La instituci\u00f3n con la direcci\u00f3n regional del Servicio Nacional del Patrimonio Cultural (Serpat), ex Dibam. En el museo de Limar\u00ed se inaugur\u00f3 una nueva versi\u00f3n de la muestra pedag\u00f3gica \u201cMi Patrimonio\u201d, donde los ni\u00f1os, ni\u00f1as de los jardines \u201cPin &#8230;<\/p>\n","protected":false},"author":2,"featured_media":10428,"comment_status":"open","ping_status":"open","sticky":false,"template":"","format":"standard","meta":{"footnotes":""},"categories":[5],"tags":[],"class_list":["post-10427","post","type-post","status-publish","format-standard","has-post-thumbnail","hentry","category-actualidad-limarina"],"_links":{"self":[{"href":"https:\/\/www.radiolimari.cl\/index.php?rest_route=\/wp\/v2\/posts\/10427","targetHints":{"allow":["GET"]}}],"collection":[{"href":"https:\/\/www.radiolimari.cl\/index.php?rest_route=\/wp\/v2\/posts"}],"about":[{"href":"https:\/\/www.radiolimari.cl\/index.php?rest_route=\/wp\/v2\/types\/post"}],"author":[{"embeddable":true,"href":"https:\/\/www.radiolimari.cl\/index.php?rest_route=\/wp\/v2\/users\/2"}],"replies":[{"embeddable":true,"href":"https:\/\/www.radiolimari.cl\/index.php?rest_route=%2Fwp%2Fv2%2Fcomments&post=10427"}],"version-history":[{"count":1,"href":"https:\/\/www.radiolimari.cl\/index.php?rest_route=\/wp\/v2\/posts\/10427\/revisions"}],"predecessor-version":[{"id":10429,"href":"https:\/\/www.radiolimari.cl\/index.php?rest_route=\/wp\/v2\/posts\/10427\/revisions\/10429"}],"wp:featuredmedia":[{"embeddable":true,"href":"https:\/\/www.radiolimari.cl\/index.php?rest_route=\/wp\/v2\/media\/10428"}],"wp:attachment":[{"href":"https:\/\/www.radiolimari.cl\/index.php?rest_route=%2Fwp%2Fv2%2Fmedia&parent=10427"}],"wp:term":[{"taxonomy":"category","embeddable":true,"href":"https:\/\/www.radiolimari.cl\/index.php?rest_route=%2Fwp%2Fv2%2Fcategories&post=10427"},{"taxonomy":"post_tag","embeddable":true,"href":"https:\/\/www.radiolimari.cl\/index.php?rest_route=%2Fwp%2Fv2%2Ftags&post=10427"}],"curies":[{"name":"wp","href":"https:\/\/api.w.org\/{rel}","templated":true}]}}