{"id":10423,"date":"2023-12-21T12:41:17","date_gmt":"2023-12-21T12:41:17","guid":{"rendered":"https:\/\/www.radiolimari.cl\/?p=10423"},"modified":"2023-12-21T12:41:18","modified_gmt":"2023-12-21T12:41:18","slug":"nuevo-contingente-de-funcionarios-para-gendarmeria-permitira-reforzar-la-seguridad-penitenciaria-de-la-region-de-coquimbo","status":"publish","type":"post","link":"https:\/\/www.radiolimari.cl\/?p=10423","title":{"rendered":"Nuevo contingente de funcionarios para Gendarmer\u00eda permitir\u00e1 reforzar la seguridad penitenciaria de la regi\u00f3n de Coquimbo"},"content":{"rendered":"\n<figure class=\"wp-block-image size-large\"><a href=\"https:\/\/www.radiolimari.cl\/wp-content\/uploads\/2023\/12\/Nuevo-Contingente-2.jpeg\"><img fetchpriority=\"high\" decoding=\"async\" width=\"1024\" height=\"768\" src=\"https:\/\/www.radiolimari.cl\/wp-content\/uploads\/2023\/12\/Nuevo-Contingente-2-1024x768.jpeg\" alt=\"\" class=\"wp-image-10424\" srcset=\"https:\/\/www.radiolimari.cl\/wp-content\/uploads\/2023\/12\/Nuevo-Contingente-2-1024x768.jpeg 1024w, https:\/\/www.radiolimari.cl\/wp-content\/uploads\/2023\/12\/Nuevo-Contingente-2-300x225.jpeg 300w, https:\/\/www.radiolimari.cl\/wp-content\/uploads\/2023\/12\/Nuevo-Contingente-2-768x576.jpeg 768w, https:\/\/www.radiolimari.cl\/wp-content\/uploads\/2023\/12\/Nuevo-Contingente-2-1536x1152.jpeg 1536w, https:\/\/www.radiolimari.cl\/wp-content\/uploads\/2023\/12\/Nuevo-Contingente-2.jpeg 1600w\" sizes=\"(max-width: 1024px) 100vw, 1024px\" \/><\/a><\/figure>\n\n\n\n<p><strong><em>Los nuevos funcionarios\/as tendr\u00e1n una labor preponderante al apoyar sustancialmente el trabajo de custodia de las personas privadas de libertad y la seguridad penitenciaria de la regi\u00f3n.<\/em><\/strong><\/p>\n\n\n\n<p>El nuevo contingente de funcionarios uniformados que cumplir\u00e1 labores en los establecimientos penitenciarios de la regi\u00f3n de Coquimbo fue recibido por el director regional de Gendarmer\u00eda, coronel Luis Mu\u00f1oz Fuentealba y el Seremi de Justicia y Derechos Humanos, Rub\u00e9n Garc\u00eda Tapia.<\/p>\n\n\n\n<p>\u201cHoy Gendarmer\u00eda de Chile cumple un rol muy relevante dentro de la seguridad p\u00fablica, por eso es muy importante para nosotros darle la bienvenida a los nuevos y nuevas funcionarias de Gendarmer\u00eda que se incluyen a la regi\u00f3n de Coquimbo. Se trata de un trabajo dif\u00edcil, ardua, es por eso que les deseamos toda la energ\u00eda para la importante labor que tienen hasta fin de a\u00f1o como contingencia y en su primera destinaci\u00f3n como funcionarios de Gendarmer\u00eda\u201d, se\u00f1al\u00f3 el Seremi de Justicia y Derechos Humanos<\/p>\n\n\n\n<p>En esa misma l\u00ednea, el coronel Luis mu\u00f1oz, explic\u00f3, \u201cLa importancia de&nbsp; la llegada de 5 funcionarias y 9 funcionarios&nbsp; es que incrementar\u00e1 las&nbsp; dotaciones de las unidades, ayudando &nbsp;a la din\u00e1mica diaria que tenemos en las distintas unidades penales, para que se pueda potenciar la labor de seguridad y administrar de mejor uso de nuestro recurso humano, colaborando en el quehacer institucional, desarrollando labores que est\u00e1n orientadas a aumentar la seguridad de los establecimientos de la zona\u201d.<\/p>\n\n\n\n<p>Los y las <a>nuevas gendarmes<\/a> aprovecharon la ocasi\u00f3n de efectuar consultas directas y aclarar dudas con la m\u00e1xima autoridad institucional en la Regi\u00f3n, a la vez que demostraron motivaci\u00f3n por las actividades que inician de lleno a partir de ahora.<\/p>\n","protected":false},"excerpt":{"rendered":"<p>Los nuevos funcionarios\/as tendr\u00e1n una labor preponderante al apoyar sustancialmente el trabajo de custodia de las personas privadas de libertad y la seguridad penitenciaria de la regi\u00f3n. El nuevo contingente de funcionarios uniformados que cumplir\u00e1 labores en los establecimientos penitenciarios de la regi\u00f3n de Coquimbo fue recibido por el director regional de Gendarmer\u00eda, coronel Luis &#8230;<\/p>\n","protected":false},"author":2,"featured_media":10424,"comment_status":"open","ping_status":"open","sticky":false,"template":"","format":"standard","meta":{"footnotes":""},"categories":[6],"tags":[],"class_list":["post-10423","post","type-post","status-publish","format-standard","has-post-thumbnail","hentry","category-regionales"],"_links":{"self":[{"href":"https:\/\/www.radiolimari.cl\/index.php?rest_route=\/wp\/v2\/posts\/10423","targetHints":{"allow":["GET"]}}],"collection":[{"href":"https:\/\/www.radiolimari.cl\/index.php?rest_route=\/wp\/v2\/posts"}],"about":[{"href":"https:\/\/www.radiolimari.cl\/index.php?rest_route=\/wp\/v2\/types\/post"}],"author":[{"embeddable":true,"href":"https:\/\/www.radiolimari.cl\/index.php?rest_route=\/wp\/v2\/users\/2"}],"replies":[{"embeddable":true,"href":"https:\/\/www.radiolimari.cl\/index.php?rest_route=%2Fwp%2Fv2%2Fcomments&post=10423"}],"version-history":[{"count":1,"href":"https:\/\/www.radiolimari.cl\/index.php?rest_route=\/wp\/v2\/posts\/10423\/revisions"}],"predecessor-version":[{"id":10425,"href":"https:\/\/www.radiolimari.cl\/index.php?rest_route=\/wp\/v2\/posts\/10423\/revisions\/10425"}],"wp:featuredmedia":[{"embeddable":true,"href":"https:\/\/www.radiolimari.cl\/index.php?rest_route=\/wp\/v2\/media\/10424"}],"wp:attachment":[{"href":"https:\/\/www.radiolimari.cl\/index.php?rest_route=%2Fwp%2Fv2%2Fmedia&parent=10423"}],"wp:term":[{"taxonomy":"category","embeddable":true,"href":"https:\/\/www.radiolimari.cl\/index.php?rest_route=%2Fwp%2Fv2%2Fcategories&post=10423"},{"taxonomy":"post_tag","embeddable":true,"href":"https:\/\/www.radiolimari.cl\/index.php?rest_route=%2Fwp%2Fv2%2Ftags&post=10423"}],"curies":[{"name":"wp","href":"https:\/\/api.w.org\/{rel}","templated":true}]}}