{"id":10418,"date":"2023-12-21T12:34:19","date_gmt":"2023-12-21T12:34:19","guid":{"rendered":"https:\/\/www.radiolimari.cl\/?p=10418"},"modified":"2023-12-21T12:34:19","modified_gmt":"2023-12-21T12:34:19","slug":"microtrafico-cero-de-la-pdi-establece-venta-de-drogas-en-domicilios-de-ovalle-tras-denuncia-ciudadana","status":"publish","type":"post","link":"https:\/\/www.radiolimari.cl\/?p=10418","title":{"rendered":"MICROTR\u00c1FICO CERO DE LA PDI ESTABLECE VENTA DE DROGAS EN DOMICILIOS DE OVALLE TRAS DENUNCIA CIUDADANA"},"content":{"rendered":"\n<figure class=\"wp-block-image size-full\"><a href=\"https:\/\/www.radiolimari.cl\/wp-content\/uploads\/2023\/12\/mt0-ovalle.png\"><img fetchpriority=\"high\" decoding=\"async\" width=\"825\" height=\"556\" src=\"https:\/\/www.radiolimari.cl\/wp-content\/uploads\/2023\/12\/mt0-ovalle.png\" alt=\"\" class=\"wp-image-10419\" srcset=\"https:\/\/www.radiolimari.cl\/wp-content\/uploads\/2023\/12\/mt0-ovalle.png 825w, https:\/\/www.radiolimari.cl\/wp-content\/uploads\/2023\/12\/mt0-ovalle-300x202.png 300w, https:\/\/www.radiolimari.cl\/wp-content\/uploads\/2023\/12\/mt0-ovalle-768x518.png 768w\" sizes=\"(max-width: 825px) 100vw, 825px\" \/><\/a><\/figure>\n\n\n\n<p>Fueron meses de investigaci\u00f3n y de an\u00e1lisis criminal hasta intervenir dos inmuebles y detener a su residente por la venta de coca\u00edna base en peque\u00f1as cantidades.<\/p>\n\n\n\n<p>La comunidad alert\u00f3 de los problemas y el riesgo que amenazaba la vida cotidiana de sus familias en el sector Media Hacienda de Ovalle, por la venta de drogas en dos domicilios de la comuna. Esta denuncia confidencial y an\u00f3nima, permiti\u00f3 a los detectives iniciar una investigaci\u00f3n coordinada con el Ministerio P\u00fablico.<\/p>\n\n\n\n<p><strong>\u201cEl equipo especialista Microtr\u00e1fico Cero de nuestra unidad territorial, trabaj\u00f3 durante varios meses, desarroll\u00f3 el an\u00e1lisis criminal y usando diversas t\u00e9cnicas de investigaci\u00f3n, estableci\u00f3 el comercio de las sustancias il\u00edcitas. Con la autorizaci\u00f3n judicial para la entrada y registro, planificamos la Operaci\u00f3n Media Hacienda, incautando coca\u00edna base, dinero en efectivo y otras especies de inter\u00e9s criminal\u00edstico\u201d,<\/strong> inform\u00f3 el subprefecto Daniel Leal, jefe de la Brigada de Investigaci\u00f3n Criminal Ovalle.<\/p>\n\n\n\n<p>Diversas unidades de la Prefectura Provincial Elqui participaron tambi\u00e9n en esta intervenci\u00f3n a dos domicilios y en el procedimiento, los detectives detuvieron a un individuo chileno, mayor de edad, por el delito flagrante de microtr\u00e1fico de drogas.<\/p>\n\n\n\n<p><strong>\u201cEstamos dando respuesta a un trabajo coordinado y colaborativo entre la comunidad, junto a las autoridades locales y provinciales con el Ministerio P\u00fablico, en las cinco comunas de la provincia de Limar\u00ed. Esperamos que los vecinos sigan aportando antecedentes de manera an\u00f3nima y confidencial para contribuir a la Seguridad P\u00fablica desde nuestro rol, con investigaciones efectivas y oportunas contra quienes est\u00e1n cometiendo delitos, para que respondan ante la Justicia\u201d,<\/strong> expres\u00f3 el jefe de la Brigada de Investigaci\u00f3n Criminal Ovalle.<\/p>\n\n\n\n<p>El imputado fue puesto a disposici\u00f3n del Ministerio P\u00fablico para su control de detenci\u00f3n que fue declarada legal en el Juzgado de Garant\u00eda de Ovalle. El individuo fue formalizado por infracci\u00f3n a la Ley 20.000 y el tribunal autoriz\u00f3 120 d\u00edas para el desarrollo de la investigaci\u00f3n.<\/p>\n","protected":false},"excerpt":{"rendered":"<p>Fueron meses de investigaci\u00f3n y de an\u00e1lisis criminal hasta intervenir dos inmuebles y detener a su residente por la venta de coca\u00edna base en peque\u00f1as cantidades. La comunidad alert\u00f3 de los problemas y el riesgo que amenazaba la vida cotidiana de sus familias en el sector Media Hacienda de Ovalle, por la venta de drogas &#8230;<\/p>\n","protected":false},"author":2,"featured_media":10419,"comment_status":"open","ping_status":"open","sticky":false,"template":"","format":"standard","meta":{"footnotes":""},"categories":[5],"tags":[],"class_list":["post-10418","post","type-post","status-publish","format-standard","has-post-thumbnail","hentry","category-actualidad-limarina"],"_links":{"self":[{"href":"https:\/\/www.radiolimari.cl\/index.php?rest_route=\/wp\/v2\/posts\/10418","targetHints":{"allow":["GET"]}}],"collection":[{"href":"https:\/\/www.radiolimari.cl\/index.php?rest_route=\/wp\/v2\/posts"}],"about":[{"href":"https:\/\/www.radiolimari.cl\/index.php?rest_route=\/wp\/v2\/types\/post"}],"author":[{"embeddable":true,"href":"https:\/\/www.radiolimari.cl\/index.php?rest_route=\/wp\/v2\/users\/2"}],"replies":[{"embeddable":true,"href":"https:\/\/www.radiolimari.cl\/index.php?rest_route=%2Fwp%2Fv2%2Fcomments&post=10418"}],"version-history":[{"count":1,"href":"https:\/\/www.radiolimari.cl\/index.php?rest_route=\/wp\/v2\/posts\/10418\/revisions"}],"predecessor-version":[{"id":10420,"href":"https:\/\/www.radiolimari.cl\/index.php?rest_route=\/wp\/v2\/posts\/10418\/revisions\/10420"}],"wp:featuredmedia":[{"embeddable":true,"href":"https:\/\/www.radiolimari.cl\/index.php?rest_route=\/wp\/v2\/media\/10419"}],"wp:attachment":[{"href":"https:\/\/www.radiolimari.cl\/index.php?rest_route=%2Fwp%2Fv2%2Fmedia&parent=10418"}],"wp:term":[{"taxonomy":"category","embeddable":true,"href":"https:\/\/www.radiolimari.cl\/index.php?rest_route=%2Fwp%2Fv2%2Fcategories&post=10418"},{"taxonomy":"post_tag","embeddable":true,"href":"https:\/\/www.radiolimari.cl\/index.php?rest_route=%2Fwp%2Fv2%2Ftags&post=10418"}],"curies":[{"name":"wp","href":"https:\/\/api.w.org\/{rel}","templated":true}]}}