{"id":10411,"date":"2023-12-20T17:23:20","date_gmt":"2023-12-20T17:23:20","guid":{"rendered":"https:\/\/www.radiolimari.cl\/?p=10411"},"modified":"2023-12-20T17:23:21","modified_gmt":"2023-12-20T17:23:21","slug":"el-proximo-2-de-enero-se-abren-las-inscripciones-para-los-cursos-de-natacion-gratuitos-en-ovalle","status":"publish","type":"post","link":"https:\/\/www.radiolimari.cl\/?p=10411","title":{"rendered":"El pr\u00f3ximo 2 de enero se abren las inscripciones para los cursos de nataci\u00f3n gratuitos en Ovalle"},"content":{"rendered":"\n<figure class=\"wp-block-image size-large\"><a href=\"https:\/\/www.radiolimari.cl\/wp-content\/uploads\/2023\/12\/Cursos-de-natacion-2024-1-scaled.jpg\"><img fetchpriority=\"high\" decoding=\"async\" width=\"1024\" height=\"768\" src=\"https:\/\/www.radiolimari.cl\/wp-content\/uploads\/2023\/12\/Cursos-de-natacion-2024-1-1024x768.jpg\" alt=\"\" class=\"wp-image-10412\" srcset=\"https:\/\/www.radiolimari.cl\/wp-content\/uploads\/2023\/12\/Cursos-de-natacion-2024-1-1024x768.jpg 1024w, https:\/\/www.radiolimari.cl\/wp-content\/uploads\/2023\/12\/Cursos-de-natacion-2024-1-300x225.jpg 300w, https:\/\/www.radiolimari.cl\/wp-content\/uploads\/2023\/12\/Cursos-de-natacion-2024-1-768x576.jpg 768w, https:\/\/www.radiolimari.cl\/wp-content\/uploads\/2023\/12\/Cursos-de-natacion-2024-1-1536x1152.jpg 1536w, https:\/\/www.radiolimari.cl\/wp-content\/uploads\/2023\/12\/Cursos-de-natacion-2024-1-2048x1536.jpg 2048w\" sizes=\"(max-width: 1024px) 100vw, 1024px\" \/><\/a><\/figure>\n\n\n\n<p><strong><em>En esta iniciativa deportiva y recreativa podr\u00e1n participar personas desde los 6 a\u00f1os, ya que habr\u00e1 grupos de ni\u00f1os, ni\u00f1as, j\u00f3venes, adultos y adultos mayores. La inscripci\u00f3n para el periodo 2024 se realizar\u00e1 los d\u00edas 2 y 3 de enero, de 8.30 a 13.30 horas y de 15.00 a 17.00 horas en el Cendyr Municipal.<\/em><\/strong><\/p>\n\n\n\n<p>Se acerca el verano y una de las alternativas deportivas y de recreaci\u00f3n son los cursos de nataci\u00f3n gratuitos que pone a disposici\u00f3n el municipio de Ovalle, en la Piscina Municipal, ubicada en el Estadio Diaguita.<\/p>\n\n\n\n<p>El proceso de inscripci\u00f3n se realizar\u00e1 los d\u00edas martes 2 y mi\u00e9rcoles 3 de enero, entre las 8.30 y las 13.30 horas y en la tarde de 15.00 a 17.00 horas, en dependencias del Cendyr Municipal. Se atender\u00e1 por n\u00famero y por orden de llegada.<\/p>\n\n\n\n<p>Para la temporada 2024 podr\u00e1n participar personas desde los 6 a\u00f1os, puesto que se conformar\u00e1n grupos de ni\u00f1os, ni\u00f1as, j\u00f3venes, adultos y adultos mayores, en talleres que se iniciar\u00e1n el pr\u00f3ximo 8 de enero. Los interesados en participar deben presentar certificado m\u00e9dico, que acredite salud compatible con la actividad f\u00edsica y certificado de nacimiento o carnet de identidad.<\/p>\n\n\n\n<p>El alcalde Jonathan Acu\u00f1a Rojas sostuvo que la idea es que \u201clos interesados asistan durante las jornadas de inscripci\u00f3n, porque es muy importante que las personas, sobretodo los ni\u00f1os y ni\u00f1as, sepan nadar y de esta forma puedan desenvolverse bien en cualquier medio acu\u00e1tico, porque se disminuye el riesgo de tener alg\u00fan accidente en el mar o en piscinas en el verano. A la vez, se ha convertido en una alternativa de recreaci\u00f3n y diversi\u00f3n para quienes no cuentan con recursos, para salir de vacaciones a otras zonas de la regi\u00f3n y el pa\u00eds\u201d.<\/p>\n\n\n\n<p>Los cursos se llevar\u00e1n a cabo de martes a s\u00e1bado y se dividir\u00e1n en grupos etarios, de 15 a 17 a\u00f1os (8.30 a 10.00 horas), 12 a 14 a\u00f1os (10.15 a 11.15 horas), 9 a 11 a\u00f1os (11.30 a 12.30 horas), 6 a 8 a\u00f1os (12.45 a 13.45 horas). En tanto, en la tarde de 6 a 8 a\u00f1os (14.15 a 15.15 horas), de 9 a 11 a\u00f1os (15.30 a 16.30 horas), de 12 a 14 a\u00f1os (16.45 a 17.45 horas).<\/p>\n\n\n\n<p>En tanto, \u201clos s\u00e1bados se destinar\u00e1n para uso exclusivo de grupos de adultos y adultos mayores. A su vez, los d\u00edas lunes se har\u00e1n procesos de mantenci\u00f3n en la Piscina Municipal y posteriormente ser\u00e1 utilizada por organizaciones sociales locales, la Academia de Nataci\u00f3n Municipal y el Centro de Rehabilitaci\u00f3n Comunal\u201d indic\u00f3 el administrador de los recintos deportivos municipales, Cristi\u00e1n Rodr\u00edguez.<\/p>\n\n\n\n<p>Los d\u00edas domingo se abrir\u00e1 para el p\u00fablico general de 10.00 a 14.00 horas y de 15.00 a 17.30 horas.<\/p>\n\n\n\n<p>Este a\u00f1o los cursos de nataci\u00f3n estar\u00e1n a cargo de 6 monitores y 2 t\u00e9cnicos en Enfermer\u00eda. Quienes integren los talleres tendr\u00e1n que asistir con un gorro de nataci\u00f3n, traje de ba\u00f1o, chalas, una toalla y una botella de agua para su hidrataci\u00f3n.<\/p>\n","protected":false},"excerpt":{"rendered":"<p>En esta iniciativa deportiva y recreativa podr\u00e1n participar personas desde los 6 a\u00f1os, ya que habr\u00e1 grupos de ni\u00f1os, ni\u00f1as, j\u00f3venes, adultos y adultos mayores. La inscripci\u00f3n para el periodo 2024 se realizar\u00e1 los d\u00edas 2 y 3 de enero, de 8.30 a 13.30 horas y de 15.00 a 17.00 horas en el Cendyr Municipal. &#8230;<\/p>\n","protected":false},"author":2,"featured_media":10412,"comment_status":"open","ping_status":"open","sticky":false,"template":"","format":"standard","meta":{"footnotes":""},"categories":[5],"tags":[],"class_list":["post-10411","post","type-post","status-publish","format-standard","has-post-thumbnail","hentry","category-actualidad-limarina"],"_links":{"self":[{"href":"https:\/\/www.radiolimari.cl\/index.php?rest_route=\/wp\/v2\/posts\/10411","targetHints":{"allow":["GET"]}}],"collection":[{"href":"https:\/\/www.radiolimari.cl\/index.php?rest_route=\/wp\/v2\/posts"}],"about":[{"href":"https:\/\/www.radiolimari.cl\/index.php?rest_route=\/wp\/v2\/types\/post"}],"author":[{"embeddable":true,"href":"https:\/\/www.radiolimari.cl\/index.php?rest_route=\/wp\/v2\/users\/2"}],"replies":[{"embeddable":true,"href":"https:\/\/www.radiolimari.cl\/index.php?rest_route=%2Fwp%2Fv2%2Fcomments&post=10411"}],"version-history":[{"count":1,"href":"https:\/\/www.radiolimari.cl\/index.php?rest_route=\/wp\/v2\/posts\/10411\/revisions"}],"predecessor-version":[{"id":10413,"href":"https:\/\/www.radiolimari.cl\/index.php?rest_route=\/wp\/v2\/posts\/10411\/revisions\/10413"}],"wp:featuredmedia":[{"embeddable":true,"href":"https:\/\/www.radiolimari.cl\/index.php?rest_route=\/wp\/v2\/media\/10412"}],"wp:attachment":[{"href":"https:\/\/www.radiolimari.cl\/index.php?rest_route=%2Fwp%2Fv2%2Fmedia&parent=10411"}],"wp:term":[{"taxonomy":"category","embeddable":true,"href":"https:\/\/www.radiolimari.cl\/index.php?rest_route=%2Fwp%2Fv2%2Fcategories&post=10411"},{"taxonomy":"post_tag","embeddable":true,"href":"https:\/\/www.radiolimari.cl\/index.php?rest_route=%2Fwp%2Fv2%2Ftags&post=10411"}],"curies":[{"name":"wp","href":"https:\/\/api.w.org\/{rel}","templated":true}]}}