{"id":10408,"date":"2023-12-19T17:17:40","date_gmt":"2023-12-19T17:17:40","guid":{"rendered":"https:\/\/www.radiolimari.cl\/?p=10408"},"modified":"2023-12-19T17:17:41","modified_gmt":"2023-12-19T17:17:41","slug":"abren-postulaciones-al-consejo-del-fondo-de-fortalecimiento-2024-2026","status":"publish","type":"post","link":"https:\/\/www.radiolimari.cl\/?p=10408","title":{"rendered":"Abren postulaciones al consejo del Fondo de Fortalecimiento 2024-2026"},"content":{"rendered":"\n<figure class=\"wp-block-image size-full\"><a href=\"https:\/\/www.radiolimari.cl\/wp-content\/uploads\/2023\/12\/consejo-ffoip.jpeg\"><img fetchpriority=\"high\" decoding=\"async\" width=\"1024\" height=\"768\" src=\"https:\/\/www.radiolimari.cl\/wp-content\/uploads\/2023\/12\/consejo-ffoip.jpeg\" alt=\"\" class=\"wp-image-10409\" srcset=\"https:\/\/www.radiolimari.cl\/wp-content\/uploads\/2023\/12\/consejo-ffoip.jpeg 1024w, https:\/\/www.radiolimari.cl\/wp-content\/uploads\/2023\/12\/consejo-ffoip-300x225.jpeg 300w, https:\/\/www.radiolimari.cl\/wp-content\/uploads\/2023\/12\/consejo-ffoip-768x576.jpeg 768w\" sizes=\"(max-width: 1024px) 100vw, 1024px\" \/><\/a><\/figure>\n\n\n\n<p><strong><em>Las candidaturas se podr\u00e1n inscribir a trav\u00e9s de la web www.votacionesffoip.msgg.gob.cl hasta el pr\u00f3ximo 3 de enero.<\/em><\/strong><\/p>\n\n\n\n<p>Desde esta semana se podr\u00e1n postular los y las candidatas al Consejo Regional, y al Consejo Nacional, del Fondo de Fortalecimiento de las Organizaciones de Inter\u00e9s P\u00fablico (FFOIP), del Ministerio Secretar\u00eda General de Gobierno. As\u00ed lo se\u00f1al\u00f3 la Vocera Regional, Paulina Mora, quien destac\u00f3 que los titulares de este \u00f3rgano participan en la etapa de priorizaci\u00f3n de los proyectos adjudicados por este concurso.<\/p>\n\n\n\n<p>La Seremi de Gobierno explic\u00f3 que, el Consejo Nacional del FFOIP est\u00e1 conformado por seis integrantes titulares de distintas regiones. Ellos deben ser un representante de organizaciones regidas por Ley 19.418; un representante de una corporaci\u00f3n o fundaci\u00f3n; un representante de comunidades ind\u00edgenas y asociaciones ind\u00edgenas; un representante de organizaci\u00f3n, corporaci\u00f3n o fundaci\u00f3n de voluntariado; un representante opcional de instituciones conformadas por la Ley 19.418 o 19.253; y otro opcional que represente una corporaci\u00f3n, fundaci\u00f3n u organizaci\u00f3n de voluntariado.<\/p>\n\n\n\n<p>La autoridad agreg\u00f3 que, en el caso del Consejo Regional, la formaci\u00f3n ser\u00e1 similar a la nacional, con la diferencia que solo habr\u00e1 un representante opcional de instituciones asociadas a juntas de vecinos y uniones comunales (Ley 19.418) o de comunidades y asociaciones ind\u00edgenas (Ley 19.253). De este modo, la instancia regional sumar\u00e1 5 miembros permanentes, a los que se sumar\u00e1n 3 suplentes.<\/p>\n\n\n\n<p>\u201cComo Gobierno del Presidente Gabriel Boric nos hemos propuesto avanzar en una participaci\u00f3n activa de las dirigencias en las decisiones que adoptamos. Por eso, invitamos a los representantes de organizaciones sociales y comunitarias, que est\u00e9n inscritas en el Catastro de Organizaciones de Inter\u00e9s P\u00fablico, a postular al Consejo Nacional y Regional del Fondo de Fortalecimiento. Este es un espacio muy importante, porque ser\u00e1 un representante de los y las dirigentes regionales que tendr\u00e1 que priorizar los proyectos que sean postulados al FFOIP, ejerciendo as\u00ed la representaci\u00f3n de la sociedad civil en la instancia\u201d, detall\u00f3 la Seremi Paulina Mora.<\/p>\n\n\n\n<p>Tal como explic\u00f3 la autoridad de Gobierno, podr\u00e1n votar y presentar candidatos, las organizaciones de inter\u00e9s p\u00fablico que tienen esta calidad por el solo ministerio de la ley y las corporaciones y fundaciones, siempre que estas \u00faltimas acrediten su personalidad jur\u00eddica y presenten una declaraci\u00f3n que indique su calidad de organizaci\u00f3n de inter\u00e9s p\u00fablico.<\/p>\n\n\n\n<p>Respecto del calendario para estas elecciones, la vocera regional se\u00f1al\u00f3 que las candidaturas se recibir\u00e1n a trav\u00e9s de la web <a href=\"http:\/\/www.votacionesffoip.msgg.gob.cl\">www.votacionesffoip.msgg.gob.cl<\/a>, hasta el 3 de enero. Entre el 25 y el 31 de enero se publicar\u00e1n las candidaturas aceptadas (en la misma web) y se convocar\u00e1n las elecciones, las que se deber\u00e1n llevar a cabo entre&nbsp; el 1 y el 15 de febrero.<\/p>\n\n\n\n<p>Finalmente, la Seremi Paulina Mora indic\u00f3 que el 22 de febrero se proclamar\u00e1 los nombres de los y las dirigentas que integrar\u00e1n el consejo nacional y los consejos regionales del FFOIP y que representar\u00e1n a sus pares en la instancia.<\/p>\n","protected":false},"excerpt":{"rendered":"<p>Las candidaturas se podr\u00e1n inscribir a trav\u00e9s de la web www.votacionesffoip.msgg.gob.cl hasta el pr\u00f3ximo 3 de enero. Desde esta semana se podr\u00e1n postular los y las candidatas al Consejo Regional, y al Consejo Nacional, del Fondo de Fortalecimiento de las Organizaciones de Inter\u00e9s P\u00fablico (FFOIP), del Ministerio Secretar\u00eda General de Gobierno. As\u00ed lo se\u00f1al\u00f3 la &#8230;<\/p>\n","protected":false},"author":2,"featured_media":10409,"comment_status":"open","ping_status":"open","sticky":false,"template":"","format":"standard","meta":{"footnotes":""},"categories":[3],"tags":[],"class_list":["post-10408","post","type-post","status-publish","format-standard","has-post-thumbnail","hentry","category-actualidad"],"_links":{"self":[{"href":"https:\/\/www.radiolimari.cl\/index.php?rest_route=\/wp\/v2\/posts\/10408","targetHints":{"allow":["GET"]}}],"collection":[{"href":"https:\/\/www.radiolimari.cl\/index.php?rest_route=\/wp\/v2\/posts"}],"about":[{"href":"https:\/\/www.radiolimari.cl\/index.php?rest_route=\/wp\/v2\/types\/post"}],"author":[{"embeddable":true,"href":"https:\/\/www.radiolimari.cl\/index.php?rest_route=\/wp\/v2\/users\/2"}],"replies":[{"embeddable":true,"href":"https:\/\/www.radiolimari.cl\/index.php?rest_route=%2Fwp%2Fv2%2Fcomments&post=10408"}],"version-history":[{"count":1,"href":"https:\/\/www.radiolimari.cl\/index.php?rest_route=\/wp\/v2\/posts\/10408\/revisions"}],"predecessor-version":[{"id":10410,"href":"https:\/\/www.radiolimari.cl\/index.php?rest_route=\/wp\/v2\/posts\/10408\/revisions\/10410"}],"wp:featuredmedia":[{"embeddable":true,"href":"https:\/\/www.radiolimari.cl\/index.php?rest_route=\/wp\/v2\/media\/10409"}],"wp:attachment":[{"href":"https:\/\/www.radiolimari.cl\/index.php?rest_route=%2Fwp%2Fv2%2Fmedia&parent=10408"}],"wp:term":[{"taxonomy":"category","embeddable":true,"href":"https:\/\/www.radiolimari.cl\/index.php?rest_route=%2Fwp%2Fv2%2Fcategories&post=10408"},{"taxonomy":"post_tag","embeddable":true,"href":"https:\/\/www.radiolimari.cl\/index.php?rest_route=%2Fwp%2Fv2%2Ftags&post=10408"}],"curies":[{"name":"wp","href":"https:\/\/api.w.org\/{rel}","templated":true}]}}