{"id":10403,"date":"2023-12-19T14:19:17","date_gmt":"2023-12-19T14:19:17","guid":{"rendered":"https:\/\/www.radiolimari.cl\/?p=10403"},"modified":"2023-12-19T14:21:21","modified_gmt":"2023-12-19T14:21:21","slug":"el-delgado-presidencial-regional-galo-luna-penna-anuncio-hoy-que-se-extiende-la-vigencia-del-decreto-de-zona-de-catastrofe-por-sequia-en-la-region-de-coquimbo","status":"publish","type":"post","link":"https:\/\/www.radiolimari.cl\/?p=10403","title":{"rendered":"El Delegado Presidencial Regional Galo Luna Penna, anunci\u00f3 hoy que se extiende la vigencia del decreto de Zona de Cat\u00e1strofe por sequ\u00eda en la regi\u00f3n de Coquimbo."},"content":{"rendered":"\n<figure class=\"wp-block-image size-large\"><a href=\"https:\/\/www.radiolimari.cl\/wp-content\/uploads\/2023\/12\/EXTENSION-DECRETO-IMG_1912-1-scaled.jpg\"><img fetchpriority=\"high\" decoding=\"async\" width=\"1024\" height=\"683\" src=\"https:\/\/www.radiolimari.cl\/wp-content\/uploads\/2023\/12\/EXTENSION-DECRETO-IMG_1912-1-1024x683.jpg\" alt=\"\" class=\"wp-image-10404\" srcset=\"https:\/\/www.radiolimari.cl\/wp-content\/uploads\/2023\/12\/EXTENSION-DECRETO-IMG_1912-1-1024x683.jpg 1024w, https:\/\/www.radiolimari.cl\/wp-content\/uploads\/2023\/12\/EXTENSION-DECRETO-IMG_1912-1-300x200.jpg 300w, https:\/\/www.radiolimari.cl\/wp-content\/uploads\/2023\/12\/EXTENSION-DECRETO-IMG_1912-1-768x512.jpg 768w, https:\/\/www.radiolimari.cl\/wp-content\/uploads\/2023\/12\/EXTENSION-DECRETO-IMG_1912-1-1536x1024.jpg 1536w, https:\/\/www.radiolimari.cl\/wp-content\/uploads\/2023\/12\/EXTENSION-DECRETO-IMG_1912-1-2048x1365.jpg 2048w\" sizes=\"(max-width: 1024px) 100vw, 1024px\" \/><\/a><\/figure>\n\n\n\n<p><strong><em>El documento se aplica a las 15 comunas del territorio y permitir\u00e1 dar mayor rapidez a los procesos administrativos para llegar con ayuda a las localidades m\u00e1s afectadas.<\/em><\/strong><\/p>\n\n\n\n<p>Este martes el Delegado Presidencial Regional, Galo Luna, anunci\u00f3 que la Contralor\u00eda tom\u00f3 raz\u00f3n de la solicitud de extensi\u00f3n de vigencia del Decreto de Zona de Cat\u00e1strofe, emitido por el Ministerio del Interior y Seguridad P\u00fablica, para la Regi\u00f3n de Coquimbo por la situaci\u00f3n hidrometeorol\u00f3gica que afecta al territorio.<\/p>\n\n\n\n<p>La autoridad regional sostuvo que <strong>\u201cya fue totalmente tramitado por parte de la contralor\u00eda el decreto que designa como Zona de Cat\u00e1strofe a la regi\u00f3n y a todas sus comunas\u201d<\/strong>.<\/p>\n\n\n\n<p>En base al decreto emanado por el ente contralor, el Delegado Presidencial dio cuenta de la situaci\u00f3n de sequ\u00eda, remitiendo todos los antecedentes necesarios para justificar la declaraci\u00f3n. Dicha determinaci\u00f3n tendr\u00e1 una duraci\u00f3n de 365 d\u00edas.<\/p>\n\n\n\n<p>Con ello, se podr\u00e1 dar mayor rapidez a los procesos administrativos para llegar con ayuda a las localidades m\u00e1s afectadas. <strong>\u201cA partir de este instrumento vamos a trabajar una serie de acciones y lineamientos para abordar la emergencia h\u00eddrica que estamos viviendo que es muy compleja y vamos a seguir abordando con la misma energ\u00eda para salir adelante\u201d<\/strong>, acot\u00f3 el Delegado Luna.<\/p>\n","protected":false},"excerpt":{"rendered":"<p>El documento se aplica a las 15 comunas del territorio y permitir\u00e1 dar mayor rapidez a los procesos administrativos para llegar con ayuda a las localidades m\u00e1s afectadas. Este martes el Delegado Presidencial Regional, Galo Luna, anunci\u00f3 que la Contralor\u00eda tom\u00f3 raz\u00f3n de la solicitud de extensi\u00f3n de vigencia del Decreto de Zona de Cat\u00e1strofe, &#8230;<\/p>\n","protected":false},"author":2,"featured_media":10404,"comment_status":"open","ping_status":"open","sticky":false,"template":"","format":"standard","meta":{"footnotes":""},"categories":[6],"tags":[],"class_list":["post-10403","post","type-post","status-publish","format-standard","has-post-thumbnail","hentry","category-regionales"],"_links":{"self":[{"href":"https:\/\/www.radiolimari.cl\/index.php?rest_route=\/wp\/v2\/posts\/10403","targetHints":{"allow":["GET"]}}],"collection":[{"href":"https:\/\/www.radiolimari.cl\/index.php?rest_route=\/wp\/v2\/posts"}],"about":[{"href":"https:\/\/www.radiolimari.cl\/index.php?rest_route=\/wp\/v2\/types\/post"}],"author":[{"embeddable":true,"href":"https:\/\/www.radiolimari.cl\/index.php?rest_route=\/wp\/v2\/users\/2"}],"replies":[{"embeddable":true,"href":"https:\/\/www.radiolimari.cl\/index.php?rest_route=%2Fwp%2Fv2%2Fcomments&post=10403"}],"version-history":[{"count":2,"href":"https:\/\/www.radiolimari.cl\/index.php?rest_route=\/wp\/v2\/posts\/10403\/revisions"}],"predecessor-version":[{"id":10406,"href":"https:\/\/www.radiolimari.cl\/index.php?rest_route=\/wp\/v2\/posts\/10403\/revisions\/10406"}],"wp:featuredmedia":[{"embeddable":true,"href":"https:\/\/www.radiolimari.cl\/index.php?rest_route=\/wp\/v2\/media\/10404"}],"wp:attachment":[{"href":"https:\/\/www.radiolimari.cl\/index.php?rest_route=%2Fwp%2Fv2%2Fmedia&parent=10403"}],"wp:term":[{"taxonomy":"category","embeddable":true,"href":"https:\/\/www.radiolimari.cl\/index.php?rest_route=%2Fwp%2Fv2%2Fcategories&post=10403"},{"taxonomy":"post_tag","embeddable":true,"href":"https:\/\/www.radiolimari.cl\/index.php?rest_route=%2Fwp%2Fv2%2Ftags&post=10403"}],"curies":[{"name":"wp","href":"https:\/\/api.w.org\/{rel}","templated":true}]}}