{"id":10396,"date":"2023-12-19T13:25:02","date_gmt":"2023-12-19T13:25:02","guid":{"rendered":"https:\/\/www.radiolimari.cl\/?p=10396"},"modified":"2023-12-19T13:25:03","modified_gmt":"2023-12-19T13:25:03","slug":"campesinos-y-campesinas-de-punitaqui-adquirieron-conocimientos-sobre-el-manejo-ecologico-del-suelo","status":"publish","type":"post","link":"https:\/\/www.radiolimari.cl\/?p=10396","title":{"rendered":"Campesinos y campesinas de Punitaqui adquirieron conocimientos sobre el manejo ecol\u00f3gico del suelo"},"content":{"rendered":"\n<figure class=\"wp-block-image size-large\"><a href=\"https:\/\/www.radiolimari.cl\/wp-content\/uploads\/2023\/12\/Gracias-al-Programa-para-la-Transicion-a-la-Agricultura-Sostenible-de-INDAP-15-punitaquinos-aprendieron-sobre-el-cuidado-ecologico-del-suelo-03.jpg\"><img fetchpriority=\"high\" decoding=\"async\" width=\"1024\" height=\"768\" src=\"https:\/\/www.radiolimari.cl\/wp-content\/uploads\/2023\/12\/Gracias-al-Programa-para-la-Transicion-a-la-Agricultura-Sostenible-de-INDAP-15-punitaquinos-aprendieron-sobre-el-cuidado-ecologico-del-suelo-03-1024x768.jpg\" alt=\"\" class=\"wp-image-10397\" srcset=\"https:\/\/www.radiolimari.cl\/wp-content\/uploads\/2023\/12\/Gracias-al-Programa-para-la-Transicion-a-la-Agricultura-Sostenible-de-INDAP-15-punitaquinos-aprendieron-sobre-el-cuidado-ecologico-del-suelo-03-1024x768.jpg 1024w, https:\/\/www.radiolimari.cl\/wp-content\/uploads\/2023\/12\/Gracias-al-Programa-para-la-Transicion-a-la-Agricultura-Sostenible-de-INDAP-15-punitaquinos-aprendieron-sobre-el-cuidado-ecologico-del-suelo-03-300x225.jpg 300w, https:\/\/www.radiolimari.cl\/wp-content\/uploads\/2023\/12\/Gracias-al-Programa-para-la-Transicion-a-la-Agricultura-Sostenible-de-INDAP-15-punitaquinos-aprendieron-sobre-el-cuidado-ecologico-del-suelo-03-768x576.jpg 768w, https:\/\/www.radiolimari.cl\/wp-content\/uploads\/2023\/12\/Gracias-al-Programa-para-la-Transicion-a-la-Agricultura-Sostenible-de-INDAP-15-punitaquinos-aprendieron-sobre-el-cuidado-ecologico-del-suelo-03.jpg 1080w\" sizes=\"(max-width: 1024px) 100vw, 1024px\" \/><\/a><\/figure>\n\n\n\n<p>La Agricultura Familiar Campesina e Ind\u00edgena es clave para la seguridad y soberan\u00eda alimentaria y nutricional de Chile y el mundo.<\/p>\n\n\n\n<p>Ante ello y para que el sector rural produzca m\u00e1s y mejor con un menor impacto ambiental el Instituto de Desarrollo Agropecuario (INDAP) ha definido como eje de trabajo el de una agricultura sostenible y resiliente. Bajo este contexto es que puso en marcha este 2023 su nuevo Programa para la Transici\u00f3n a la Agricultura Sostenible (TAS), el que busca acompa\u00f1ar a los campesinos y campesinas que decidan adoptar pr\u00e1cticas y manejos sostenibles en sus sistemas de producci\u00f3n.<\/p>\n\n\n\n<p>Dicha herramienta cuenta con un componente de desarrollo de capacidades y fue justamente a trav\u00e9s del cual se concret\u00f3 un taller sobre el manejo ecol\u00f3gico del suelo dirigido a 15 usuarios o usuarias de la comuna de Punitaqui.<\/p>\n\n\n\n<p>Acerca de la importancia de contar con este tipo de iniciativas uno de los participantes, Salustino Ram\u00edrez, coment\u00f3 que \u201cesto es excelente y m\u00e1s con este calor y la poca agua que tenemos se hace muy necesario trabajar en el suelo ahora. Nosotros aprendimos a hacer abono org\u00e1nico y tirarlo al suelo para recuperarlo y proteger la humedad y eso es muy bueno. Si tenemos el suelo en buenas condiciones las producciones mejoran, las plantas y los \u00e1rboles duran m\u00e1s\u201d.<\/p>\n\n\n\n<p>\u201cEn este caso los productores y productoras lograron actualizar y reforzar la informaci\u00f3n que ten\u00edan sobre el manejo ecol\u00f3gico del suelo, un recurso vital a la hora de desarrollar con eficacia las actividades en el campo. Si nuestros usuarios y usuarias transitan a una agricultura sostenible estamos seguros que podr\u00e1n enfrentar de mejor manera las inclemencias clim\u00e1ticas actuales, produciendo a la vez alimentos m\u00e1s sanos, limpios y amigables con el medioambiente.&nbsp; Sabemos la importancia que tiene la Agricultura Familiar Campesina e Ind\u00edgena en la seguridad y soberan\u00eda alimentaria del pa\u00eds, por lo mismo desde INDAP seguiremos aport\u00e1ndoles instrumentos que vayan en pro a la ejecuci\u00f3n de sus labores\u201d, sostuvo el Director Regional de INDAP, V\u00edctor Illanes.<\/p>\n\n\n\n<p>En la regi\u00f3n de Coquimbo son un total de 74 los usuarios o usuarias beneficiados por el TAS, quienes por un ciclo de dos a\u00f1os recibir\u00e1n asesor\u00eda t\u00e9cnica a trav\u00e9s del Instituto de Investigaciones Agropecuarias (INIA), instituci\u00f3n con la que desde INDAP se ha suscrito a nivel nacional un convenio para su ejecuci\u00f3n.<\/p>\n\n\n\n<p>Al respecto, el Seremi de Agricultura, Christian \u00c1lvarez, hizo hincapi\u00e9 en que \u201cel mandato del Presidente Gabriel Boric y del Ministro de Agricultura, Esteban Valenzuela, ha sido contribuir al avance de sistemas alimentarios m\u00e1s resilientes y sostenibles y ante ello creemos que el TAS es una excelente herramienta para concretarlo. La capacitaci\u00f3n que tuvieron los usuarios y usuarias de Punitaqui es solo una de las tantas que tendr\u00e1n a lo largo del periodo de acompa\u00f1amiento del programa y que se trasformar\u00e1n en un canal clave de traspaso de experiencias y de saberes eficientes y eficaces\u201d.<\/p>\n\n\n\n<p>Junto a las capacitaciones los usuarios y usuarias de INDAP participantes del TAS recibir\u00e1n financiamiento para capital inicial e inversiones.<\/p>\n","protected":false},"excerpt":{"rendered":"<p>La Agricultura Familiar Campesina e Ind\u00edgena es clave para la seguridad y soberan\u00eda alimentaria y nutricional de Chile y el mundo. Ante ello y para que el sector rural produzca m\u00e1s y mejor con un menor impacto ambiental el Instituto de Desarrollo Agropecuario (INDAP) ha definido como eje de trabajo el de una agricultura sostenible &#8230;<\/p>\n","protected":false},"author":2,"featured_media":10397,"comment_status":"open","ping_status":"open","sticky":false,"template":"","format":"standard","meta":{"footnotes":""},"categories":[5],"tags":[],"class_list":["post-10396","post","type-post","status-publish","format-standard","has-post-thumbnail","hentry","category-actualidad-limarina"],"_links":{"self":[{"href":"https:\/\/www.radiolimari.cl\/index.php?rest_route=\/wp\/v2\/posts\/10396","targetHints":{"allow":["GET"]}}],"collection":[{"href":"https:\/\/www.radiolimari.cl\/index.php?rest_route=\/wp\/v2\/posts"}],"about":[{"href":"https:\/\/www.radiolimari.cl\/index.php?rest_route=\/wp\/v2\/types\/post"}],"author":[{"embeddable":true,"href":"https:\/\/www.radiolimari.cl\/index.php?rest_route=\/wp\/v2\/users\/2"}],"replies":[{"embeddable":true,"href":"https:\/\/www.radiolimari.cl\/index.php?rest_route=%2Fwp%2Fv2%2Fcomments&post=10396"}],"version-history":[{"count":1,"href":"https:\/\/www.radiolimari.cl\/index.php?rest_route=\/wp\/v2\/posts\/10396\/revisions"}],"predecessor-version":[{"id":10398,"href":"https:\/\/www.radiolimari.cl\/index.php?rest_route=\/wp\/v2\/posts\/10396\/revisions\/10398"}],"wp:featuredmedia":[{"embeddable":true,"href":"https:\/\/www.radiolimari.cl\/index.php?rest_route=\/wp\/v2\/media\/10397"}],"wp:attachment":[{"href":"https:\/\/www.radiolimari.cl\/index.php?rest_route=%2Fwp%2Fv2%2Fmedia&parent=10396"}],"wp:term":[{"taxonomy":"category","embeddable":true,"href":"https:\/\/www.radiolimari.cl\/index.php?rest_route=%2Fwp%2Fv2%2Fcategories&post=10396"},{"taxonomy":"post_tag","embeddable":true,"href":"https:\/\/www.radiolimari.cl\/index.php?rest_route=%2Fwp%2Fv2%2Ftags&post=10396"}],"curies":[{"name":"wp","href":"https:\/\/api.w.org\/{rel}","templated":true}]}}