{"id":10384,"date":"2023-12-18T17:17:20","date_gmt":"2023-12-18T17:17:20","guid":{"rendered":"https:\/\/www.radiolimari.cl\/?p=10384"},"modified":"2023-12-18T17:17:20","modified_gmt":"2023-12-18T17:17:20","slug":"el-hospital-de-la-ciudad-de-illapel-cuenta-con-nuevo-director-titular","status":"publish","type":"post","link":"https:\/\/www.radiolimari.cl\/?p=10384","title":{"rendered":"El Hospital de la ciudad de illapel cuenta con nuevo director titular"},"content":{"rendered":"\n<figure class=\"wp-block-image size-large\"><a href=\"https:\/\/www.radiolimari.cl\/wp-content\/uploads\/2023\/12\/1.jpeg\"><img fetchpriority=\"high\" decoding=\"async\" width=\"1024\" height=\"768\" src=\"https:\/\/www.radiolimari.cl\/wp-content\/uploads\/2023\/12\/1-1024x768.jpeg\" alt=\"\" class=\"wp-image-10385\" srcset=\"https:\/\/www.radiolimari.cl\/wp-content\/uploads\/2023\/12\/1-1024x768.jpeg 1024w, https:\/\/www.radiolimari.cl\/wp-content\/uploads\/2023\/12\/1-300x225.jpeg 300w, https:\/\/www.radiolimari.cl\/wp-content\/uploads\/2023\/12\/1-768x576.jpeg 768w, https:\/\/www.radiolimari.cl\/wp-content\/uploads\/2023\/12\/1-1536x1152.jpeg 1536w, https:\/\/www.radiolimari.cl\/wp-content\/uploads\/2023\/12\/1.jpeg 1600w\" sizes=\"(max-width: 1024px) 100vw, 1024px\" \/><\/a><\/figure>\n\n\n\n<p><strong><em>El ingeniero en administraci\u00f3n de empresas tiene una vasta trayectoria en el mundo de la salud y lleg\u00f3 desde la Regi\u00f3n de Valpara\u00edso a la capital Provincial de Choapa.<\/em><\/strong><\/p>\n\n\n\n<p>El Hospital Dr. Humberto Elorza Cort\u00e9s de Illapel finaliza el a\u00f1o 2023 con un nuevo director titular. Se trata de Omar Ogalde, quien asumi\u00f3 el liderazgo del recinto asistencial este lunes en la ceremonia de cambio de mando de la direcci\u00f3n, luego de estampar su firma en el acta de recepci\u00f3n del establecimiento illapelino.<\/p>\n\n\n\n<p>Omar Ogalde Bahamondes es ingeniero en administraci\u00f3n de empresas, con una amplia trayectoria en el mundo de la salud, donde se ha desempe\u00f1ado como subdirector del Hospital Biprovincial Quillota-Petorca, director subrogante en el Hospital San Mart\u00edn de Quillota, gerente de Operaciones del Hospital Cl\u00ednico de la Fuerza A\u00e9rea de Chile, entre otros cargos. Cuenta con gran experiencia en \u00e1reas como Recursos Humanos, Finanzas, Log\u00edstica, Manejo de Emergencia y Proyectos. Adem\u00e1s, es Mag\u00edster en Gesti\u00f3n en Salud y tambi\u00e9n en Pol\u00edticas P\u00fablicas.<\/p>\n\n\n\n<p>\u201cA m\u00ed el proyecto me cautiv\u00f3 y creo que el trabajo previo a la construcci\u00f3n del nuevo hospital, la puesta en marcha, el EPH (Estudio de Preinversi\u00f3n Hospitalaria) y los modelos de gesti\u00f3n, son fundamentales para poder concretar el nuevo proyecto, eso me motiv\u00f3 a venir para ac\u00e1. Le dir\u00eda a la comunidad que tienen que estar esperanzados por aperturar un nuevo hospital para la Provincia del Choapa, y exigir lo mejor de nosotros para brindar una nueva cartera de prestaciones. Se van a abrir nuevos pabellones y prestaciones cl\u00ednicas, y por eso nos tenemos que preparar y reclutar el recurso humano y las especialidades antes, para poder habilitar el nuevo hospital\u201d, sostuvo con gran entusiasmo la nueva autoridad del Hospital de Illapel.<\/p>\n\n\n\n<p>En tanto, el doctor Gabriel Sanhueza, Director (S) del Servicio de Salud Coquimbo, valor\u00f3 la llegada de la nueva autoridad, mediante el sistema de Alta Direcci\u00f3n P\u00fablica (ADP). \u201cEstoy muy contento, muy feliz, siento que el desarrollo que ha tenido el Hospital de Illapel ha sido muy potente, ha ido creciendo y madurando, y uno de los ejemplos es justamente ver como sus autoridades tambi\u00e9n se van renovando y desarrollando su labor. El trabajo del director C\u00e9sped y su compromiso con la comunidad y con el hospital ha sido potente, y eso ha dado muchos frutos, tanto as\u00ed que con esta renovaci\u00f3n, con la llegada de un nuevo director, ha sido s\u00faper potente para darle continuidad a ese trabajo, darle \u00e1nimo y sentir que la organizaci\u00f3n est\u00e1 madura y prepar\u00e1ndose para los nuevos desaf\u00edos que significan el futuro del nuevo Hospital de Illapel\u201d, manifest\u00f3.<\/p>\n\n\n\n<p>Y el inicio de esta nueva etapa para el recinto tambi\u00e9n marca el final de otra, una que cierra el odont\u00f3logo Alejandro C\u00e9sped, quien permaneci\u00f3 durante cuatro a\u00f1os como director del Hospital de Illapel, aunque en total suma casi tres d\u00e9cadas trabajando arduamente junto al equipo del centro asistencial para responder a las necesidades de salud de la comunidad.<\/p>\n\n\n\n<p>\u201cLlevo m\u00e1s de 27 a\u00f1os trabajando ac\u00e1, siempre he estado dispuesto a colaborar y dar mejoras para todos, tanto en calidad, en prestaciones, eso siempre ha sido un desaf\u00edo constante. He sido director tres veces, pero esta \u00faltima vez fue un desaf\u00edo s\u00faper especial, sobre todo por la pandemia. Entonces enfrentar eso, ver lo que hizo este hospital y c\u00f3mo de esa crisis pudimos obtener una oportunidad de crecimiento, me voy m\u00e1s que contento con todo lo que hicimos. Por supuesto, sigo trabajando en el hospital y voy a seguir apoyando al nuevo director y a todas las personas que as\u00ed lo requieran, porque en el fondo el principal objetivo que tenemos que tener todos ahora es consolidar lo que tenemos para poder proyectarnos a un nuevo edificio que prontamente est\u00e1 en el horizonte\u201d, finaliz\u00f3.<\/p>\n","protected":false},"excerpt":{"rendered":"<p>El ingeniero en administraci\u00f3n de empresas tiene una vasta trayectoria en el mundo de la salud y lleg\u00f3 desde la Regi\u00f3n de Valpara\u00edso a la capital Provincial de Choapa. El Hospital Dr. Humberto Elorza Cort\u00e9s de Illapel finaliza el a\u00f1o 2023 con un nuevo director titular. Se trata de Omar Ogalde, quien asumi\u00f3 el liderazgo &#8230;<\/p>\n","protected":false},"author":2,"featured_media":10385,"comment_status":"open","ping_status":"open","sticky":false,"template":"","format":"standard","meta":{"footnotes":""},"categories":[6],"tags":[],"class_list":["post-10384","post","type-post","status-publish","format-standard","has-post-thumbnail","hentry","category-regionales"],"_links":{"self":[{"href":"https:\/\/www.radiolimari.cl\/index.php?rest_route=\/wp\/v2\/posts\/10384","targetHints":{"allow":["GET"]}}],"collection":[{"href":"https:\/\/www.radiolimari.cl\/index.php?rest_route=\/wp\/v2\/posts"}],"about":[{"href":"https:\/\/www.radiolimari.cl\/index.php?rest_route=\/wp\/v2\/types\/post"}],"author":[{"embeddable":true,"href":"https:\/\/www.radiolimari.cl\/index.php?rest_route=\/wp\/v2\/users\/2"}],"replies":[{"embeddable":true,"href":"https:\/\/www.radiolimari.cl\/index.php?rest_route=%2Fwp%2Fv2%2Fcomments&post=10384"}],"version-history":[{"count":1,"href":"https:\/\/www.radiolimari.cl\/index.php?rest_route=\/wp\/v2\/posts\/10384\/revisions"}],"predecessor-version":[{"id":10386,"href":"https:\/\/www.radiolimari.cl\/index.php?rest_route=\/wp\/v2\/posts\/10384\/revisions\/10386"}],"wp:featuredmedia":[{"embeddable":true,"href":"https:\/\/www.radiolimari.cl\/index.php?rest_route=\/wp\/v2\/media\/10385"}],"wp:attachment":[{"href":"https:\/\/www.radiolimari.cl\/index.php?rest_route=%2Fwp%2Fv2%2Fmedia&parent=10384"}],"wp:term":[{"taxonomy":"category","embeddable":true,"href":"https:\/\/www.radiolimari.cl\/index.php?rest_route=%2Fwp%2Fv2%2Fcategories&post=10384"},{"taxonomy":"post_tag","embeddable":true,"href":"https:\/\/www.radiolimari.cl\/index.php?rest_route=%2Fwp%2Fv2%2Ftags&post=10384"}],"curies":[{"name":"wp","href":"https:\/\/api.w.org\/{rel}","templated":true}]}}