{"id":10376,"date":"2023-12-16T01:51:47","date_gmt":"2023-12-16T01:51:47","guid":{"rendered":"https:\/\/www.radiolimari.cl\/?p=10376"},"modified":"2023-12-16T01:54:59","modified_gmt":"2023-12-16T01:54:59","slug":"ministerio-de-agricultura-presenta-ejes-de-accion-del-plan-de-reactivacion-agropecuaria-para-la-region-de-coquimbo","status":"publish","type":"post","link":"https:\/\/www.radiolimari.cl\/?p=10376","title":{"rendered":"Ministerio de Agricultura presenta ejes de acci\u00f3n del Plan de Reactivaci\u00f3n Agropecuaria para la regi\u00f3n de Coquimbo"},"content":{"rendered":"\n<figure class=\"wp-block-image size-large\"><a href=\"https:\/\/www.radiolimari.cl\/wp-content\/uploads\/2023\/12\/ad5ef533-fb1d-41c6-9262-c3d8104b4f18.jfif_.jpg\"><img fetchpriority=\"high\" decoding=\"async\" width=\"1024\" height=\"683\" src=\"https:\/\/www.radiolimari.cl\/wp-content\/uploads\/2023\/12\/ad5ef533-fb1d-41c6-9262-c3d8104b4f18.jfif_-1024x683.jpg\" alt=\"\" class=\"wp-image-10377\" srcset=\"https:\/\/www.radiolimari.cl\/wp-content\/uploads\/2023\/12\/ad5ef533-fb1d-41c6-9262-c3d8104b4f18.jfif_-1024x683.jpg 1024w, https:\/\/www.radiolimari.cl\/wp-content\/uploads\/2023\/12\/ad5ef533-fb1d-41c6-9262-c3d8104b4f18.jfif_-300x200.jpg 300w, https:\/\/www.radiolimari.cl\/wp-content\/uploads\/2023\/12\/ad5ef533-fb1d-41c6-9262-c3d8104b4f18.jfif_-768x512.jpg 768w, https:\/\/www.radiolimari.cl\/wp-content\/uploads\/2023\/12\/ad5ef533-fb1d-41c6-9262-c3d8104b4f18.jfif_.jpg 1200w\" sizes=\"(max-width: 1024px) 100vw, 1024px\" \/><\/a><\/figure>\n\n\n\n<p><em>El ministro de Agricultura present\u00f3 los lineamientos del plan que se ejecutar\u00e1 en la regi\u00f3n de Coquimbo y entreg\u00f3 recursos a 328 agricultores de la comuna de Coquimbo<\/em><\/p>\n\n\n\n<p>Durante su visita a la regi\u00f3n de Coquimbo, el ministro de Agricultura, Esteban Valenzuela, expuso al Gabinete Regional y del agro los lineamientos y ejes de acci\u00f3n del Plan de Recuperaci\u00f3n Agropecuaria, creado con el objetivo de levantar medidas de corto, mediano y largo plazo para enfrentar los efectos del cambio clim\u00e1tico.<\/p>\n\n\n\n<p>Algunas de las medidas son la renovaci\u00f3n del Decreto de Emergencia H\u00eddrica, a partir de enero de 2024, con fecha de caducidad en septiembre del 2024; la implementaci\u00f3n del \u201cPlan Coquimbo diciembre 2023\u201d, en el que destinaron un total de $980 millones en beneficio de m\u00e1s de 5.000 productores(as) (crianceros y apicultores INDAP y NO INDAP). Adem\u00e1s, para el a\u00f1o 2024 se planificar\u00e1 considerar un complemento a estos recursos de emergencia entregados en diciembre 2023 para tener una mayor cobertura y dar continuidad al proceso de apoyo productivo a partir del mes de abril de 2024.<\/p>\n\n\n\n<p>El ministro Esteban Valenzuela destac\u00f3 el cumplimiento del compromiso y se\u00f1al\u00f3 que \u201cest\u00e1n desplegados los equipos, trabajando con los actores de estos $16 mil millones que la Comisi\u00f3n Nacional de Riego (CNR) ha colocado exclusivamente para esta regi\u00f3n, para ayudar a los peque\u00f1os y medianos que tienen las brechas de tecnificaci\u00f3n de riego y puedan optimizarla. Adem\u00e1s, gracias al trabajo del gobierno y de nuestro seremi, Cristi\u00e1n \u00c1lvarez, estamos distribuyendo en diciembre forraje -alimentaci\u00f3n por $1.000 mil millones- a distintos actores de la regi\u00f3n\u201d, dijo la autoridad.<\/p>\n\n\n\n<p>\u201cAc\u00e1 se ha estado cumpliendo con lo que el Presidente pidi\u00f3: el m\u00e1ximo trabajo de todos los ministerios para ayudar a la regi\u00f3n de Coquimbo en una coyuntura dram\u00e1tica. Por tanto, se est\u00e1 trabajando en el decreto de cat\u00e1strofe que Contralor\u00eda ya est\u00e1 tramitando, y nosotros vamos a renovar, en las pr\u00f3ximas horas, el decreto de emergencia agr\u00edcola por sequ\u00eda de la regi\u00f3n\u201d, agreg\u00f3.<\/p>\n\n\n\n<p>En esta l\u00ednea, el delegado presidencial regional de Coquimbo, Galo Luna, destac\u00f3 la preocupaci\u00f3n del gobierno y el Minagri por la regi\u00f3n de Coquimbo.\u00bbEs frecuente la visita del ministro de agricultura a nuestra regi\u00f3n, est\u00e1 muy empoderado y empapado con los temas que estamos viviendo en nuestra contingencia agr\u00edcola. Ha sido una muy buena reuni\u00f3n donde hemos reunido, no solo a los seremis del gabinete regional, sino que tambi\u00e9n a los directores regionales de servicio que son bien trascendentes para poder colaborar y enfrentar lo que estamos viviendo. Por ejemplo, Servicio de Impuestos Internos, y direcciones regionales del agro que nos van a permitir aunar los esfuerzos\u201d, dijo.<\/p>\n\n\n\n<p>En la actividad participaron tambi\u00e9n el Seremi de Agricultura de Coquimbo, Christian \u00c1lvarez, y directores\/as de los servicios del agro regional.<\/p>\n\n\n\n<p>Otro aspecto para considerar es que los municipios iniciar\u00e1n durante el per\u00edodo enero 2024, el proceso de ejecuci\u00f3n de entrega de recursos para emergencia agropecuaria con presupuesto del Gobierno Regional, por lo que la fecha propuesta, a partir de abril 2024, complementar\u00eda la estrategia de entrega de recursos entre el GORE Coquimbo y el Gobierno Nacional.<\/p>\n\n\n\n<p><strong>ENTREGA DE RECURSOS<\/strong><\/p>\n\n\n\n<p>Durante su visita a la regi\u00f3n de Coquimbo, el ministro Esteban Valenzuela encabez\u00f3 una entrega de recursos de emergencia agropecuaria a 328 productores\/as caprinos, con el fin de mitigar los efectos de la escasez h\u00eddrica.<\/p>\n\n\n\n<p>En esta l\u00ednea, el ministro Valenzuela dijo que \u201cel presidente Boric pidi\u00f3 acompa\u00f1ar a la AFC y a los peque\u00f1os crianceros, que son parte de la cultura y de la producci\u00f3n de leche y quesos de calidad. Hay miles de familias que viven de esta ganader\u00eda y que tenemos que apoyar. Y en la medida de que la sequ\u00eda contin\u00fae, se seguir\u00e1n haciendo entregas de apoyo para sostener a los peque\u00f1os productores\u201d.<\/p>\n\n\n\n<p>Por su parte, el alcalde de Coquimbo, Al\u00ed Manouchehri, destac\u00f3 que \u201cnuestros crianceros necesitan de apoyo y el Gobierno lleg\u00f3 con apoyo. Sabemos el esfuerzo que se hizo para poder contar con estos recursos que son muy necesarios y que, sin lugar a duda, entrega una \u201cbocanada\u201d de aire a nuestros crianceros en esta escasez h\u00eddrica que ha golpeado a la regi\u00f3n\u201d.<\/p>\n\n\n\n<p>Finalmente, el senador por la regi\u00f3n, Daniel Nu\u00f1ez, agradeci\u00f3 la entrega del Gobierno y se\u00f1al\u00f3 que la \u201cayuda para los crianceros afectados por la sequ\u00eda va a llegar a las quince comunas de la regi\u00f3n de Coquimbo y con eso estamos hablando de 4 mil productores de ganado caprino que se van a ver beneficiados por lo que estamos muy satisfechos y contentos por el cumplimiento del compromiso del Gobierno\u201d.<\/p>\n","protected":false},"excerpt":{"rendered":"<p>El ministro de Agricultura present\u00f3 los lineamientos del plan que se ejecutar\u00e1 en la regi\u00f3n de Coquimbo y entreg\u00f3 recursos a 328 agricultores de la comuna de Coquimbo Durante su visita a la regi\u00f3n de Coquimbo, el ministro de Agricultura, Esteban Valenzuela, expuso al Gabinete Regional y del agro los lineamientos y ejes de acci\u00f3n &#8230;<\/p>\n","protected":false},"author":2,"featured_media":10377,"comment_status":"open","ping_status":"open","sticky":false,"template":"","format":"standard","meta":{"footnotes":""},"categories":[6],"tags":[],"class_list":["post-10376","post","type-post","status-publish","format-standard","has-post-thumbnail","hentry","category-regionales"],"_links":{"self":[{"href":"https:\/\/www.radiolimari.cl\/index.php?rest_route=\/wp\/v2\/posts\/10376","targetHints":{"allow":["GET"]}}],"collection":[{"href":"https:\/\/www.radiolimari.cl\/index.php?rest_route=\/wp\/v2\/posts"}],"about":[{"href":"https:\/\/www.radiolimari.cl\/index.php?rest_route=\/wp\/v2\/types\/post"}],"author":[{"embeddable":true,"href":"https:\/\/www.radiolimari.cl\/index.php?rest_route=\/wp\/v2\/users\/2"}],"replies":[{"embeddable":true,"href":"https:\/\/www.radiolimari.cl\/index.php?rest_route=%2Fwp%2Fv2%2Fcomments&post=10376"}],"version-history":[{"count":2,"href":"https:\/\/www.radiolimari.cl\/index.php?rest_route=\/wp\/v2\/posts\/10376\/revisions"}],"predecessor-version":[{"id":10379,"href":"https:\/\/www.radiolimari.cl\/index.php?rest_route=\/wp\/v2\/posts\/10376\/revisions\/10379"}],"wp:featuredmedia":[{"embeddable":true,"href":"https:\/\/www.radiolimari.cl\/index.php?rest_route=\/wp\/v2\/media\/10377"}],"wp:attachment":[{"href":"https:\/\/www.radiolimari.cl\/index.php?rest_route=%2Fwp%2Fv2%2Fmedia&parent=10376"}],"wp:term":[{"taxonomy":"category","embeddable":true,"href":"https:\/\/www.radiolimari.cl\/index.php?rest_route=%2Fwp%2Fv2%2Fcategories&post=10376"},{"taxonomy":"post_tag","embeddable":true,"href":"https:\/\/www.radiolimari.cl\/index.php?rest_route=%2Fwp%2Fv2%2Ftags&post=10376"}],"curies":[{"name":"wp","href":"https:\/\/api.w.org\/{rel}","templated":true}]}}