{"id":10373,"date":"2023-12-16T01:39:46","date_gmt":"2023-12-16T01:39:46","guid":{"rendered":"https:\/\/www.radiolimari.cl\/?p=10373"},"modified":"2023-12-16T01:39:47","modified_gmt":"2023-12-16T01:39:47","slug":"este-domingo-mas-de-200-recorridos-de-transporte-publico-gratuitos-y-amplio-despliegue-de-seguridad-entre-los-preparativos-de-la-region-para-el-plebiscito-constitucional","status":"publish","type":"post","link":"https:\/\/www.radiolimari.cl\/?p=10373","title":{"rendered":"Este domingo M\u00e1s de 200 recorridos de transporte p\u00fablico gratuitos y amplio despliegue de seguridad entre los preparativos de la regi\u00f3n para el Plebiscito Constitucional"},"content":{"rendered":"\n<figure class=\"wp-block-image size-full\"><a href=\"https:\/\/www.radiolimari.cl\/wp-content\/uploads\/2023\/12\/LOCAL-PLEBISCITO-IMG_1512-4.jpg\"><img fetchpriority=\"high\" decoding=\"async\" width=\"1024\" height=\"577\" src=\"https:\/\/www.radiolimari.cl\/wp-content\/uploads\/2023\/12\/LOCAL-PLEBISCITO-IMG_1512-4.jpg\" alt=\"\" class=\"wp-image-10374\" srcset=\"https:\/\/www.radiolimari.cl\/wp-content\/uploads\/2023\/12\/LOCAL-PLEBISCITO-IMG_1512-4.jpg 1024w, https:\/\/www.radiolimari.cl\/wp-content\/uploads\/2023\/12\/LOCAL-PLEBISCITO-IMG_1512-4-300x169.jpg 300w, https:\/\/www.radiolimari.cl\/wp-content\/uploads\/2023\/12\/LOCAL-PLEBISCITO-IMG_1512-4-768x433.jpg 768w\" sizes=\"(max-width: 1024px) 100vw, 1024px\" \/><\/a><\/figure>\n\n\n\n<p><strong><em>Los 105 locales de votaci\u00f3n ya est\u00e1n a cargo de las Fuerzas de Orden, tras un proceso de instalaci\u00f3n que se desarroll\u00f3 con normalidad y sin inconvenientes<\/em><\/strong>.<\/p>\n\n\n\n<p>Como una \u201cexcelente oportunidad\u201d calific\u00f3 Katherine Marchant la opci\u00f3n de contar con una planilla en Braile y as\u00ed ejercer su derecho a voto este 17 de diciembre.<\/p>\n\n\n\n<p>Y es que ella, as\u00ed como cualquier persona en situaci\u00f3n de discapacidad, podr\u00e1 solicitar esta asistencia y marcar&nbsp; su preferencia. <strong>\u201chay muchas personas que son ciegas que quiz\u00e1s no tienen una persona de confianza que los acompa\u00f1e a votar, entonces tienen que decirle qu\u00e9 hacer, por eso esto nos da una oportunidad excelente de ser m\u00e1s independiente\u201d<\/strong>, valor\u00f3 Katherine.<\/p>\n\n\n\n<p>Adicionalmente, el Seremi de Desarrollo Social, Eduardo Alcayaga, remarc\u00f3 que <strong>\u201clas personas con discapacidad que necesiten ser asistidas, pueden ir con una persona de confianza mayor de 18 a\u00f1os o solicitar ayuda al presidente de mesa. Tambi\u00e9n est\u00e1 disponible un c\u00f3digo QR para ingresar a la Plataforma Visor en la p\u00e1gina web del SERVEL, que permite a las personas sordas acceder a la interpretaci\u00f3n en lengua de se\u00f1as simult\u00e1nea\u201d<\/strong>.<\/p>\n\n\n\n<p>Din\u00e1mica del Voto Asistido que fue constatada por las autoridades regionales durante la visita al local de Votaci\u00f3n del Estadio La Portada de La Serena, entre otros detalles de los preparativos de cara a este domingo.<\/p>\n\n\n\n<p>En esta l\u00ednea, el Delegado Presidencial Regional, Galo Luna, sostuvo que <strong>\u201cnosotros queremos que sea un proceso que se lleve con total normalidad, que sea democr\u00e1tico y sin incidentes, tal como ha sido en la regi\u00f3n durante los \u00faltimos a\u00f1os. Estamos asegurando que todas las personas puedan ejercer el voto en total libertad y as\u00ed poder cumplir con este derecho tan importante\u201d.<\/strong><\/p>\n\n\n\n<p>La autoridad regional tambi\u00e9n anunci\u00f3 que a trav\u00e9s de la Seremi de Transportes se dispondr\u00e1n de 219 recorridos gratuitos de acercamiento de las localidades rurales y apartadas, asegurando el traslado a los locales de votaci\u00f3n.<\/p>\n\n\n\n<p><strong>\u201cHemos estado en coordinaci\u00f3n con la Delegaci\u00f3n Presidencial para poder contar con los servicios p\u00fablicos subsidiados gratuitos que van a estar operando en las zonas aisladas y rurales de la regi\u00f3n. Son 219 servicios que van a estar operando para este d\u00eda domingo, y la informaci\u00f3n est\u00e1 disponible en la p\u00e1gina del Ministerio de Transportes y Telecomunicaciones (www.dtpr.gob.cl) donde se detallan los tramos y los horarios de estos servicios\u201d<\/strong>, se\u00f1al\u00f3 la seremi de Transportes y Telecomunicaciones, Alejandra Maureira.<\/p>\n\n\n\n<p>Una planificaci\u00f3n que se suma a gesti\u00f3n con el gremio del transporte p\u00fablico urbano, la que establecer\u00e1 frecuencias y recorridos que operen durante el domingo como d\u00eda h\u00e1bil desde primera hora; la habilitaci\u00f3n de v\u00edas prioritarias en el eje Cienfuegos, Victoria Pinto Dur\u00e1n y Col\u00f3n en La Serena, en calle Alejandro Flores entre La Cruz y el pasaje Bel\u00e9n, en los pasajes La Gruta, Nazareno y Bel\u00e9n, de Las Compa\u00f1\u00edas; &nbsp;y&nbsp; en el eje Videla-Varela en el centro de Coquimbo.<\/p>\n\n\n\n<p><strong>Seguridad en la instalaci\u00f3n.<\/strong><\/p>\n\n\n\n<p>A primera hora de este viernes las Fuerzas de Orden tomaron a disposici\u00f3n los 105 locales de sufragio de la regi\u00f3n, un proceso desarrollarlo con tranquilidad y sin inconvenientes.<\/p>\n\n\n\n<p>Al mando de las m\u00e1s de 1200 personas que prestar\u00e1n servicios (entre Funcionarios del Ej\u00e9rcito, Carabineros y civiles, est\u00e1 el General Jorge Salinas, jefe de la Fuerza regional, quien puntualiz\u00f3 que <strong>\u201cya est\u00e1n las condiciones para comenzar este proceso con normalidad y la seguridad ya est\u00e1 implementada. Est\u00e1n las condiciones de seguridad tanto al interior y al exterior de los locales y estamos preparados para atender cualquier contingencia y reaccionar r\u00e1pidamente ante alg\u00fan problema que se denuncia en la oportunidad y a colaborar en todo lo que se requiera\u201d<\/strong>.<\/p>\n\n\n\n<p>Por otra parte, Carabineros ya tiene habilitados los siete puntos especiales, entre La Serena, Coquimbo y Ovalle, para dejar constancias durante el d\u00eda de elecciones de quienes no pudan votar al encontrarse a m\u00e1s de 200 kil\u00f3metros de distancia de sus locales.<\/p>\n\n\n\n<p><strong>\u201cEsa es la \u00fanica circunstancia que nosotros vamos a recoger solamente el mismo d\u00eda del proceso elecci\u00f3n, ni un d\u00eda antes, ni un d\u00eda despu\u00e9s. Lo que habilitamos busca no entorpecer el rodaje diario que tienen las comisar\u00edas. Son 7 locales distintos a los cuarteles policiales para acoger esta constancia, en ellos vamos a brindar un mejor servicio y comodidad a aquellas personas que vayan acercando\u201d<\/strong>, detall\u00f3 el General Juan Mu\u00f1oz, Jefe de la Zona de Carabineros Coquimbo.<\/p>\n\n\n\n<p><strong>Informaci\u00f3n a la mano.<\/strong><\/p>\n\n\n\n<p>Durante este s\u00e1bado se realizar\u00e1 la constituci\u00f3n de las mesas, por ello, desde el Servicio Electoral informaron que es necesario que las y los Vocales se acerquen a los recintos a reconocerlas y saber d\u00f3nde pedir la implementaci\u00f3n.<\/p>\n\n\n\n<p>All\u00ed mismo, explic\u00f3 la Directora Regional del SERVEL, Ana Cristina Celis, se har\u00e1 todo el proceso de capacitaci\u00f3n. <strong>\u201cDe igual forma es necesario remarcar que antes de ir a votar, las personas deben saber cu\u00e1l es el local de votaci\u00f3n. Teniendo eso en mente, tambi\u00e9n deben tener su c\u00e9dula de identidad o pasaportea a la mano, si est\u00e1 vencido, puede ser hasta el primero de enero del 2020\u201d<\/strong>, acot\u00f3.<\/p>\n","protected":false},"excerpt":{"rendered":"<p>Los 105 locales de votaci\u00f3n ya est\u00e1n a cargo de las Fuerzas de Orden, tras un proceso de instalaci\u00f3n que se desarroll\u00f3 con normalidad y sin inconvenientes. Como una \u201cexcelente oportunidad\u201d calific\u00f3 Katherine Marchant la opci\u00f3n de contar con una planilla en Braile y as\u00ed ejercer su derecho a voto este 17 de diciembre. Y &#8230;<\/p>\n","protected":false},"author":2,"featured_media":10374,"comment_status":"open","ping_status":"open","sticky":false,"template":"","format":"standard","meta":{"footnotes":""},"categories":[6],"tags":[],"class_list":["post-10373","post","type-post","status-publish","format-standard","has-post-thumbnail","hentry","category-regionales"],"_links":{"self":[{"href":"https:\/\/www.radiolimari.cl\/index.php?rest_route=\/wp\/v2\/posts\/10373","targetHints":{"allow":["GET"]}}],"collection":[{"href":"https:\/\/www.radiolimari.cl\/index.php?rest_route=\/wp\/v2\/posts"}],"about":[{"href":"https:\/\/www.radiolimari.cl\/index.php?rest_route=\/wp\/v2\/types\/post"}],"author":[{"embeddable":true,"href":"https:\/\/www.radiolimari.cl\/index.php?rest_route=\/wp\/v2\/users\/2"}],"replies":[{"embeddable":true,"href":"https:\/\/www.radiolimari.cl\/index.php?rest_route=%2Fwp%2Fv2%2Fcomments&post=10373"}],"version-history":[{"count":1,"href":"https:\/\/www.radiolimari.cl\/index.php?rest_route=\/wp\/v2\/posts\/10373\/revisions"}],"predecessor-version":[{"id":10375,"href":"https:\/\/www.radiolimari.cl\/index.php?rest_route=\/wp\/v2\/posts\/10373\/revisions\/10375"}],"wp:featuredmedia":[{"embeddable":true,"href":"https:\/\/www.radiolimari.cl\/index.php?rest_route=\/wp\/v2\/media\/10374"}],"wp:attachment":[{"href":"https:\/\/www.radiolimari.cl\/index.php?rest_route=%2Fwp%2Fv2%2Fmedia&parent=10373"}],"wp:term":[{"taxonomy":"category","embeddable":true,"href":"https:\/\/www.radiolimari.cl\/index.php?rest_route=%2Fwp%2Fv2%2Fcategories&post=10373"},{"taxonomy":"post_tag","embeddable":true,"href":"https:\/\/www.radiolimari.cl\/index.php?rest_route=%2Fwp%2Fv2%2Ftags&post=10373"}],"curies":[{"name":"wp","href":"https:\/\/api.w.org\/{rel}","templated":true}]}}