{"id":10365,"date":"2023-12-15T12:22:19","date_gmt":"2023-12-15T12:22:19","guid":{"rendered":"https:\/\/www.radiolimari.cl\/?p=10365"},"modified":"2023-12-15T12:22:20","modified_gmt":"2023-12-15T12:22:20","slug":"futbol-amateur-ovallino-recibira-importante-apoyo-de-municipio","status":"publish","type":"post","link":"https:\/\/www.radiolimari.cl\/?p=10365","title":{"rendered":"Futbol amateur Ovallino recibir\u00e1 importante apoyo de Municipio"},"content":{"rendered":"\n<figure class=\"wp-block-image size-large\"><a href=\"https:\/\/www.radiolimari.cl\/wp-content\/uploads\/2023\/12\/Reunion-AFAO-2.jpg\"><img fetchpriority=\"high\" decoding=\"async\" width=\"1024\" height=\"683\" src=\"https:\/\/www.radiolimari.cl\/wp-content\/uploads\/2023\/12\/Reunion-AFAO-2-1024x683.jpg\" alt=\"\" class=\"wp-image-10366\" srcset=\"https:\/\/www.radiolimari.cl\/wp-content\/uploads\/2023\/12\/Reunion-AFAO-2-1024x683.jpg 1024w, https:\/\/www.radiolimari.cl\/wp-content\/uploads\/2023\/12\/Reunion-AFAO-2-300x200.jpg 300w, https:\/\/www.radiolimari.cl\/wp-content\/uploads\/2023\/12\/Reunion-AFAO-2-768x512.jpg 768w, https:\/\/www.radiolimari.cl\/wp-content\/uploads\/2023\/12\/Reunion-AFAO-2-1536x1024.jpg 1536w, https:\/\/www.radiolimari.cl\/wp-content\/uploads\/2023\/12\/Reunion-AFAO-2.jpg 1920w\" sizes=\"(max-width: 1024px) 100vw, 1024px\" \/><\/a><\/figure>\n\n\n\n<p><strong><em>El alcalde Jonathan Acu\u00f1a se reuni\u00f3 con la asamblea de los clubes locales y se cerraron varios acuerdos por parte del municipio, entre ellos el arreglo de la cancha de pasto sint\u00e9tico, el apoyo administrativo para sus gestiones y continuar trabajando en el proyecto de su nuevo recinto deportivo.<\/em><\/strong><\/p>\n\n\n\n<p>M\u00e1s de 30 clubes son parte de la Asociaci\u00f3n de F\u00fatbol Amateur de Ovalle (AFAO), quienes dan vida a un extenso campeonato de balompi\u00e9 en el recinto de la instituci\u00f3n, ubicado en la poblaci\u00f3n Media Hacienda, en la parte alta de la capital limarina. En los \u00faltimos meses han tenido problemas con el estado de la cancha y tambi\u00e9n en el \u00e1mbito econ\u00f3mico, debido a los costos, principalmente, de los servicios b\u00e1sicos, entre otras inquietudes.<\/p>\n\n\n\n<p>El alcalde Jonathan Acu\u00f1a Rojas se reuni\u00f3 con la asamblea de los clubes para informar de las propuestas de apoyo, con el fin de mejorar el funcionamiento, potenciar la competencia deportiva y cumplir con los compromisos asumidos con antelaci\u00f3n. La autoridad comunal afirm\u00f3 que el municipio de Ovalle, como propietario del terreno, se har\u00e1 cargo de los costos de los servicios b\u00e1sicos del recinto, apoyar\u00e1 en el mejoramiento de la cancha sint\u00e9tica, que actualmente se encuentra en malas condiciones, adem\u00e1s de apoyar las gestiones de la asociaci\u00f3n y el orden de cada una de las instituciones que la integran.<\/p>\n\n\n\n<p>\u201cEstamos muy agradecidos del municipio de Ovalle y del alcalde Jonathan Acu\u00f1a, porque hemos sentido su apoyo y lo mejor es que han sido hechos concretos y que a nosotros nos ayudar\u00e1 mucho, sobre todo en el \u00e1mbito econ\u00f3mico, porque nos hace mucha falta el arreglo de nuestra cancha y a la vez poder solventar el alto gasto que tenemos en los servicios de luz el\u00e9ctrica y agua. Adem\u00e1s, estamos muy contentos porque contaremos con una secretaria que nos ayudar\u00e1 en el ordenamiento de las labores administrativas de la asociaci\u00f3n y del campeonato\u201d indic\u00f3 el presidente de la Asociaci\u00f3n de F\u00fatbol Amateur de Ovalle (AFAO), Jos\u00e9 Miguel \u00c1lvarez.&nbsp;<\/p>\n\n\n\n<p>En la oportunidad, tambi\u00e9n se explic\u00f3 sobre el proyecto del nuevo complejo deportivo de la AFAO, que se ubicar\u00e1 en el sector costanera, que tiene un costo que supera los 2.500 millones de pesos, que ser\u00e1 financiado por el Gobierno Regional. La iniciativa incluye 3 canchas reglamentarias con standard FIFA y un sector de calentamiento e iluminaci\u00f3n, a lo que se suman \u00e1reas de esparcimiento y recreaci\u00f3n, camarines y servicios higi\u00e9nicos. La iniciativa se encuentra en el Ministerio de Desarrollo Social para subsanarlas \u00faltimas observaciones y recibir la denominada Recomendaci\u00f3n Satisfactoria (RS), para luego ser priorizado y optar al financiamiento del Gobierno Regional.<\/p>\n","protected":false},"excerpt":{"rendered":"<p>El alcalde Jonathan Acu\u00f1a se reuni\u00f3 con la asamblea de los clubes locales y se cerraron varios acuerdos por parte del municipio, entre ellos el arreglo de la cancha de pasto sint\u00e9tico, el apoyo administrativo para sus gestiones y continuar trabajando en el proyecto de su nuevo recinto deportivo. M\u00e1s de 30 clubes son parte &#8230;<\/p>\n","protected":false},"author":2,"featured_media":10366,"comment_status":"open","ping_status":"open","sticky":false,"template":"","format":"standard","meta":{"footnotes":""},"categories":[5],"tags":[],"class_list":["post-10365","post","type-post","status-publish","format-standard","has-post-thumbnail","hentry","category-actualidad-limarina"],"_links":{"self":[{"href":"https:\/\/www.radiolimari.cl\/index.php?rest_route=\/wp\/v2\/posts\/10365","targetHints":{"allow":["GET"]}}],"collection":[{"href":"https:\/\/www.radiolimari.cl\/index.php?rest_route=\/wp\/v2\/posts"}],"about":[{"href":"https:\/\/www.radiolimari.cl\/index.php?rest_route=\/wp\/v2\/types\/post"}],"author":[{"embeddable":true,"href":"https:\/\/www.radiolimari.cl\/index.php?rest_route=\/wp\/v2\/users\/2"}],"replies":[{"embeddable":true,"href":"https:\/\/www.radiolimari.cl\/index.php?rest_route=%2Fwp%2Fv2%2Fcomments&post=10365"}],"version-history":[{"count":1,"href":"https:\/\/www.radiolimari.cl\/index.php?rest_route=\/wp\/v2\/posts\/10365\/revisions"}],"predecessor-version":[{"id":10367,"href":"https:\/\/www.radiolimari.cl\/index.php?rest_route=\/wp\/v2\/posts\/10365\/revisions\/10367"}],"wp:featuredmedia":[{"embeddable":true,"href":"https:\/\/www.radiolimari.cl\/index.php?rest_route=\/wp\/v2\/media\/10366"}],"wp:attachment":[{"href":"https:\/\/www.radiolimari.cl\/index.php?rest_route=%2Fwp%2Fv2%2Fmedia&parent=10365"}],"wp:term":[{"taxonomy":"category","embeddable":true,"href":"https:\/\/www.radiolimari.cl\/index.php?rest_route=%2Fwp%2Fv2%2Fcategories&post=10365"},{"taxonomy":"post_tag","embeddable":true,"href":"https:\/\/www.radiolimari.cl\/index.php?rest_route=%2Fwp%2Fv2%2Ftags&post=10365"}],"curies":[{"name":"wp","href":"https:\/\/api.w.org\/{rel}","templated":true}]}}