{"id":10358,"date":"2023-12-11T16:44:20","date_gmt":"2023-12-11T16:44:20","guid":{"rendered":"https:\/\/www.radiolimari.cl\/?p=10358"},"modified":"2023-12-11T16:44:22","modified_gmt":"2023-12-11T16:44:22","slug":"ministerio-de-obras-publicas-anuncia-pavimentacion-en-sector-los-canelos-en-la-comuna-de-ovalle","status":"publish","type":"post","link":"https:\/\/www.radiolimari.cl\/?p=10358","title":{"rendered":"Ministerio de Obras P\u00fablicas anuncia pavimentaci\u00f3n en sector Los Canelos en la comuna de Ovalle."},"content":{"rendered":"\n<figure class=\"wp-block-image size-large\"><a href=\"https:\/\/www.radiolimari.cl\/wp-content\/uploads\/2023\/12\/IMG_3375.jpg\"><img fetchpriority=\"high\" decoding=\"async\" width=\"1024\" height=\"683\" src=\"https:\/\/www.radiolimari.cl\/wp-content\/uploads\/2023\/12\/IMG_3375-1024x683.jpg\" alt=\"\" class=\"wp-image-10359\" srcset=\"https:\/\/www.radiolimari.cl\/wp-content\/uploads\/2023\/12\/IMG_3375-1024x683.jpg 1024w, https:\/\/www.radiolimari.cl\/wp-content\/uploads\/2023\/12\/IMG_3375-300x200.jpg 300w, https:\/\/www.radiolimari.cl\/wp-content\/uploads\/2023\/12\/IMG_3375-768x512.jpg 768w, https:\/\/www.radiolimari.cl\/wp-content\/uploads\/2023\/12\/IMG_3375.jpg 1195w\" sizes=\"(max-width: 1024px) 100vw, 1024px\" \/><\/a><\/figure>\n\n\n\n<p>Con mucha alegr\u00eda, las y los vecinos del sector Los Canelos en Ovalle, recibieron la noticia de que el primer semestre de 2024, la Direcci\u00f3n de Vialidad del MOP, comenzar\u00eda las obras de pavimentaci\u00f3n de los primeros 11 kil\u00f3metros del tramo de la ruta D-635, desde Chalinga, partiendo del kil\u00f3metro 17.400 al 28.400.<\/p>\n\n\n\n<p>En paralelo, y una vez que se reciba la admisibilidad del Ministerio de desarrollo social y familia (MDSyF), se trabajar\u00eda en el segundo tramo, que abarcar\u00eda desde el kil\u00f3metro 28.400 al 39.400. La obra \u201cPavimentaci\u00f3n b\u00e1sica de la ruta D-635: Cruce 45-Chalinga-Los Canelos-Parral de Aquiles-Cruce D-617\u201d tendr\u00e1 una inversi\u00f3n de m\u00e1s 4.600 millones de pesos.<\/p>\n\n\n\n<p>Al respecto, el SEREMI MOP Javier Sandoval Guzm\u00e1n, se\u00f1al\u00f3 que \u201csabemos que este es un anhelo de mucho tiempo de las comunidades del sector, as\u00ed como tambi\u00e9n de sus dirigentes. Don M\u00e9rito, por ejemplo, quien es dirigente hist\u00f3rico del sector, lo ha categorizado como un sue\u00f1o en su vida, ver esta ruta pavimentada, as\u00ed que es algo que nos pone inmensamente contentos. Nos llena de orgullo saber que vamos a contribuir con tanta alegr\u00eda, felicidad, tranquilidad y que adem\u00e1s traer\u00e1 oferta de trabajo su construcci\u00f3n y nuevas oportunidades en el futuro a estas comunidades que tanto necesitan este tipo de obras. Efectivamente y como fuera comprometido anteriormente con la comunidad, partiremos este a\u00f1o 2023 licitando el primer tramo 11 km de esta ruta\u201d.<\/p>\n\n\n\n<p>Esto fue apoyado en diversas instancias por el Senador Daniel N\u00fa\u00f1ez y la Diputada Nathalie Castillo. En este sentido, la Diputada Castillo indic\u00f3 que \u201ccreemos que hubo mucha rapidez en las gestiones, tanto del Ministerio de Obras P\u00fablicas pero tambi\u00e9n de diversas actor\u00edas como el ex delegado del Limar\u00ed, hoy delegado presidencial, el senador Daniel N\u00fa\u00f1ez y tambi\u00e9n nuestro trabajo en conjunto con las dirigentas y dirigentes de este sector tan olvidado que es el secano de la provincia del Limar\u00ed. As\u00ed que vamos a comprometer tambi\u00e9n, la instalaci\u00f3n de una mesa h\u00eddrica social para que sigamos tratando otros temas\u201d. Por su parte, el Senador N\u00fa\u00f1ez, se\u00f1al\u00f3 que \u201cel Ministerio de Obras P\u00fablica y el presidente Gabriel Boric en la regi\u00f3n de Coquimbo est\u00e1n cumpliendo todos los compromisos que adquieren con las comunidades y esto, obviamente, nos llena de alegr\u00eda\u201d.<\/p>\n\n\n\n<p>Tambi\u00e9n estuvo presente la reci\u00e9n designada Delegada Presidencial Provincial Marily Escobar, quien se\u00f1al\u00f3 la importancia de la organizaci\u00f3n de las comunidades, \u201cnos vamos muy contentos porque los vecinos de forma organizada, han podido por fin solucionar su problema de a\u00f1os. Hoy ellos ya est\u00e1n contentos porque tienen una respuesta concreta, con fechas de poder solucionar el pavimento que tanto necesitan ellos como conectividad. Adem\u00e1s, agregar que la organizaci\u00f3n de ellos ha generado la unidad de este territorio y para eso nosotros estamos ac\u00e1 para poder acompa\u00f1arlos y poder reforzar y recoger las necesidades frente a la situaci\u00f3n en la que ellos viven\u201d.<\/p>\n\n\n\n<p>Finalmente, las y los vecinos agradecieron las gestiones realizadas para ver su sue\u00f1o cumplido, \u201ccreo que ha habido mucha voluntad del gobierno de estar presente en terreno y poder darle esta buena noticia a la comunidad que desde hace a\u00f1os la esper\u00e1bamos, de verdad que es muy emocionante\u201d, indic\u00f3 Jeannette Andrade, Presidenta de los crianceros de la comuna de Ovalle y vecina de la localidad, mientras que el dirigente M\u00e9rito Cort\u00e9s se\u00f1al\u00f3 emocionado que \u201cme deja tremendamente complacido y creo que esta es la mejor noticia que pudimos recibir los campesinos y campesinas de ac\u00e1 de esta pujante localidad de Los Canelos. Me deja muy complacido y creo que esta s\u00ed que es la realidad de que nos anhelamos por muchos a\u00f1os\u201d.<\/p>\n","protected":false},"excerpt":{"rendered":"<p>Con mucha alegr\u00eda, las y los vecinos del sector Los Canelos en Ovalle, recibieron la noticia de que el primer semestre de 2024, la Direcci\u00f3n de Vialidad del MOP, comenzar\u00eda las obras de pavimentaci\u00f3n de los primeros 11 kil\u00f3metros del tramo de la ruta D-635, desde Chalinga, partiendo del kil\u00f3metro 17.400 al 28.400. En paralelo, &#8230;<\/p>\n","protected":false},"author":2,"featured_media":10359,"comment_status":"open","ping_status":"open","sticky":false,"template":"","format":"standard","meta":{"footnotes":""},"categories":[3],"tags":[],"class_list":["post-10358","post","type-post","status-publish","format-standard","has-post-thumbnail","hentry","category-actualidad"],"_links":{"self":[{"href":"https:\/\/www.radiolimari.cl\/index.php?rest_route=\/wp\/v2\/posts\/10358","targetHints":{"allow":["GET"]}}],"collection":[{"href":"https:\/\/www.radiolimari.cl\/index.php?rest_route=\/wp\/v2\/posts"}],"about":[{"href":"https:\/\/www.radiolimari.cl\/index.php?rest_route=\/wp\/v2\/types\/post"}],"author":[{"embeddable":true,"href":"https:\/\/www.radiolimari.cl\/index.php?rest_route=\/wp\/v2\/users\/2"}],"replies":[{"embeddable":true,"href":"https:\/\/www.radiolimari.cl\/index.php?rest_route=%2Fwp%2Fv2%2Fcomments&post=10358"}],"version-history":[{"count":1,"href":"https:\/\/www.radiolimari.cl\/index.php?rest_route=\/wp\/v2\/posts\/10358\/revisions"}],"predecessor-version":[{"id":10360,"href":"https:\/\/www.radiolimari.cl\/index.php?rest_route=\/wp\/v2\/posts\/10358\/revisions\/10360"}],"wp:featuredmedia":[{"embeddable":true,"href":"https:\/\/www.radiolimari.cl\/index.php?rest_route=\/wp\/v2\/media\/10359"}],"wp:attachment":[{"href":"https:\/\/www.radiolimari.cl\/index.php?rest_route=%2Fwp%2Fv2%2Fmedia&parent=10358"}],"wp:term":[{"taxonomy":"category","embeddable":true,"href":"https:\/\/www.radiolimari.cl\/index.php?rest_route=%2Fwp%2Fv2%2Fcategories&post=10358"},{"taxonomy":"post_tag","embeddable":true,"href":"https:\/\/www.radiolimari.cl\/index.php?rest_route=%2Fwp%2Fv2%2Ftags&post=10358"}],"curies":[{"name":"wp","href":"https:\/\/api.w.org\/{rel}","templated":true}]}}